{"id":87037,"date":"2026-01-26T17:15:48","date_gmt":"2026-01-26T16:15:48","guid":{"rendered":"https:\/\/www.drehbuchwerkstatt.de\/relaunch\/?p=87037"},"modified":"2026-01-27T14:57:20","modified_gmt":"2026-01-27T13:57:20","slug":"filmpreis2026","status":"publish","type":"post","link":"https:\/\/www.drehbuchwerkstatt.de\/relaunch\/2026\/01\/filmpreis2026\/","title":{"rendered":"23.1.2026 BAYERISCHER FILMPREIS: JUBEL F\u00dcR DBW-ABSOLVENT*INNEN!"},"content":{"rendered":"<div class=\"wpb-content-wrapper\"><p>[vc_row][vc_column width=&#8220;1\/2&#8243;][vc_column_text uncode_shortcode_id=&#8220;120273&#8243;][vc_custom_heading heading_semantic=&#8220;h5&#8243; text_size=&#8220;h5&#8243; text_font=&#8220;font-672269&#8243; text_weight=&#8220;300&#8243; text_transform=&#8220;uppercase&#8220; text_color=&#8220;color-dfgh&#8220;]DREHBUCHWERKSTATT M\u00dcNCHEN[\/vc_custom_heading][vc_custom_heading heading_semantic=&#8220;h1&#8243; text_size=&#8220;h1&#8243; text_font=&#8220;font-672269&#8243; text_weight=&#8220;300&#8243; text_color=&#8220;accent&#8220; separator=&#8220;yes&#8220; separator_color=&#8220;yes&#8220; separator_double=&#8220;yes&#8220;]BAYERISCHER FILMPREIS 2025![\/vc_custom_heading]<\/p>\n<p><strong>Zwei Bayerische Filmpreise an Drehbuchwerkstatt Absolvent:innen verliehen: Yvonne G\u00f6rlach und Florian David Fitz &#8211; wir gratulieren sehr herzlich und freuen uns!<\/strong><\/p>\n<p>Am Freitagabend (23.1.2026) wurde im M\u00fcnchner Prinzregententheater der Bayerische Filmpreis 2025 verliehen. Die Drehbuchwerkstatt M\u00fcnchen war unter den Preistr\u00e4ger:innen gleich doppelt vertreten. Florian David Fitz bekam den Ehrenpreis des Ministerpr\u00e4sidenten und Yvonne G\u00f6rlach erhielt in der Kategorie Drehbuch die Auszeichnung f\u00fcr ihr Drehbuch zum Spielfilm KARLA.[\/vc_column_text][\/vc_column][vc_column width=&#8220;1\/2&#8243;][vc_single_image media=&#8220;87041&#8243; media_lightbox=&#8220;yes&#8220; media_width_percent=&#8220;100&#8243; advanced=&#8220;yes&#8220; media_items=&#8220;media|original,caption&#8220; media_overlay_opacity=&#8220;1&#8243; media_text_visible=&#8220;yes&#8220; media_h_align=&#8220;center&#8220; media_v_position=&#8220;bottom&#8220; media_h_position=&#8220;center&#8220; media_padding=&#8220;2&#8243; lbox_caption=&#8220;yes&#8220; uncode_shortcode_id=&#8220;114741&#8243;][\/vc_column][\/vc_row][vc_row][vc_column width=&#8220;1\/2&#8243;][vc_single_image media=&#8220;87046&#8243; media_lightbox=&#8220;yes&#8220; media_width_percent=&#8220;100&#8243; advanced=&#8220;yes&#8220; media_items=&#8220;media|original,caption&#8220; media_overlay_opacity=&#8220;1&#8243; media_text_visible=&#8220;yes&#8220; media_h_align=&#8220;center&#8220; media_v_position=&#8220;bottom&#8220; media_h_position=&#8220;center&#8220; media_padding=&#8220;2&#8243; lbox_caption=&#8220;yes&#8220; uncode_shortcode_id=&#8220;190440&#8243;][vc_single_image media=&#8220;87047&#8243; media_lightbox=&#8220;yes&#8220; media_width_percent=&#8220;100&#8243; advanced=&#8220;yes&#8220; media_items=&#8220;media|original,caption&#8220; media_overlay_opacity=&#8220;50&#8243; media_text_visible=&#8220;yes&#8220; media_h_align=&#8220;center&#8220; media_v_position=&#8220;bottom&#8220; media_h_position=&#8220;center&#8220; media_padding=&#8220;2&#8243; lbox_caption=&#8220;yes&#8220; uncode_shortcode_id=&#8220;211689&#8243;][vc_single_image media=&#8220;87040&#8243; media_lightbox=&#8220;yes&#8220; media_width_percent=&#8220;100&#8243; advanced=&#8220;yes&#8220; media_items=&#8220;media|original,caption&#8220; media_overlay_opacity=&#8220;50&#8243; media_text_visible=&#8220;yes&#8220; media_h_align=&#8220;center&#8220; media_v_position=&#8220;bottom&#8220; media_h_position=&#8220;center&#8220; media_padding=&#8220;2&#8243; lbox_caption=&#8220;yes&#8220; uncode_shortcode_id=&#8220;113024&#8243;][\/vc_column][vc_column width=&#8220;1\/2&#8243;][vc_column_text uncode_shortcode_id=&#8220;190681&#8243;][vc_custom_heading heading_semantic=&#8220;h5&#8243; text_size=&#8220;h5&#8243; text_font=&#8220;font-672269&#8243; text_weight=&#8220;300&#8243; text_transform=&#8220;uppercase&#8220; text_color=&#8220;color-dfgh&#8220;]BAYERISCHER FILMPREIS 2025[\/vc_custom_heading][vc_custom_heading heading_semantic=&#8220;h1&#8243; text_size=&#8220;h1&#8243; text_font=&#8220;font-672269&#8243; text_weight=&#8220;300&#8243; text_color=&#8220;accent&#8220; separator=&#8220;yes&#8220; separator_color=&#8220;yes&#8220; separator_double=&#8220;yes&#8220;]EHRENPREIS F\u00dcR FLORIAN DAVID FITZ![\/vc_custom_heading]<\/p>\n<p>Drehbuchwerkstatt Absolvent Florian David Fitz wurde mit dem Preis des Ministerpr\u00e4sidenten ausgezeichnet. In der Pressemitteilung der Staatskanzlei hei\u00dft es:<\/p>\n<blockquote><p>\u201eFlorian David Fitz ber\u00fchrt und begeistert Millionen Fans. Als Schauspieler, Autor und Regisseur schafft er Werke voller Humor, Herz und Tiefgang. Der M\u00fcnchner ist ein echter Leinwand-Star. Mit Filmen wie \u201eVincent will Meer\u201c, \u201eWillkommen bei den Hartmanns\u201c, \u201eOskars Kleid\u201c und \u201eDer Vorname\u201c pr\u00e4gt er die Kinoleinwand und bereichert die deutsche Filmkultur. Immer authentisch schafft er vielschichtige Charaktere und h\u00e4lt uns und der Gesellschaft immer wieder charmant den Spiegel vor. Und noch dazu \u00fcbernimmt Florian David Fitz durch sein soziales Engagement gesellschaftliche Verantwortung f\u00fcr Menschen in schwierigen Lebenssituationen. Alles Gute und auf viele weitere Filme! Ich schaue immer wieder sehr gerne zu.\u201c<\/p><\/blockquote>\n<p>Florian David Fitz war Teilnehmer der 19. Drehbuchwerkstatt M\u00fcnchen (2007\/2008). Er entwickelte damals das Drehbuch zu VINCENT WILL MEER, nur zwei Jahre sp\u00e4ter auf der Kinoleinwand zu sehen war. Florian David Fitz spielte die Titelrolle.<\/p>\n<p>VINCENT WILL MEER wurde mit dem Bayerischen Filmpreis 2010 in den Kategorien Publikumspreis und Drehbuch ausgezeichnet und erhielt den Deutschen Filmpreis 2011 in den Kategorien Bester Film und Bester Hauptdarsteller f\u00fcr Florian David Fitz.<\/p>\n<hr \/>\n<p><img decoding=\"async\" class=\"alignleft wp-image-84377\" src=\"https:\/\/www.drehbuchwerkstatt.de\/relaunch\/wp-content\/uploads\/2023\/03\/dbw_icons_link-150x150.png\" alt=\"\" width=\"20\" height=\"20\" srcset=\"https:\/\/www.drehbuchwerkstatt.de\/relaunch\/wp-content\/uploads\/2023\/03\/dbw_icons_link-150x150.png 150w, https:\/\/www.drehbuchwerkstatt.de\/relaunch\/wp-content\/uploads\/2023\/03\/dbw_icons_link-300x300.png 300w, https:\/\/www.drehbuchwerkstatt.de\/relaunch\/wp-content\/uploads\/2023\/03\/dbw_icons_link-350x350.png 350w, https:\/\/www.drehbuchwerkstatt.de\/relaunch\/wp-content\/uploads\/2023\/03\/dbw_icons_link-348x348.png 348w, https:\/\/www.drehbuchwerkstatt.de\/relaunch\/wp-content\/uploads\/2023\/03\/dbw_icons_link.png 500w\" sizes=\"(max-width: 20px) 100vw, 20px\" \/><a href=\"https:\/\/www.bayern.de\/bayerischer-filmpreis-ministerpraesident-dr-markus-soeder-verleiht-ehrenpreis-an-florian-david-fitz\/\" target=\"_blank\" rel=\"noopener\">Staatskanzlei Pressemitteilung<\/a>[\/vc_column_text][\/vc_column][\/vc_row][vc_row][vc_column width=&#8220;1\/2&#8243;][vc_column_text uncode_shortcode_id=&#8220;892861&#8243;][vc_custom_heading heading_semantic=&#8220;h5&#8243; text_size=&#8220;h5&#8243; text_font=&#8220;font-672269&#8243; text_weight=&#8220;300&#8243; text_transform=&#8220;uppercase&#8220; text_color=&#8220;color-dfgh&#8220;]BAYERISCHER FILMPREIS 2025[\/vc_custom_heading][vc_custom_heading heading_semantic=&#8220;h1&#8243; text_size=&#8220;h1&#8243; text_font=&#8220;font-672269&#8243; text_weight=&#8220;300&#8243; text_color=&#8220;accent&#8220; separator=&#8220;yes&#8220; separator_color=&#8220;yes&#8220; separator_double=&#8220;yes&#8220;]YVONNE G\u00d6RLACH F\u00dcR DIE KATEGORIE DREHBUCH[\/vc_custom_heading]<\/p>\n<p><strong>Yvonne G\u00f6rlach wurde f\u00fcr ihr Drehbuch KARLA ausgezeichnet! In der Jurybegr\u00fcndung\/Pressemitteilung hei\u00dft es:<\/strong><\/p>\n<blockquote><p>\u201eVor 13 Jahren entschloss sich die Drehbuchautorin Yvonne G\u00f6rlach, dass diese Geschichte erz\u00e4hlt werden muss. \u201eDenn Karla\u201c, das 12-j\u00e4hrige M\u00e4dchen, das im gleichnamigen Debut unter der Regie von Christina Tournatz\u00e9s unbeirrt um seine W\u00fcrde und f\u00fcr Gerechtigkeit k\u00e4mpft, \u201ek\u00f6nne mit ihrer St\u00e4rke und Willenskraft auch heute noch viel bewirken\u201c, so die Autorin. Von da an recherchierte sie unerm\u00fcdlich die Hintergr\u00fcnde dieser wahren Geschichte und verdichtete das Gefundene zu einer zeitlosen, universellen und trotz der Schwere des Themas poetischen Geschichte. In ihrem eindrucksvollen Drehbuch ersetzen Gesten und Bilder die Worte, die der Heldin fehlen. So schenkt Richter Lamy Karla eine Stimmgabel, die sie jedes Mal erklingen lassen kann, wenn die Schilderung der Details f\u00fcr sie zu schmerzhaft w\u00e4re. Auf die Frage des Richters, wie oft sie den sexuellen Missbrauch durch ihren Vater erdulden musste \u2013 das Gericht brauche eine Zahl als Ma\u00df daf\u00fcr, wie \u201aschlimm\u2018 es gewesen sei, erwidert das M\u00e4dchen: \u201eAber wieviel ist \u201aschlimm\u2018?\u201c Das ist auch heute noch dr\u00e4ngend und aktuell \u2013 vielleicht mehr denn je.\u201c<\/p><\/blockquote>\n<p>Yvonne G\u00f6rlach war Teilnehmerin der 11. Drehbuchwerkstatt (1999\/2000). Einige Jahre sp\u00e4ter kehrte sie als Drehbuchmentorin an die Drehbuchwerkstatt zur\u00fcck. Sie betreute u.a. S\u00f6hnke Andresen und Jan Schomburg bei der Entwicklung ihrer Drehb\u00fccher. Beide Drehb\u00fccher wurden realisiert. S\u00f6hnke Andresens Drehbuch FAMILIE LOTZMANN AUF DEN BARRIKADEN wurde mit dem Tankred-Dorst Drehbuchpreis ausgezeichnet und von Alex Ranisch realisiert. Jan Schomburg f\u00fchrte beim Spielfilm DER G\u00d6TTLICHE ANDERE selbst Regie. Yvonne G\u00f6rlach ist auch seit vielen Jahren Drehbuch-Betreuerin bei den Kolleg:innen des N\u00fcrnberger Autor*innenstipendium Drehbuch.<\/p>\n<p>KARLA ist seit seiner Premiere beim M\u00fcnchner Filmfest vergangenes Jahr auf Erfolgskurs. In M\u00fcnchen wurde der Spielfilm beim F\u00f6rderpreis Neues Deutsches Kino in den Kategorien Drehbuch Yvonne G\u00f6rlach und Regie Christina Tournatz\u00e9s ausgezeichnet. Seither kamen viele weitere Preise &#8211; gerade auch f\u00fcr das Drehbuch \u2013 hinzu. \u00dcbrigens schrieb den Schluss-Song im Film \u201eDivine Light\u201c Drehbuchwerkstatt Absolvent Joachim Sch\u00f6nig (14. DW 2002\/2003).<\/p>\n<p>Das KARLA-Team konnte sich am Freitag Abend \u00fcber einen weiteren Bayerischen Filmpreis freuen: Rainer Bock wurde als Bester Darsteller f\u00fcr seine Rolle in \u201eKarla\u201c geehrt.[\/vc_column_text][\/vc_column][vc_column width=&#8220;1\/2&#8243;][vc_single_image media=&#8220;87045&#8243; media_lightbox=&#8220;yes&#8220; media_width_percent=&#8220;100&#8243; advanced=&#8220;yes&#8220; media_items=&#8220;media|original,caption&#8220; media_overlay_opacity=&#8220;50&#8243; media_text_visible=&#8220;yes&#8220; media_h_align=&#8220;center&#8220; media_v_position=&#8220;bottom&#8220; media_h_position=&#8220;center&#8220; media_padding=&#8220;2&#8243; lbox_caption=&#8220;yes&#8220; uncode_shortcode_id=&#8220;114910&#8243;][vc_single_image media=&#8220;87044&#8243; media_lightbox=&#8220;yes&#8220; media_width_percent=&#8220;100&#8243; advanced=&#8220;yes&#8220; media_items=&#8220;media|original,caption&#8220; media_overlay_opacity=&#8220;50&#8243; media_text_visible=&#8220;yes&#8220; media_h_align=&#8220;center&#8220; media_v_position=&#8220;bottom&#8220; media_h_position=&#8220;center&#8220; media_padding=&#8220;2&#8243; lbox_caption=&#8220;yes&#8220; uncode_shortcode_id=&#8220;689160&#8243;][vc_single_image media=&#8220;87039&#8243; media_lightbox=&#8220;yes&#8220; media_width_percent=&#8220;100&#8243; advanced=&#8220;yes&#8220; media_items=&#8220;media|original,caption&#8220; media_overlay_opacity=&#8220;50&#8243; media_text_visible=&#8220;yes&#8220; media_h_align=&#8220;center&#8220; media_v_position=&#8220;bottom&#8220; media_h_position=&#8220;center&#8220; media_padding=&#8220;2&#8243; lbox_caption=&#8220;yes&#8220; uncode_shortcode_id=&#8220;713372&#8243;][vc_single_image media=&#8220;86774&#8243; media_width_percent=&#8220;100&#8243; uncode_shortcode_id=&#8220;920830&#8243;][\/vc_column][\/vc_row]<\/p>\n<\/div>","protected":false},"excerpt":{"rendered":"<p>Am 23.1.2026 wurde im M\u00fcnchner Prinzregententheater der Bayerische Filmpreis verliehen. Die Drehbuchwerkstatt M\u00fcnchen war unter den Preistr\u00e4ger:innen gleich doppelt vertreten!<\/p>\n","protected":false},"author":1,"featured_media":87041,"comment_status":"closed","ping_status":"closed","sticky":false,"template":"","format":"standard","meta":{"footnotes":""},"categories":[1,18,21,22],"tags":[29,30,45,63,64,234,251,252,253,254,255],"class_list":["post-87037","post","type-post","status-publish","format-standard","has-post-thumbnail","hentry","category-allgemein","category-schaufenster","category-erfolge","category-echo","tag-drehbuchwerkstatt","tag-muenchen","tag-drehbuch","tag-filmpreis","tag-preis","tag-fitz","tag-bayerischer","tag-goerlach","tag-karla","tag-prinzregententheater","tag-soeder"],"_links":{"self":[{"href":"https:\/\/www.drehbuchwerkstatt.de\/relaunch\/wp-json\/wp\/v2\/posts\/87037","targetHints":{"allow":["GET"]}}],"collection":[{"href":"https:\/\/www.drehbuchwerkstatt.de\/relaunch\/wp-json\/wp\/v2\/posts"}],"about":[{"href":"https:\/\/www.drehbuchwerkstatt.de\/relaunch\/wp-json\/wp\/v2\/types\/post"}],"author":[{"embeddable":true,"href":"https:\/\/www.drehbuchwerkstatt.de\/relaunch\/wp-json\/wp\/v2\/users\/1"}],"replies":[{"embeddable":true,"href":"https:\/\/www.drehbuchwerkstatt.de\/relaunch\/wp-json\/wp\/v2\/comments?post=87037"}],"version-history":[{"count":12,"href":"https:\/\/www.drehbuchwerkstatt.de\/relaunch\/wp-json\/wp\/v2\/posts\/87037\/revisions"}],"predecessor-version":[{"id":87056,"href":"https:\/\/www.drehbuchwerkstatt.de\/relaunch\/wp-json\/wp\/v2\/posts\/87037\/revisions\/87056"}],"wp:featuredmedia":[{"embeddable":true,"href":"https:\/\/www.drehbuchwerkstatt.de\/relaunch\/wp-json\/wp\/v2\/media\/87041"}],"wp:attachment":[{"href":"https:\/\/www.drehbuchwerkstatt.de\/relaunch\/wp-json\/wp\/v2\/media?parent=87037"}],"wp:term":[{"taxonomy":"category","embeddable":true,"href":"https:\/\/www.drehbuchwerkstatt.de\/relaunch\/wp-json\/wp\/v2\/categories?post=87037"},{"taxonomy":"post_tag","embeddable":true,"href":"https:\/\/www.drehbuchwerkstatt.de\/relaunch\/wp-json\/wp\/v2\/tags?post=87037"}],"curies":[{"name":"wp","href":"https:\/\/api.w.org\/{rel}","templated":true}]}}