{"id":86929,"date":"2025-12-01T15:52:23","date_gmt":"2025-12-01T14:52:23","guid":{"rendered":"https:\/\/www.drehbuchwerkstatt.de\/relaunch\/?p=86929"},"modified":"2025-12-23T07:15:55","modified_gmt":"2025-12-23T06:15:55","slug":"doublefeature2025","status":"publish","type":"post","link":"https:\/\/www.drehbuchwerkstatt.de\/relaunch\/2025\/12\/doublefeature2025\/","title":{"rendered":"AudioFictionLab 2025: DOUBLE FEATURE f\u00fcr die Ohren \u2013 LAMYA\u2018S BUCH DER SCHARLATANE und NIXE"},"content":{"rendered":"<div class=\"wpb-content-wrapper\"><p>[vc_row][vc_column width=&#8220;1\/2&#8243;][vc_column_text uncode_shortcode_id=&#8220;185054&#8243;][vc_custom_heading heading_semantic=&#8220;h5&#8243; text_size=&#8220;h5&#8243; text_font=&#8220;font-672269&#8243; text_weight=&#8220;300&#8243; text_transform=&#8220;uppercase&#8220; text_color=&#8220;color-dfgh&#8220;]H\u00d6R ZU![\/vc_custom_heading][vc_custom_heading heading_semantic=&#8220;h1&#8243; text_size=&#8220;h1&#8243; text_font=&#8220;font-672269&#8243; text_weight=&#8220;300&#8243; text_color=&#8220;accent&#8220; separator=&#8220;yes&#8220; separator_color=&#8220;yes&#8220; separator_double=&#8220;yes&#8220;]DOUBLE FEATURE F\u00dcR DIE OHREN![\/vc_custom_heading]<\/p>\n<p><strong>In unserem AudioFiction Lab im Oktober 2024 entwickelten die Autor:innen Andrea Geissler\/Amal El Ommali und Tia Morgen die H\u00f6rserien \u2013 Ideen aus ihren Bewerbungen beim AudienceFirst Storytelling Lab in einer Woche weiter. Es entstand eine Beispielszene, die sie beim Pitch vor einem Jahr vorstellen und jetzt k\u00f6nnt ihr sie H\u00d6REN. NIXE von Tia Morgen startet am kommenden Donnerstag in der ARD Audiothek.<\/strong>[\/vc_column_text][\/vc_column][vc_column width=&#8220;1\/2&#8243;][vc_single_image media=&#8220;86949&#8243; media_width_percent=&#8220;100&#8243; uncode_shortcode_id=&#8220;198906&#8243;][\/vc_column][\/vc_row][vc_row][vc_column width=&#8220;1\/2&#8243;][vc_single_image media=&#8220;86935&#8243; media_lightbox=&#8220;yes&#8220; media_width_percent=&#8220;100&#8243; advanced=&#8220;yes&#8220; media_items=&#8220;media|original,caption&#8220; media_overlay_color=&#8220;accent&#8220; media_overlay_coloration=&#8220;bottom_gradient&#8220; media_overlay_opacity=&#8220;50&#8243; media_overlay_visible=&#8220;yes&#8220; media_overlay_anim=&#8220;no&#8220; media_text_visible=&#8220;yes&#8220; media_text_anim=&#8220;no&#8220; media_h_align=&#8220;center&#8220; media_v_position=&#8220;bottom&#8220; media_padding=&#8220;2&#8243; uncode_shortcode_id=&#8220;123385&#8243; media_overlay_color_type=&#8220;uncode-palette&#8220;][vc_single_image media=&#8220;86940&#8243; media_lightbox=&#8220;yes&#8220; media_width_percent=&#8220;100&#8243; uncode_shortcode_id=&#8220;869885&#8243;][\/vc_column][vc_column width=&#8220;1\/2&#8243;][vc_column_text uncode_shortcode_id=&#8220;208191&#8243;][vc_custom_heading heading_semantic=&#8220;h5&#8243; text_size=&#8220;h5&#8243; text_font=&#8220;font-672269&#8243; text_weight=&#8220;300&#8243; text_transform=&#8220;uppercase&#8220; text_color=&#8220;color-dfgh&#8220;]Andrea Geissler | Amal El Ommali[\/vc_custom_heading][vc_custom_heading heading_semantic=&#8220;h1&#8243; text_size=&#8220;h1&#8243; text_font=&#8220;font-672269&#8243; text_weight=&#8220;300&#8243; text_color=&#8220;accent&#8220; separator=&#8220;yes&#8220; separator_color=&#8220;yes&#8220; separator_double=&#8220;yes&#8220;]LAMYA\u2018S BUCH DER SCHARLATANE[\/vc_custom_heading]<\/p>\n<p>Das k\u00f6nnt ihr sofort anh\u00f6ren! Inhalt: Die in Frankfurt lebende Jura-Studentin Lamya entdeckt das uralte &#8222;Buch der Scharlatane&#8220;, das seit Generationen im Familienbesitz ist. Werden die Tricks aus dem Buch und die darin eingeschlossene Djinnia Aisha Kandisha sich als Fluch oder Segen f\u00fcr ihr Leben herausstellen?<\/p>\n<hr \/>\n<p><img decoding=\"async\" class=\"alignleft wp-image-84377\" src=\"https:\/\/www.drehbuchwerkstatt.de\/relaunch\/wp-content\/uploads\/2023\/03\/dbw_icons_link-150x150.png\" alt=\"\" width=\"20\" height=\"20\" srcset=\"https:\/\/www.drehbuchwerkstatt.de\/relaunch\/wp-content\/uploads\/2023\/03\/dbw_icons_link-150x150.png 150w, https:\/\/www.drehbuchwerkstatt.de\/relaunch\/wp-content\/uploads\/2023\/03\/dbw_icons_link-300x300.png 300w, https:\/\/www.drehbuchwerkstatt.de\/relaunch\/wp-content\/uploads\/2023\/03\/dbw_icons_link-350x350.png 350w, https:\/\/www.drehbuchwerkstatt.de\/relaunch\/wp-content\/uploads\/2023\/03\/dbw_icons_link-348x348.png 348w, https:\/\/www.drehbuchwerkstatt.de\/relaunch\/wp-content\/uploads\/2023\/03\/dbw_icons_link.png 500w\" sizes=\"(max-width: 20px) 100vw, 20px\" \/><a href=\"https:\/\/www.ardaudiothek.de\/sendung\/lamyas-buch-der-scharlatane-ard-hoerspiel-serie\/urn:ard:show:2fcd2d4965e7303e\/\" target=\"_blank\" rel=\"noopener\">LINK zur Sendung in der ARD AUDIOTHEK!<\/a><\/p>\n<p><img decoding=\"async\" class=\"alignleft wp-image-84377\" src=\"https:\/\/www.drehbuchwerkstatt.de\/relaunch\/wp-content\/uploads\/2023\/03\/dbw_icons_link-150x150.png\" alt=\"\" width=\"20\" height=\"20\" srcset=\"https:\/\/www.drehbuchwerkstatt.de\/relaunch\/wp-content\/uploads\/2023\/03\/dbw_icons_link-150x150.png 150w, https:\/\/www.drehbuchwerkstatt.de\/relaunch\/wp-content\/uploads\/2023\/03\/dbw_icons_link-300x300.png 300w, https:\/\/www.drehbuchwerkstatt.de\/relaunch\/wp-content\/uploads\/2023\/03\/dbw_icons_link-350x350.png 350w, https:\/\/www.drehbuchwerkstatt.de\/relaunch\/wp-content\/uploads\/2023\/03\/dbw_icons_link-348x348.png 348w, https:\/\/www.drehbuchwerkstatt.de\/relaunch\/wp-content\/uploads\/2023\/03\/dbw_icons_link.png 500w\" sizes=\"(max-width: 20px) 100vw, 20px\" \/><a href=\"https:\/\/www.instagram.com\/andrea_geissler_ffm\/\" target=\"_blank\" rel=\"noopener\">Autorin Andrea Geissler (Insta)<\/a><\/p>\n<p><img decoding=\"async\" class=\"alignleft wp-image-84377\" src=\"https:\/\/www.drehbuchwerkstatt.de\/relaunch\/wp-content\/uploads\/2023\/03\/dbw_icons_link-150x150.png\" alt=\"\" width=\"20\" height=\"20\" srcset=\"https:\/\/www.drehbuchwerkstatt.de\/relaunch\/wp-content\/uploads\/2023\/03\/dbw_icons_link-150x150.png 150w, https:\/\/www.drehbuchwerkstatt.de\/relaunch\/wp-content\/uploads\/2023\/03\/dbw_icons_link-300x300.png 300w, https:\/\/www.drehbuchwerkstatt.de\/relaunch\/wp-content\/uploads\/2023\/03\/dbw_icons_link-350x350.png 350w, https:\/\/www.drehbuchwerkstatt.de\/relaunch\/wp-content\/uploads\/2023\/03\/dbw_icons_link-348x348.png 348w, https:\/\/www.drehbuchwerkstatt.de\/relaunch\/wp-content\/uploads\/2023\/03\/dbw_icons_link.png 500w\" sizes=\"(max-width: 20px) 100vw, 20px\" \/><a href=\"https:\/\/www.instagram.com\/mademoiselle.amaal\/\" target=\"_blank\" rel=\"noopener\">Autorin Amal El Ommali (Insta) <\/a>[\/vc_column_text][\/vc_column][\/vc_row][vc_row][vc_column width=&#8220;1\/2&#8243;][vc_column_text uncode_shortcode_id=&#8220;104116&#8243;][vc_custom_heading heading_semantic=&#8220;h5&#8243; text_size=&#8220;h5&#8243; text_font=&#8220;font-672269&#8243; text_weight=&#8220;300&#8243; text_transform=&#8220;uppercase&#8220; text_color=&#8220;color-dfgh&#8220;]Tia Morgen[\/vc_custom_heading][vc_custom_heading heading_semantic=&#8220;h1&#8243; text_size=&#8220;h1&#8243; text_font=&#8220;font-672269&#8243; text_weight=&#8220;300&#8243; text_color=&#8220;accent&#8220; separator=&#8220;yes&#8220; separator_color=&#8220;yes&#8220; separator_double=&#8220;yes&#8220;]NIXE[\/vc_custom_heading]<\/p>\n<p><strong>NIXE &#8211; Eine Liebe, die zum Albtraum wird von Tia Morgen (startet am 5.12.2025 in der ARD-Audiothek!)<\/strong><\/p>\n<p>In ihrem Podcast &#8222;Open Frequency&#8220; spricht Jara offen und schamlos \u00fcber Lust, Sex und Begehren. F\u00fcr eine neue Folge recherchiert sie zu Gewalt in queeren Beziehungen. Dann taucht pl\u00f6tzlich Tonia wieder auf, Jaras ehemalige Schwimmtrainerin, und ihre erste lesbische Liebe. Eine alte Verbindung flammt auf &#8211; voller Anziehung, Z\u00e4rtlichkeit und N\u00e4he. W\u00e4hrend Jara f\u00fcr ihren Podcast Betroffene queerer Beziehungsgewalt interviewt, wird sie selbst immer tiefer in eine Dynamik aus Abh\u00e4ngigkeit und Macht gezogen.<\/p>\n<p>F\u00fcr ihr zweiteiliges H\u00f6rspiel NIXE hat die Autorin, Regisseurin und Produzentin Tia Morgen mit Menschen gesprochen, die psychische oder physische Gewalt in queeren Beziehungen erlebt haben. Aus diesen Gespr\u00e4chen entstand ein atmosph\u00e4risch dichtes und emotional mitrei\u00dfendes Audio-Drama mit einem Sound, der ebenso zart wie eindringlich ist &#8211; inszeniert mit einem queeren Ensemble. Der Soundtrack von Philo Tsoungui bewegt sich zwischen Trap, UK Garage und sirenenhaften Klangfl\u00e4chen. Ungefiltert und soghaft erz\u00e4hlt NIXE von Lebensrealit\u00e4ten, die allzu oft eine Leerstelle bleiben. (Quelle: WDR)<\/p>\n<hr \/>\n<p><img decoding=\"async\" class=\"alignleft wp-image-84377\" src=\"https:\/\/www.drehbuchwerkstatt.de\/relaunch\/wp-content\/uploads\/2023\/03\/dbw_icons_link-150x150.png\" alt=\"\" width=\"20\" height=\"20\" srcset=\"https:\/\/www.drehbuchwerkstatt.de\/relaunch\/wp-content\/uploads\/2023\/03\/dbw_icons_link-150x150.png 150w, https:\/\/www.drehbuchwerkstatt.de\/relaunch\/wp-content\/uploads\/2023\/03\/dbw_icons_link-300x300.png 300w, https:\/\/www.drehbuchwerkstatt.de\/relaunch\/wp-content\/uploads\/2023\/03\/dbw_icons_link-350x350.png 350w, https:\/\/www.drehbuchwerkstatt.de\/relaunch\/wp-content\/uploads\/2023\/03\/dbw_icons_link-348x348.png 348w, https:\/\/www.drehbuchwerkstatt.de\/relaunch\/wp-content\/uploads\/2023\/03\/dbw_icons_link.png 500w\" sizes=\"(max-width: 20px) 100vw, 20px\" \/><a href=\"https:\/\/www1.wdr.de\/radio\/1live\/podcast\/1live-soundstories\/hoerspiel-nixe-lgbtq-drama-100.html\" target=\"_blank\" rel=\"noopener\">Preview im WDR<\/a><\/p>\n<p><img decoding=\"async\" class=\"alignleft wp-image-84377\" src=\"https:\/\/www.drehbuchwerkstatt.de\/relaunch\/wp-content\/uploads\/2023\/03\/dbw_icons_link-150x150.png\" alt=\"\" width=\"20\" height=\"20\" srcset=\"https:\/\/www.drehbuchwerkstatt.de\/relaunch\/wp-content\/uploads\/2023\/03\/dbw_icons_link-150x150.png 150w, https:\/\/www.drehbuchwerkstatt.de\/relaunch\/wp-content\/uploads\/2023\/03\/dbw_icons_link-300x300.png 300w, https:\/\/www.drehbuchwerkstatt.de\/relaunch\/wp-content\/uploads\/2023\/03\/dbw_icons_link-350x350.png 350w, https:\/\/www.drehbuchwerkstatt.de\/relaunch\/wp-content\/uploads\/2023\/03\/dbw_icons_link-348x348.png 348w, https:\/\/www.drehbuchwerkstatt.de\/relaunch\/wp-content\/uploads\/2023\/03\/dbw_icons_link.png 500w\" sizes=\"(max-width: 20px) 100vw, 20px\" \/><a href=\"https:\/\/www.instagram.com\/tia_morgen\/\" target=\"_blank\" rel=\"noopener\">Autorin Tia Morgen (Insta)<\/a>[\/vc_column_text][\/vc_column][vc_column width=&#8220;1\/2&#8243;][vc_single_image media=&#8220;86934&#8243; media_lightbox=&#8220;yes&#8220; media_width_percent=&#8220;100&#8243; advanced=&#8220;yes&#8220; media_items=&#8220;media|original,caption&#8220; media_overlay_coloration=&#8220;bottom_gradient&#8220; media_overlay_opacity=&#8220;50&#8243; media_overlay_anim=&#8220;no&#8220; media_text_visible=&#8220;yes&#8220; media_text_anim=&#8220;no&#8220; media_h_align=&#8220;center&#8220; media_v_position=&#8220;bottom&#8220; media_h_position=&#8220;center&#8220; media_padding=&#8220;2&#8243; lbox_caption=&#8220;yes&#8220; uncode_shortcode_id=&#8220;947056&#8243;][vc_single_image media=&#8220;86939&#8243; media_lightbox=&#8220;yes&#8220; media_width_percent=&#8220;100&#8243; advanced=&#8220;yes&#8220; media_items=&#8220;media|original,caption&#8220; media_overlay_opacity=&#8220;50&#8243; media_text_visible=&#8220;yes&#8220; media_h_align=&#8220;center&#8220; media_v_position=&#8220;bottom&#8220; media_h_position=&#8220;center&#8220; media_padding=&#8220;2&#8243; lbox_caption=&#8220;yes&#8220; uncode_shortcode_id=&#8220;717883&#8243;][\/vc_column][\/vc_row][vc_row][vc_column width=&#8220;1\/2&#8243;][vc_single_image media=&#8220;86938&#8243; media_lightbox=&#8220;yes&#8220; media_width_percent=&#8220;100&#8243; uncode_shortcode_id=&#8220;153340&#8243;][\/vc_column][vc_column width=&#8220;1\/2&#8243;][vc_column_text uncode_shortcode_id=&#8220;624533&#8243;][vc_custom_heading heading_semantic=&#8220;h5&#8243; text_size=&#8220;h5&#8243; text_font=&#8220;font-672269&#8243; text_weight=&#8220;300&#8243; text_transform=&#8220;uppercase&#8220; text_color=&#8220;color-dfgh&#8220;]PRE LISTENING[\/vc_custom_heading][vc_custom_heading heading_semantic=&#8220;h1&#8243; text_size=&#8220;h1&#8243; text_font=&#8220;font-672269&#8243; text_weight=&#8220;300&#8243; text_color=&#8220;accent&#8220; separator=&#8220;yes&#8220; separator_color=&#8220;yes&#8220; separator_double=&#8220;yes&#8220;]OKTOBER 2025![\/vc_custom_heading]<\/p>\n<p>Mitte Oktober 2025 waren die Autor:innen zu einem Pre-Listening Abend an die HFF M\u00fcnchen eingeladen. Andrea Geissler\/Amal El Ommali und Tia Morgen haben uns ein den Weg von der Idee bis zur Fertigstellung der beiden H\u00f6rserien erz\u00e4hlt und ein unterhaltsames Behind the Scenes mitgebracht. Hier Fotos von der Veranstaltung und den Autor:innen.<\/p>\n<hr \/>\n<p>\u00a9 Fotos M\u00fcnchen Pre Listening: Simone H\u00f6rmann[\/vc_column_text][\/vc_column][\/vc_row][vc_row][vc_column width=&#8220;1\/2&#8243;][vc_column_text uncode_shortcode_id=&#8220;966266&#8243;][vc_custom_heading heading_semantic=&#8220;h5&#8243; text_size=&#8220;h5&#8243; text_font=&#8220;font-672269&#8243; text_weight=&#8220;300&#8243; text_transform=&#8220;uppercase&#8220; text_color=&#8220;color-dfgh&#8220;]ZUGABE![\/vc_custom_heading][vc_custom_heading heading_semantic=&#8220;h1&#8243; text_size=&#8220;h1&#8243; text_font=&#8220;font-672269&#8243; text_weight=&#8220;300&#8243; text_color=&#8220;accent&#8220; separator=&#8220;yes&#8220; separator_color=&#8220;yes&#8220; separator_double=&#8220;yes&#8220;]NOCH MEHR?[\/vc_custom_heading]<\/p>\n<p><strong>MEIN LEBEN ALS SPAM von Hans Christoph B\u00f6hringer | SciFi-Satire 8 x 25 Minuten<\/strong><\/p>\n<p>Hans Christoph B\u00f6hringer war im Oktober 2023 Teilnehmer unseres AudioFiction Labs 2023 und hat dort entwickelt MEIN LEBEN ALS SPAM entwickelt.<\/p>\n<p>Inhalt: In einer nahen Zukunft \u00fcberfluten Bots alles mit Fakes, nur m\u00e4chtige Filter schaffen ein wenig Ordnung. Eine junge Beamtin gilt pl\u00f6tzlich selbst als Spam und muss ihre Menschlichkeit vor einer unmenschlichen Beh\u00f6rde beweisen. Wer kann ihr dabei besser helfen als eine Aktivistin, die f\u00fcr Maschinen-Rechte k\u00e4mpft? (ARD-Audiothek)<\/p>\n<p><strong>ARD Radio Tatort &#8211; Im Abseits \u2013 Wem kann man noch trauen? von Drehbuchwerkstatt Absolvent Friedrich Ani (4. DW 1992\/93).<\/strong><\/p>\n<p>Inhalt: Landau in der Pfalz: Am fr\u00fchen Morgen werden Anima King und ihr Kollege Piroso in ein Gartenhaus gerufen. Die 13-j\u00e4hrige Mia hat ihre Physiotherapeutin Silvia tot aufgefunden. Sie wurde erstochen. (<a href=\"https:\/\/www.ardaudiothek.de\/episode\/urn:ard:episode:ed0adb2d2de91a82\/\" target=\"_blank\" rel=\"noopener\">ARD-Audiothek<\/a>)<\/p>\n<p><strong>Sechsteiliger Podcast \u201eKlang der Macht \u2013 Dresdens Freiheitskampf &amp; Putins Kulturagenda\u201c von Drehbuchwerkstatt Absolventin Jeanny Wasielewski (29. DW 2017\/2018) und Axel Br\u00fcggemann in der ARD Audiothek.<\/strong><\/p>\n<p>Inhalt: In dem sechsteiligen Podcast \u201eKlang der Macht \u2013 Dresdens Freiheitskampf &amp; Putins Kulturagenda\u201c zeichnen Axel Br\u00fcggemann und <a href=\"https:\/\/www.linkedin.com\/in\/jeanny-wasielewski-a44877160\/?originalSubdomain=de\" target=\"_blank\" rel=\"noopener\">Jeanny Wasielewski<\/a> ein erschreckend aktuelles Bild von Putins Verflechtung von Macht und Kultur \u2013 von seiner KGB-Vergangenheit in Dresden \u00fcber die Panama Papers bis zum Ukraine-Krieg. Die Dresdner Semperoper ist dabei das verbindende Element zwischen den Erz\u00e4hlstr\u00e4ngen.(<a href=\"https:\/\/www.ardaudiothek.de\/sendung\/klang-der-macht\/urn:ard:show:db6549a6df1be026\/\" target=\"_blank\" rel=\"noopener\">ARD Audiothek<\/a>)[\/vc_column_text][\/vc_column][vc_column width=&#8220;1\/2&#8243;][vc_single_image media=&#8220;84262&#8243; media_lightbox=&#8220;yes&#8220; media_width_percent=&#8220;100&#8243; advanced=&#8220;yes&#8220; media_items=&#8220;media|original,caption&#8220; media_overlay_opacity=&#8220;50&#8243; media_text_visible=&#8220;yes&#8220; media_h_align=&#8220;center&#8220; media_v_position=&#8220;bottom&#8220; media_h_position=&#8220;center&#8220; media_padding=&#8220;2&#8243; lbox_caption=&#8220;yes&#8220; uncode_shortcode_id=&#8220;112395&#8243;][vc_single_image media=&#8220;84253&#8243; media_lightbox=&#8220;yes&#8220; media_width_percent=&#8220;100&#8243; advanced=&#8220;yes&#8220; media_items=&#8220;media|original,caption&#8220; media_overlay_opacity=&#8220;50&#8243; media_text_visible=&#8220;yes&#8220; media_h_align=&#8220;center&#8220; media_v_position=&#8220;bottom&#8220; media_h_position=&#8220;center&#8220; media_padding=&#8220;2&#8243; lbox_caption=&#8220;yes&#8220; uncode_shortcode_id=&#8220;863114&#8243;][\/vc_column][\/vc_row]<\/p>\n<\/div>","protected":false},"excerpt":{"rendered":"<p>AudioFictionLab 2025: DOUBLE FEATURE f\u00fcr die Ohren \u2013 LAMYA\u2018S BUCH DER SCHARLATANE und NIXE &#8211; ab sofort und bald zu h\u00f6ren!<\/p>\n","protected":false},"author":1,"featured_media":86949,"comment_status":"closed","ping_status":"closed","sticky":false,"template":"","format":"standard","meta":{"footnotes":""},"categories":[1,19,21,22],"tags":[29,30,45,212,244,245,246,247],"class_list":["post-86929","post","type-post","status-publish","format-standard","has-post-thumbnail","hentry","category-allgemein","category-schaufenster-mini","category-erfolge","category-echo","tag-drehbuchwerkstatt","tag-muenchen","tag-drehbuch","tag-audiencefirst","tag-audiofictionlab","tag-nixe","tag-lamyas-buch-der-scharlatane","tag-pre-listening"],"_links":{"self":[{"href":"https:\/\/www.drehbuchwerkstatt.de\/relaunch\/wp-json\/wp\/v2\/posts\/86929","targetHints":{"allow":["GET"]}}],"collection":[{"href":"https:\/\/www.drehbuchwerkstatt.de\/relaunch\/wp-json\/wp\/v2\/posts"}],"about":[{"href":"https:\/\/www.drehbuchwerkstatt.de\/relaunch\/wp-json\/wp\/v2\/types\/post"}],"author":[{"embeddable":true,"href":"https:\/\/www.drehbuchwerkstatt.de\/relaunch\/wp-json\/wp\/v2\/users\/1"}],"replies":[{"embeddable":true,"href":"https:\/\/www.drehbuchwerkstatt.de\/relaunch\/wp-json\/wp\/v2\/comments?post=86929"}],"version-history":[{"count":20,"href":"https:\/\/www.drehbuchwerkstatt.de\/relaunch\/wp-json\/wp\/v2\/posts\/86929\/revisions"}],"predecessor-version":[{"id":86967,"href":"https:\/\/www.drehbuchwerkstatt.de\/relaunch\/wp-json\/wp\/v2\/posts\/86929\/revisions\/86967"}],"wp:featuredmedia":[{"embeddable":true,"href":"https:\/\/www.drehbuchwerkstatt.de\/relaunch\/wp-json\/wp\/v2\/media\/86949"}],"wp:attachment":[{"href":"https:\/\/www.drehbuchwerkstatt.de\/relaunch\/wp-json\/wp\/v2\/media?parent=86929"}],"wp:term":[{"taxonomy":"category","embeddable":true,"href":"https:\/\/www.drehbuchwerkstatt.de\/relaunch\/wp-json\/wp\/v2\/categories?post=86929"},{"taxonomy":"post_tag","embeddable":true,"href":"https:\/\/www.drehbuchwerkstatt.de\/relaunch\/wp-json\/wp\/v2\/tags?post=86929"}],"curies":[{"name":"wp","href":"https:\/\/api.w.org\/{rel}","templated":true}]}}