{"id":86737,"date":"2025-10-07T15:48:17","date_gmt":"2025-10-07T13:48:17","guid":{"rendered":"https:\/\/www.drehbuchwerkstatt.de\/relaunch\/?p=86737"},"modified":"2025-10-31T15:14:04","modified_gmt":"2025-10-31T14:14:04","slug":"geissendoerfer2025","status":"publish","type":"post","link":"https:\/\/www.drehbuchwerkstatt.de\/relaunch\/2025\/10\/geissendoerfer2025\/","title":{"rendered":"ROBERT GEISEND\u00d6RFER PREIS 2025: ABSOLVENTIN NICOLE ARMBRUSTER GEWINNT!"},"content":{"rendered":"<div class=\"wpb-content-wrapper\"><p>[vc_row][vc_column width=&#8220;1\/2&#8243;][vc_column_text uncode_shortcode_id=&#8220;676977&#8243;][vc_custom_heading heading_semantic=&#8220;h5&#8243; text_size=&#8220;h5&#8243; text_font=&#8220;font-672269&#8243; text_weight=&#8220;300&#8243; text_transform=&#8220;uppercase&#8220; text_color=&#8220;color-dfgh&#8220;]ERFOLG![\/vc_custom_heading][vc_custom_heading heading_semantic=&#8220;h1&#8243; text_size=&#8220;h1&#8243; text_font=&#8220;font-672269&#8243; text_weight=&#8220;300&#8243; text_color=&#8220;accent&#8220; separator=&#8220;yes&#8220; separator_color=&#8220;yes&#8220; separator_double=&#8220;yes&#8220;]ROBERT GEISEND\u00d6RFER PREIS 2025: EIN MANN SEINER KLASSE[\/vc_custom_heading]<\/p>\n<p><strong> EIN MANN SEINER KLASSE wurde mit dem Robert Geisend\u00f6rfer Preis 2025 ausgezeichnet. Die feierliche Preisverleihung des evangelischen Medienpreis 2025 fand am 1. Oktober 2025 beim Norddeutschen Rundfunk (NDR) in Hamburg statt. Nicole Armbruster schrieb gemeinsam mit Marc Brummund, der auch Regie f\u00fchrte, zum SWR Fernsehfilm EIN MANN SEINER KLASSE. Der Film feierte seine Premiere 2024 beim Filmfest M\u00fcnchen.<\/strong><\/p>\n<p>In der Begr\u00fcndung der Jury hei\u00dft es u.a.: \u201e[..] Der Film vermeidet plakative Milieuklischees, wirkt durch die differenziert gezeichneten Figuren und die sensible Verwobenheit leiser und liebevoller Szenen mit verst\u00f6renden Bildern von Alkoholmissbrauch und Gewaltexzessen, falschem Klassenstolz und zerst\u00f6rter Kindheit. [\u2026] Seine eindr\u00fcckliche St\u00e4rke gewinnt der Film durch die Regieleistung von Marc Brummund, das sorgf\u00e4ltig komponierte Drehbuch von Nicole Armbruster und Marc Brummund sowie die gro\u00dfartige schauspielerische Leistung des gesamten Ensembles, insbesondere der Hauptdarsteller Leonard Kunz und Camille Moltzen.\u201c (Quelle: Robert Geisend\u00f6rfer Preis)<\/p>\n<p>EIN MANN SEINER KLASSE wurde vor wenigen Wochen bereits beim Deutschen Fernsehpreis 2025 als Bester Fernsehfilm \/ Mehrteiler und Leonard Kunz als Bester Schauspieler ausgezeichnet.[\/vc_column_text][\/vc_column][vc_column width=&#8220;1\/2&#8243;][vc_single_image media=&#8220;86739&#8243; caption=&#8220;yes&#8220; media_lightbox=&#8220;yes&#8220; media_width_percent=&#8220;100&#8243; uncode_shortcode_id=&#8220;277406&#8243;][vc_single_image media=&#8220;86745&#8243; caption=&#8220;yes&#8220; media_lightbox=&#8220;yes&#8220; media_width_percent=&#8220;100&#8243; uncode_shortcode_id=&#8220;968725&#8243;][\/vc_column][\/vc_row][vc_row][vc_column width=&#8220;1\/2&#8243;][vc_single_image media=&#8220;86738&#8243; caption=&#8220;yes&#8220; media_lightbox=&#8220;yes&#8220; media_width_percent=&#8220;100&#8243; uncode_shortcode_id=&#8220;448943&#8243;][\/vc_column][vc_column width=&#8220;1\/2&#8243;][vc_column_text uncode_shortcode_id=&#8220;156865&#8243;][vc_custom_heading heading_semantic=&#8220;h5&#8243; text_size=&#8220;h5&#8243; text_font=&#8220;font-672269&#8243; text_weight=&#8220;300&#8243; text_transform=&#8220;uppercase&#8220; text_color=&#8220;color-dfgh&#8220;]ROBERT GEISEND\u00d6RFER PREIS 2025[\/vc_custom_heading][vc_custom_heading heading_semantic=&#8220;h1&#8243; text_size=&#8220;h1&#8243; text_font=&#8220;font-672269&#8243; text_weight=&#8220;300&#8243; text_color=&#8220;accent&#8220; separator=&#8220;yes&#8220; separator_color=&#8220;yes&#8220; separator_double=&#8220;yes&#8220;]ABOUT NICOLE ARMBRUSTER[\/vc_custom_heading]<\/p>\n<p style=\"font-weight: 400;\"><strong>Nicole Armbruster war Teilnehmerin der 21. Drehbuchwerkstatt M\u00fcnchen (2009\/2010). Ihre Drehb\u00fccher bzw. die Verfilmungen sind in den vergangenen Jahren mit Preisen ausgezeichnet worden, so u.a. 2013 FREISTATT mit dem Deutscher Drehbuchpreis und dem Emder Drehbuchpreis.<\/strong><\/p>\n<p>Aktuell ist DIE NICHTE DES POLIZISTEN in der ARD zu sehen. Nicole Armbruster schrieb gemeinsam mit Rolf Basedow und Dr. Gabriela Sperl das Drehbuch. Regie: Dustin Loose. Der Fernsehfilm ist bei der TELEVISIONALE 2025 f\u00fcr den DADK Fernsehfilmpreis nominiert.<\/p>\n<hr \/>\n<p><img decoding=\"async\" class=\"alignleft wp-image-84377\" src=\"https:\/\/www.drehbuchwerkstatt.de\/relaunch\/wp-content\/uploads\/2023\/03\/dbw_icons_link-150x150.png\" alt=\"\" width=\"15\" height=\"15\" srcset=\"https:\/\/www.drehbuchwerkstatt.de\/relaunch\/wp-content\/uploads\/2023\/03\/dbw_icons_link-150x150.png 150w, https:\/\/www.drehbuchwerkstatt.de\/relaunch\/wp-content\/uploads\/2023\/03\/dbw_icons_link-300x300.png 300w, https:\/\/www.drehbuchwerkstatt.de\/relaunch\/wp-content\/uploads\/2023\/03\/dbw_icons_link-350x350.png 350w, https:\/\/www.drehbuchwerkstatt.de\/relaunch\/wp-content\/uploads\/2023\/03\/dbw_icons_link-348x348.png 348w, https:\/\/www.drehbuchwerkstatt.de\/relaunch\/wp-content\/uploads\/2023\/03\/dbw_icons_link.png 500w\" sizes=\"(max-width: 15px) 100vw, 15px\" \/><a href=\"https:\/\/www.ardmediathek.de\/film\/ein-mann-seiner-klasse\/Y3JpZDovL3N3ci5kZS9zZGIvc3RJZC8xNjYz\" target=\"_blank\" rel=\"noopener\">Film in der ARD Mediathek<\/a><\/p>\n<p><img decoding=\"async\" class=\"alignleft wp-image-84377\" src=\"https:\/\/www.drehbuchwerkstatt.de\/relaunch\/wp-content\/uploads\/2023\/03\/dbw_icons_link-150x150.png\" alt=\"\" width=\"15\" height=\"15\" srcset=\"https:\/\/www.drehbuchwerkstatt.de\/relaunch\/wp-content\/uploads\/2023\/03\/dbw_icons_link-150x150.png 150w, https:\/\/www.drehbuchwerkstatt.de\/relaunch\/wp-content\/uploads\/2023\/03\/dbw_icons_link-300x300.png 300w, https:\/\/www.drehbuchwerkstatt.de\/relaunch\/wp-content\/uploads\/2023\/03\/dbw_icons_link-350x350.png 350w, https:\/\/www.drehbuchwerkstatt.de\/relaunch\/wp-content\/uploads\/2023\/03\/dbw_icons_link-348x348.png 348w, https:\/\/www.drehbuchwerkstatt.de\/relaunch\/wp-content\/uploads\/2023\/03\/dbw_icons_link.png 500w\" sizes=\"(max-width: 15px) 100vw, 15px\" \/><a href=\"https:\/\/www.geisendoerferpreis.de\/artikel\/ein-mann-seiner-klasse\" target=\"_blank\" rel=\"noopener\">Begr\u00fcndung der Jury<\/a><\/p>\n<p><img decoding=\"async\" class=\"alignleft wp-image-84377\" src=\"https:\/\/www.drehbuchwerkstatt.de\/relaunch\/wp-content\/uploads\/2023\/03\/dbw_icons_link-150x150.png\" alt=\"\" width=\"15\" height=\"15\" srcset=\"https:\/\/www.drehbuchwerkstatt.de\/relaunch\/wp-content\/uploads\/2023\/03\/dbw_icons_link-150x150.png 150w, https:\/\/www.drehbuchwerkstatt.de\/relaunch\/wp-content\/uploads\/2023\/03\/dbw_icons_link-300x300.png 300w, https:\/\/www.drehbuchwerkstatt.de\/relaunch\/wp-content\/uploads\/2023\/03\/dbw_icons_link-350x350.png 350w, https:\/\/www.drehbuchwerkstatt.de\/relaunch\/wp-content\/uploads\/2023\/03\/dbw_icons_link-348x348.png 348w, https:\/\/www.drehbuchwerkstatt.de\/relaunch\/wp-content\/uploads\/2023\/03\/dbw_icons_link.png 500w\" sizes=\"(max-width: 15px) 100vw, 15px\" \/><a href=\"https:\/\/www.geisendoerferpreis.de\/index.php\/\" target=\"_blank\" rel=\"noopener\">Robert Geisend\u00f6rfer Preis<\/a><\/p>\n<p><img decoding=\"async\" class=\"alignleft wp-image-84377\" src=\"https:\/\/www.drehbuchwerkstatt.de\/relaunch\/wp-content\/uploads\/2023\/03\/dbw_icons_link-150x150.png\" alt=\"\" width=\"15\" height=\"15\" srcset=\"https:\/\/www.drehbuchwerkstatt.de\/relaunch\/wp-content\/uploads\/2023\/03\/dbw_icons_link-150x150.png 150w, https:\/\/www.drehbuchwerkstatt.de\/relaunch\/wp-content\/uploads\/2023\/03\/dbw_icons_link-300x300.png 300w, https:\/\/www.drehbuchwerkstatt.de\/relaunch\/wp-content\/uploads\/2023\/03\/dbw_icons_link-350x350.png 350w, https:\/\/www.drehbuchwerkstatt.de\/relaunch\/wp-content\/uploads\/2023\/03\/dbw_icons_link-348x348.png 348w, https:\/\/www.drehbuchwerkstatt.de\/relaunch\/wp-content\/uploads\/2023\/03\/dbw_icons_link.png 500w\" sizes=\"(max-width: 15px) 100vw, 15px\" \/><a href=\"https:\/\/www.deutscher-fernsehpreis.de\/preistraegerinnen\/\" target=\"_blank\" rel=\"noopener\">Deutscher Fernsehpreis 2025<\/a><\/p>\n<p><img decoding=\"async\" class=\"alignleft wp-image-84377\" src=\"https:\/\/www.drehbuchwerkstatt.de\/relaunch\/wp-content\/uploads\/2023\/03\/dbw_icons_link-150x150.png\" alt=\"\" width=\"15\" height=\"15\" srcset=\"https:\/\/www.drehbuchwerkstatt.de\/relaunch\/wp-content\/uploads\/2023\/03\/dbw_icons_link-150x150.png 150w, https:\/\/www.drehbuchwerkstatt.de\/relaunch\/wp-content\/uploads\/2023\/03\/dbw_icons_link-300x300.png 300w, https:\/\/www.drehbuchwerkstatt.de\/relaunch\/wp-content\/uploads\/2023\/03\/dbw_icons_link-350x350.png 350w, https:\/\/www.drehbuchwerkstatt.de\/relaunch\/wp-content\/uploads\/2023\/03\/dbw_icons_link-348x348.png 348w, https:\/\/www.drehbuchwerkstatt.de\/relaunch\/wp-content\/uploads\/2023\/03\/dbw_icons_link.png 500w\" sizes=\"(max-width: 15px) 100vw, 15px\" \/><a href=\"https:\/\/players.de\/writers\/nicole-armbruster\/\" target=\"_blank\" rel=\"noopener\">Nicole Armbruster<\/a><\/p>\n<p><img decoding=\"async\" class=\"alignleft wp-image-84377\" src=\"https:\/\/www.drehbuchwerkstatt.de\/relaunch\/wp-content\/uploads\/2023\/03\/dbw_icons_link-150x150.png\" alt=\"\" width=\"15\" height=\"15\" srcset=\"https:\/\/www.drehbuchwerkstatt.de\/relaunch\/wp-content\/uploads\/2023\/03\/dbw_icons_link-150x150.png 150w, https:\/\/www.drehbuchwerkstatt.de\/relaunch\/wp-content\/uploads\/2023\/03\/dbw_icons_link-300x300.png 300w, https:\/\/www.drehbuchwerkstatt.de\/relaunch\/wp-content\/uploads\/2023\/03\/dbw_icons_link-350x350.png 350w, https:\/\/www.drehbuchwerkstatt.de\/relaunch\/wp-content\/uploads\/2023\/03\/dbw_icons_link-348x348.png 348w, https:\/\/www.drehbuchwerkstatt.de\/relaunch\/wp-content\/uploads\/2023\/03\/dbw_icons_link.png 500w\" sizes=\"(max-width: 15px) 100vw, 15px\" \/><a href=\"https:\/\/televisionale.de\/fernsehfilm\" target=\"_blank\" rel=\"noopener\">Televisionale 2025<\/a><\/p>\n<p>\u00a9 Fotos: Bettina Theuerkauf\/Geisend\u00f6rferpreis[\/vc_column_text][\/vc_column][\/vc_row]<\/p>\n<\/div>","protected":false},"excerpt":{"rendered":"<p>Nicole Armbruster schrieb gemeinsam mit Marc Brummund, der auch Regie f\u00fchrte, zum SWR Fernsehfilm EIN MANN SEINER KLASSE. Der Film feierte seine Premiere 2024 beim Filmfest M\u00fcnchen.<\/p>\n","protected":false},"author":1,"featured_media":86739,"comment_status":"closed","ping_status":"closed","sticky":false,"template":"","format":"standard","meta":{"footnotes":""},"categories":[1,19,20,21,24,26],"tags":[29,30,45,92,229,230,231,232],"class_list":["post-86737","post","type-post","status-publish","format-standard","has-post-thumbnail","hentry","category-allgemein","category-schaufenster-mini","category-absolventinnen","category-erfolge","category-drehbuecher","category-veranstaltungen","tag-drehbuchwerkstatt","tag-muenchen","tag-drehbuch","tag-preisverleihung","tag-geissendoerfer","tag-robert","tag-nicole","tag-armbruster"],"_links":{"self":[{"href":"https:\/\/www.drehbuchwerkstatt.de\/relaunch\/wp-json\/wp\/v2\/posts\/86737","targetHints":{"allow":["GET"]}}],"collection":[{"href":"https:\/\/www.drehbuchwerkstatt.de\/relaunch\/wp-json\/wp\/v2\/posts"}],"about":[{"href":"https:\/\/www.drehbuchwerkstatt.de\/relaunch\/wp-json\/wp\/v2\/types\/post"}],"author":[{"embeddable":true,"href":"https:\/\/www.drehbuchwerkstatt.de\/relaunch\/wp-json\/wp\/v2\/users\/1"}],"replies":[{"embeddable":true,"href":"https:\/\/www.drehbuchwerkstatt.de\/relaunch\/wp-json\/wp\/v2\/comments?post=86737"}],"version-history":[{"count":10,"href":"https:\/\/www.drehbuchwerkstatt.de\/relaunch\/wp-json\/wp\/v2\/posts\/86737\/revisions"}],"predecessor-version":[{"id":86750,"href":"https:\/\/www.drehbuchwerkstatt.de\/relaunch\/wp-json\/wp\/v2\/posts\/86737\/revisions\/86750"}],"wp:featuredmedia":[{"embeddable":true,"href":"https:\/\/www.drehbuchwerkstatt.de\/relaunch\/wp-json\/wp\/v2\/media\/86739"}],"wp:attachment":[{"href":"https:\/\/www.drehbuchwerkstatt.de\/relaunch\/wp-json\/wp\/v2\/media?parent=86737"}],"wp:term":[{"taxonomy":"category","embeddable":true,"href":"https:\/\/www.drehbuchwerkstatt.de\/relaunch\/wp-json\/wp\/v2\/categories?post=86737"},{"taxonomy":"post_tag","embeddable":true,"href":"https:\/\/www.drehbuchwerkstatt.de\/relaunch\/wp-json\/wp\/v2\/tags?post=86737"}],"curies":[{"name":"wp","href":"https:\/\/api.w.org\/{rel}","templated":true}]}}