{"id":86675,"date":"2025-09-03T15:44:29","date_gmt":"2025-09-03T13:44:29","guid":{"rendered":"https:\/\/www.drehbuchwerkstatt.de\/relaunch\/?p=86675"},"modified":"2025-12-01T15:50:10","modified_gmt":"2025-12-01T14:50:10","slug":"fuenf-seen-filmfestival-2025-wir-sind-auch-vertreten","status":"publish","type":"post","link":"https:\/\/www.drehbuchwerkstatt.de\/relaunch\/2025\/09\/fuenf-seen-filmfestival-2025-wir-sind-auch-vertreten\/","title":{"rendered":"F\u00dcNF SEEN FILMFESTIVAL 2025: WIR SIND AUCH VERTRETEN!"},"content":{"rendered":"<div class=\"wpb-content-wrapper\"><p>[vc_row][vc_column width=&#8220;1\/1&#8243;][vc_single_image media=&#8220;86688&#8243; media_width_percent=&#8220;100&#8243; uncode_shortcode_id=&#8220;154130&#8243;][\/vc_column][\/vc_row][vc_row][vc_column width=&#8220;1\/1&#8243;][vc_column_text uncode_shortcode_id=&#8220;174692&#8243;][vc_custom_heading heading_semantic=&#8220;h5&#8243; text_size=&#8220;h5&#8243; text_font=&#8220;font-672269&#8243; text_weight=&#8220;300&#8243; text_transform=&#8220;uppercase&#8220; text_color=&#8220;color-dfgh&#8220;]FESTIVAL![\/vc_custom_heading][vc_custom_heading heading_semantic=&#8220;h1&#8243; text_size=&#8220;h1&#8243; text_font=&#8220;font-672269&#8243; text_weight=&#8220;300&#8243; text_color=&#8220;accent&#8220; separator=&#8220;yes&#8220; separator_color=&#8220;yes&#8220; separator_double=&#8220;yes&#8220;]F\u00dcNF SEEN FILMFESTIVAL 2025 MIT ABSOLVENT*INNEN![\/vc_custom_heading]<\/p>\n<p><strong>Mehrere Filme nach Drehb\u00fcchern von Drehbuchwerkstatt Absolvent:innen sind ab 9. September (bis 16. September 2025) beim 19. F\u00fcnf Seen Filmfestival 2025 zu sehen. Zwei von ihnen wurden von den Autor:innen in ihrem Jahr bei uns entwickelt: PATERNAL LEAVE von Alissa Jung und BAGGER DRAMA von Piet Baumgartner. <\/strong><\/p>\n<p>Ebenfalls im Programm sind die Filme KARLA nach einem Drehbuch von Yvonne Yasmin G\u00f6rlach (11. DW 1999\/200) und FRIEDAS FALL von Maria Brendle (DW M\u00fcnchen \u2013 Z\u00fcrich 2016). Patrik Thomas und Mathias Reitz Zausinger zeigen ihren Dokumentarfilm BOAL\u00c2NDIA, der in unserem dok.art-Programm betreut wurde.In den Sektionen ODEON und TRIBUTES \u2013 EHRENG\u00c4STE FILME Hansj\u00f6rg Weissbrich laufen zwei \u00e4ltere Filme nach Drehb\u00fcchern von DW-Absolventen: 23. NICHTS IST SO WIE ES SCHEINT von Hans-Christian Schmid und ORPHEA IN LOVE von S\u00f6nke Andresen.<\/p>\n<hr \/>\n<p><img decoding=\"async\" class=\"alignleft wp-image-84377\" src=\"https:\/\/www.drehbuchwerkstatt.de\/relaunch\/wp-content\/uploads\/2023\/03\/dbw_icons_link-150x150.png\" alt=\"\" width=\"20\" height=\"20\" srcset=\"https:\/\/www.drehbuchwerkstatt.de\/relaunch\/wp-content\/uploads\/2023\/03\/dbw_icons_link-150x150.png 150w, https:\/\/www.drehbuchwerkstatt.de\/relaunch\/wp-content\/uploads\/2023\/03\/dbw_icons_link-300x300.png 300w, https:\/\/www.drehbuchwerkstatt.de\/relaunch\/wp-content\/uploads\/2023\/03\/dbw_icons_link-350x350.png 350w, https:\/\/www.drehbuchwerkstatt.de\/relaunch\/wp-content\/uploads\/2023\/03\/dbw_icons_link-348x348.png 348w, https:\/\/www.drehbuchwerkstatt.de\/relaunch\/wp-content\/uploads\/2023\/03\/dbw_icons_link.png 500w\" sizes=\"(max-width: 20px) 100vw, 20px\" \/>Tickets zu allen Filmen gibt es <a href=\"https:\/\/www.fsff.de\/home\/cm\/fff-current-sektion-search-n2\/index.html\" target=\"_blank\" rel=\"noopener\"><u>hier<\/u><\/a>.[\/vc_column_text][\/vc_column][\/vc_row][vc_row][vc_column width=&#8220;1\/2&#8243;][vc_column_text uncode_shortcode_id=&#8220;251746&#8243;][vc_custom_heading heading_semantic=&#8220;h5&#8243; text_size=&#8220;h5&#8243; text_font=&#8220;font-672269&#8243; text_weight=&#8220;300&#8243; text_transform=&#8220;uppercase&#8220; text_color=&#8220;color-dfgh&#8220;]F\u00dcNF SEEN FILMFESTIVAL 2025[\/vc_custom_heading][vc_custom_heading heading_semantic=&#8220;h1&#8243; text_size=&#8220;h1&#8243; text_font=&#8220;font-672269&#8243; text_weight=&#8220;300&#8243; text_color=&#8220;accent&#8220; separator=&#8220;yes&#8220; separator_color=&#8220;yes&#8220; separator_double=&#8220;yes&#8220;]PATERNAL LEAVE \u2013 DREI TAGE MEER[\/vc_custom_heading]<\/p>\n<p><strong>Ein bewegendes Vater-Tochter-Drama \u00fcber N\u00e4he und Distanz, \u00fcber Verantwortung, Vers\u00e4umnisse \u2013 und die zarte Hoffnung auf einen Neuanfang.<\/strong><\/p>\n<p>Die 15-j\u00e4hrige Leo ist in Deutschland ohne Vater aufgewachsen. Als sie von seiner Identit\u00e4t erf\u00e4hrt, macht sie sich sofort auf die Suche nach ihm. Sie findet Paolo in einer verrammelten Strandbar an der winterlichen K\u00fcste Norditaliens, mit einer kleinen Tochter und deren Mutter. Auch zu ihnen hat er sich nicht wirklich bekannt. Ihn \u00fcberw\u00e4ltigt und \u00fcberfordert das Wiedersehen. Nach Leos pl\u00f6tzlichem Auftauchen hat er M\u00fche, seine Balance zwischen ihr und seiner neuen Familie zu finden. Zun\u00e4chst will Leo nur Antworten, doch schon bald sehnt sie sich nach einem Platz in Paolos Leben. Da sie weder Geld noch einen Plan hat, bleibt sie erst mal in dem kleinen Ort. Je mehr Zeit sie miteinander verbringen, desto mehr Gemeinsamkeiten entdecken Leo und Paolo. Doch die Realit\u00e4t holt die beiden unweigerlich ein. (<a href=\"https:\/\/www.fsff.de\/home\/cm\/fff-current-n-filmarchiv\/index.14414.html\" target=\"_blank\" rel=\"noopener\">mehr auf der Festivalseite!<\/a>)<\/p>\n<hr \/>\n<p>Drehbuch &amp; Regie: Alissa Jung, DW Absolventin 2021. Alissa Jung hat mit der Entwicklung von PAERNAL LEAVE in ihrem DW-Jahr begonnen. Sie war f\u00fcr den Tankred-Dorst-Preis 2021 nominiert. Kamera: Carolina Steinbrecher<\/p>\n<hr \/>\n<p>Donnerstag, 11.09.2025 | 17:30 Uhr | Kino Gauting<br \/>\nFreitag, 12.09.2025 | 19:30 Uhr | Kino Seefeld<br \/>\nFilmgespr\u00e4ch mit Regisseurin Alissa Jung bei allen Vorstellungen<u><\/u><\/p>\n<p><strong>Freitag, 12.09.2025 | 16:00 Uhr | Kino Gauting, Saal 4 | Eintritt frei<\/strong><strong><br \/>\n<\/strong>Alissa Jung ist bei Meet\u00a0the\u00a0Filmmakers: Der Deb\u00fctfilm und danach? Mit Alissa Jung (PATERNAL LEAVE), \u00a0Benjamin Kramme &amp; Jennifer Sabel (ICH STERBE. KOMMST DU?), \u00a0Sarah Miro Fischer (SCHWESTERHERZ) &#8211; <a href=\"https:\/\/www.fsff.de\/home\/cm\/fff-current-n-filmarchiv\/index.14645.html\" target=\"_blank\" rel=\"noopener\">im Gespr\u00e4ch mit Festivalleiter Matthias Helwig<\/a>.[\/vc_column_text][\/vc_column][vc_column width=&#8220;1\/2&#8243;][vc_single_image media=&#8220;86695&#8243; media_lightbox=&#8220;yes&#8220; media_width_percent=&#8220;100&#8243; uncode_shortcode_id=&#8220;181131&#8243;][vc_single_image media=&#8220;86696&#8243; media_lightbox=&#8220;yes&#8220; media_width_percent=&#8220;100&#8243; uncode_shortcode_id=&#8220;198804&#8243;][\/vc_column][\/vc_row][vc_row][vc_column width=&#8220;1\/2&#8243;][vc_single_image media=&#8220;86691&#8243; media_lightbox=&#8220;yes&#8220; media_width_percent=&#8220;100&#8243; uncode_shortcode_id=&#8220;827777&#8243;][vc_single_image media=&#8220;86701&#8243; media_lightbox=&#8220;yes&#8220; media_width_percent=&#8220;100&#8243; uncode_shortcode_id=&#8220;153199&#8243;][\/vc_column][vc_column width=&#8220;1\/2&#8243;][vc_column_text uncode_shortcode_id=&#8220;184525&#8243;][vc_custom_heading heading_semantic=&#8220;h5&#8243; text_size=&#8220;h5&#8243; text_font=&#8220;font-672269&#8243; text_weight=&#8220;300&#8243; text_transform=&#8220;uppercase&#8220; text_color=&#8220;color-dfgh&#8220;]F\u00dcNF SEEN FILMFESTIVAL 2025[\/vc_custom_heading][vc_custom_heading heading_semantic=&#8220;h1&#8243; text_size=&#8220;h1&#8243; text_font=&#8220;font-672269&#8243; text_weight=&#8220;300&#8243; text_color=&#8220;accent&#8220; separator=&#8220;yes&#8220; separator_color=&#8220;yes&#8220; separator_double=&#8220;yes&#8220;]BOAL\u00c2NDIA[\/vc_custom_heading]<\/p>\n<p><strong> Ein Portr\u00e4t des Widerstands und seiner lebendigen Vielfalt.<\/strong><\/p>\n<p>In den Peripherien Brasiliens gibt es kulturellen Widerstand. Die ProtagonistInnen k\u00e4mpfen mit den Mitteln der Kunst um Sichtbarkeit. Sie besetzen St\u00e4dte und erheben ihre Stimme gegen Diskriminierung, Polizeigewalt, Rassismus und Homophobie. Die Arten des Protests innerhalb Brasiliens sind dabei so vielf\u00e4ltig wie das Land selbst: Marginalisierte Gruppen nutzen Kunst und Kultur als Ausdrucksformen, darunter Film, Musik, Poesie, Radio oder Performance Art. Sie beklagen nicht nur Zust\u00e4nde wie die grassierende (Polizei-)Gewalt, den Rassismus gegen\u00fcber indigenen und schwarzen Bev\u00f6lkerungsgruppen, die seit 2022 abgew\u00e4hlte neofaschistische Regierung Jair Bolsonaro und die Feindlichkeit gegen\u00fcber Menschen aus dem LGBTQ+-Spektrum, sondern werden selbst aktiv, verbinden ihre Kunst mit politischem Protest: Hausbesetzungen und Demonstrationen geh\u00f6ren genauso dazu wie die Kreativit\u00e4t hinter ihren Auftritten und Videos. Drei Jahre lang arbeiteten und lebten die Filmemacher mit Kollektiven und AktivistInnen, begleiteten sie im Amazonas-Regenwald, bei Protesten in der Hauptstadt und in den Subkulturen der brasilianischen Metropolen. Mit ihren eigenen Filmen k\u00e4mpften die ProtagonistInnen um Aufmerksamkeit. Das Filmemachen, sowohl als Erz\u00e4hlform als auch als Prozess des Archivierens, hat in diesem Widerstand gegen strukturelle Gewalt eine besondere politische Bedeutung. (<a href=\"https:\/\/www.fsff.de\/home\/cm\/fff-current-n-filmarchiv\/index.14458.html\" target=\"_blank\" rel=\"noopener\">mehr auf der Festivalseite!<\/a>)<\/p>\n<hr \/>\n<p>Drehbuch, Regie und Kamera: Patrik Thomas und Mathias Reitz Zausinger. Sie waren Teilnehmer bei dok.art mit dem Filmprojekt.<\/p>\n<hr \/>\n<p>Mittwoch, 10.09.2025 | 18:00 Uhr | Kino Gauting mit Filmgespr\u00e4ch mit Regisseuren Patrik Thomas und Mathias Reitz Zausinger<\/p>\n<p>Donnerstag, 11.09.2025 | 20:15 Uhr | Kino Gauting<\/p>\n<p><strong>Donnerstag, 11.09.2025 | 16:00 Uhr | Kino Gauting, Saal 4 | Eintritt frei<\/strong><strong><br \/>\n<\/strong>Mathias Reitz Zausinger &amp; Patrik Thomas sind bei Meet the Filmmakers: Dokumentarfilm &#8211; mit Mathias Reitz Zausinger &amp; Patrik Thomas (BOAL\u00c2NDIA), Michael Schwarz (DER TOD IST EIN ARSCHLOCH), Arjun Talwar (BRIEFE AUS DER WILCZA) &#8211; <a href=\"https:\/\/www.fsff.de\/home\/cm\/fff-current-n-filmarchiv\/index.14646.html\" target=\"_blank\" rel=\"noopener\">im Gespr\u00e4ch mit Festivalleiter Matthias Helwig.<\/a>[\/vc_column_text][\/vc_column][\/vc_row][vc_row][vc_column width=&#8220;1\/2&#8243;][vc_column_text uncode_shortcode_id=&#8220;119021&#8243;][vc_custom_heading heading_semantic=&#8220;h5&#8243; text_size=&#8220;h5&#8243; text_font=&#8220;font-672269&#8243; text_weight=&#8220;300&#8243; text_transform=&#8220;uppercase&#8220; text_color=&#8220;color-dfgh&#8220;]F\u00dcNF SEEN FILMFESTIVAL 2025[\/vc_custom_heading][vc_custom_heading heading_semantic=&#8220;h1&#8243; text_size=&#8220;h1&#8243; text_font=&#8220;font-672269&#8243; text_weight=&#8220;300&#8243; text_color=&#8220;accent&#8220; separator=&#8220;yes&#8220; separator_color=&#8220;yes&#8220; separator_double=&#8220;yes&#8220;]BAGGER DRAMA[\/vc_custom_heading]<\/p>\n<p><strong>Ein Film der leisen T\u00f6ne \u00fcber einen Einschnitt im Leben, in dem der Blick nach vorne nicht mehr m\u00f6glich ist, zumindest nicht ohne eine radikale Ver\u00e4nderung in einem selbst.<\/strong><\/p>\n<p>Im Zentrum steht das Bild des Baggers. Es ist Zeichen des Aufschwungs und ebenso Instrument bei einer Attraktion, mit der die Familie viele in ihrem Heimatdorf und dar\u00fcber hinaus begeistern kann. Sohn und Mutter arbeiten unter den wachsamen Augen des Vaters an der Choreografie f\u00fcr dieses Bagger-Ballett. Die Kommunikation der Familienmitglieder ist von \u00c4ngsten gepr\u00e4gt, \u00c4ngste, den Vater zu entt\u00e4uschen oder etwas auszusprechen, was sich eigentlich schon mehr als deutlich in den Gesten und Blicken zeigt.<\/p>\n<p>Nach dem t\u00f6dlichen Unfall von Tochter Nadine ist nichts mehr so, wie es vorher war. W\u00e4hrend sich Vater Paul ein neues Auto kauft und nach neuen Auftr\u00e4gen f\u00fcr die Firma sucht, sehnt sich Sohn Daniel nach einem Ausweg aus der Routine und will ein Managementstudium in den USA beginnen. Mutter Conny hat am meisten mit den Ver\u00e4nderungen um sie herum zu k\u00e4mpfen. Sie ist alleine, traurig und sucht therapeutische Hilfe. Die Familie driftet weiter und weiter auseinander, sodass nur noch ein Versuch der Vers\u00f6hnung oder ein Neustart f\u00fcr alle der richtige Weg zu sein scheint.<\/p>\n<p>Sie trifft sich erneut zum \u201eBagger-Ballett\u201d. Die Kamera nimmt kleinere Abweichungen in den Bewegungen, Aussetzer oder gar \u00c4nderungen wahr, bis am Ende niemand mehr von der Familie im F\u00fchrerhaus der Baufahrzeuge sitzt und die Angestellten des Betriebs deren Steuerung \u00fcbernommen haben. Der Blick soll nach vorne gehen, doch immer wieder geht er zur\u00fcck in die Vergangenheit, als die Familie noch zu viert war, und ist zugleich von einer Sehnsucht gepr\u00e4gt, die man nicht auszusprechen wagt. (<a href=\"https:\/\/www.fsff.de\/home\/cm\/fff-current-n-filmarchiv\/index.14095.html\" target=\"_blank\" rel=\"noopener\">mehr auf der Festivalseite!<\/a>)<\/p>\n<hr \/>\n<p>Drehbuch und Regie: Piet Baumgartner, DW M\u00fcnchen-Z\u00fcrich Absolvent 2015 | Kamera: Pascal Reinmann<\/p>\n<hr \/>\n<p>Freitag, 12.09.2025 | 17:30 Uhr | Kino Gauting<br \/>\nFreitag, 12.09.2025 | 20:00 Uhr | Kino Wessling<br \/>\nSamstag, 13.09.2025 | 17:30 Uhr | Kino Starnberg<br \/>\nFilmgespr\u00e4ch mit Regisseur Piet Baumgartner und Schauspielerin Julia Reichert bei allen Vorstellungen[\/vc_column_text][\/vc_column][vc_column width=&#8220;1\/2&#8243;][vc_single_image media=&#8220;86690&#8243; media_lightbox=&#8220;yes&#8220; media_width_percent=&#8220;100&#8243; uncode_shortcode_id=&#8220;106105&#8243;][vc_single_image media=&#8220;86700&#8243; media_lightbox=&#8220;yes&#8220; media_width_percent=&#8220;100&#8243; uncode_shortcode_id=&#8220;188301&#8243;][\/vc_column][\/vc_row][vc_row][vc_column width=&#8220;1\/2&#8243;][vc_single_image media=&#8220;86692&#8243; media_lightbox=&#8220;yes&#8220; media_width_percent=&#8220;100&#8243; uncode_shortcode_id=&#8220;125702&#8243;][vc_single_image media=&#8220;86697&#8243; media_lightbox=&#8220;yes&#8220; media_width_percent=&#8220;100&#8243; uncode_shortcode_id=&#8220;236319&#8243;][\/vc_column][vc_column width=&#8220;1\/2&#8243;][vc_column_text uncode_shortcode_id=&#8220;131753&#8243;][vc_custom_heading heading_semantic=&#8220;h5&#8243; text_size=&#8220;h5&#8243; text_font=&#8220;font-672269&#8243; text_weight=&#8220;300&#8243; text_transform=&#8220;uppercase&#8220; text_color=&#8220;color-dfgh&#8220;]F\u00dcNF SEEN FILMFESTIVAL 2025[\/vc_custom_heading][vc_custom_heading heading_semantic=&#8220;h1&#8243; text_size=&#8220;h1&#8243; text_font=&#8220;font-672269&#8243; text_weight=&#8220;300&#8243; text_color=&#8220;accent&#8220; separator=&#8220;yes&#8220; separator_color=&#8220;yes&#8220; separator_double=&#8220;yes&#8220;]FRIEDAS FALL[\/vc_custom_heading]<\/p>\n<p>St. Gallen im Jahr 1904: Frieda ist arm, alleinstehend, Mutter \u2013 und ein Opfer von Gewalt. Der Vater ihres Kindes ist zugleich ihr Vergewaltiger, aber das Gericht interessiert sich nicht f\u00fcr seine Tat. Ihre Familie wei\u00df von der Vergewaltigung, l\u00e4sst sie aber im Stich. Der Staat sch\u00fctzt sie nicht, die Gesellschaft verurteilt sie. Keine finanziellen Mittel, keine Perspektive \u2013 die Spirale der Verzweiflung zieht immer weiter an. Als Frieda keinen Ausweg mehr sieht und es schlie\u00dflich zur schrecklichen Tat kommt, ihr eigenes Kind zu t\u00f6ten, wird sie sofort als M\u00f6rderin abgestempelt. Ihre Geschichte wird nicht geh\u00f6rt, ihre Gr\u00fcnde spielen keine Rolle. Ein m\u00e4nnliches Gericht spricht \u00fcber ihr Leben, \u00fcber ihren K\u00f6rper, \u00fcber ihre Schuld. Das Rechtssystem von 1904 sch\u00fctzt keine Vergewaltigungsopfer, keine unverheirateten M\u00fctter, keine Frauen ohne finanzielle Absicherung. Das Urteil soll ohne Milderung gef\u00e4llt werden, da Frauen in dieser Zeit nicht \u00fcber ihr eigenes Leben bestimmen d\u00fcrfen. F\u00fcr den gesetzestreuen und rationalen Staatsanwalt Walter Gm\u00fcr ist der Fall daher schnell klar und Frieda geh\u00f6rt hingerichtet. Erst als der Rechtsanwalt Arnold Janggen sich Friedas Fall annimmt, keimt so etwas wie Hoffnung auf. Er setzt sich mit voller Kraft f\u00fcr seine Klientin ein und interessiert sich f\u00fcr die Hintergr\u00fcnde der Tat. Erna Gm\u00fcr, die Frau des Staatsanwalts, zeigt ebenfalls Empathie f\u00fcr Frieda und versucht, sie zu \u00fcberzeugen, sich zu wehren und die wahren Gr\u00fcnde f\u00fcr ihre Tat preiszugeben. Ihr Mann jedoch denkt mehr an die eigene Karriere als an das Schicksal der N\u00e4herin. Der Fall von Frieda Keller hat die Entwicklung des Strafrechtssystems in der Schweiz ma\u00dfgeblich beeinflusst. (<a href=\"https:\/\/www.fsff.de\/home\/cm\/fff-current-n-filmarchiv\/index.14085.html\" target=\"_blank\" rel=\"noopener\">mehr auf der Festivalseite!<\/a>)<\/p>\n<hr \/>\n<p>Regie: Maria Brendle | Drehbuch: Mich\u00e8le Minelli, Robert Buchschwenter, Maria Brendle | Kamera: Hans Syz<\/p>\n<hr \/>\n<p>Dienstag, 09.09.2025 19:30 Kino Seefeld | Filmgespr\u00e4ch mit Regisseurin Maria Brendle<\/p>\n<p>Mittwoch, 10.09.2025 17:30 Kino Gauting | Filmgespr\u00e4ch mit Regisseurin Maria Brendle[\/vc_column_text][\/vc_column][\/vc_row][vc_row][vc_column width=&#8220;1\/2&#8243;][vc_column_text uncode_shortcode_id=&#8220;116395&#8243;][vc_custom_heading heading_semantic=&#8220;h5&#8243; text_size=&#8220;h5&#8243; text_font=&#8220;font-672269&#8243; text_weight=&#8220;300&#8243; text_transform=&#8220;uppercase&#8220; text_color=&#8220;color-dfgh&#8220;]F\u00dcNF SEEN FILMFESTIVAL 2025[\/vc_custom_heading][vc_custom_heading heading_semantic=&#8220;h1&#8243; text_size=&#8220;h1&#8243; text_font=&#8220;font-672269&#8243; text_weight=&#8220;300&#8243; text_color=&#8220;accent&#8220; separator=&#8220;yes&#8220; separator_color=&#8220;yes&#8220; separator_double=&#8220;yes&#8220;]KARLA[\/vc_custom_heading]<\/p>\n<p><strong>Ein kraftvoller Film \u00fcber Zivilcourage, Selbsterm\u00e4chtigung \u2013 und das Recht, geh\u00f6rt zu werden.<\/strong><\/p>\n<p>Bayern, 1962. In der ersten Szene k\u00f6nnte man noch an einen netten Familienausflug denken: Vater, Mutter, drei Kinder sitzen im Auto, im Radio l\u00e4uft fr\u00f6hlicher 60er-Jahre-Swing. Das sieht nach einer heilen Welt aus. Doch beim Toilettenstopp im Gr\u00fcnen l\u00e4uft die 12-j\u00e4hrige Karla davon. Sie rennt \u00fcber Wiesen und Felder, schl\u00e4gt sich durch zum n\u00e4chsten Polizeirevier und erstattet Anzeige \u2013 gegen ihren Vater. Zu den Hintergr\u00fcnden will sie den Beamten allerdings nichts sagen. Karla besteht darauf, mit einem Richter zu sprechen. Dieser h\u00f6rt sich die ungeheuerliche Geschichte an: Ihr Vater soll sie missbraucht haben und jetzt f\u00fcr seine Taten einstehen. Richter Lamy versucht mit Karla in vielen Gespr\u00e4chen herauszufinden, was geschehen ist. Doch dem Kind fehlen oft die richtigen Worte, um sich auszudr\u00fccken. Das h\u00e4lt sie aber nicht davon ab, aussagen zu wollen und ihr Schicksal zu teilen.Basierend auf einer wahren Geschichte erz\u00e4hlt das deutsche Drama von einem M\u00e4dchen, das 1962 den eigenen Vater vor Gericht zerrte und beschuldigte, sie missbraucht zu haben, wieder und wieder, viele Jahre lang. Der Fall selbst sorgte damals nur f\u00fcr wenig Aufmerksamkeit. Das Besondere an dieser Geschichte ist dabei nicht, dass es zu dem sexuellen \u00dcbergriff gekommen ist. Solche Verbrechen sind h\u00e4ufiger, als man denkt, die Weltgesund- heitsorganisation geht davon aus, dass bis zu eine Million Kinder und Jugendliche in Deutschland bereits sexuelle Gewalt durch Erwachsene erfahren mussten oder erfahren. Ungew\u00f6hnlich ist jedoch der Schritt, von sich aus Strafanzeige zu erstatten \u2013 von einer Zw\u00f6lfj\u00e4hrigen im Jahr 1962. (<a href=\"https:\/\/www.fsff.de\/home\/cm\/fff-current-n-filmarchiv\/index.14581.html\" target=\"_blank\" rel=\"noopener\">mehr auf der Festivalseite!<\/a>)<\/p>\n<hr \/>\n<p>Drehbuch: Yvonne G\u00f6rlach, DW Absolventin 2000 | Regie: Christina Tournatz\u1ebds | Kamera: Florian Emmerich<\/p>\n<hr \/>\n<p>Samstag, 13.09.2025 | 20:15 Uhr | Kino Gauting<\/p>\n<p>Sonntag, 14.09.2025 | 17:00 Uhr | Schlossberghalle Starnberg<\/p>\n<p>Montag, 15.09.2025 | 20:00 Uhr | Kino Wessling[\/vc_column_text][\/vc_column][vc_column width=&#8220;1\/2&#8243;][vc_single_image media=&#8220;86693&#8243; media_lightbox=&#8220;yes&#8220; media_width_percent=&#8220;100&#8243; uncode_shortcode_id=&#8220;181009&#8243;][vc_single_image media=&#8220;86699&#8243; media_lightbox=&#8220;yes&#8220; media_width_percent=&#8220;100&#8243; uncode_shortcode_id=&#8220;862860&#8243;][\/vc_column][\/vc_row][vc_row][vc_column width=&#8220;1\/2&#8243;][vc_single_image media=&#8220;86689&#8243; media_lightbox=&#8220;yes&#8220; media_width_percent=&#8220;100&#8243; uncode_shortcode_id=&#8220;100796&#8243;][vc_single_image media=&#8220;86698&#8243; media_lightbox=&#8220;yes&#8220; media_width_percent=&#8220;100&#8243; uncode_shortcode_id=&#8220;122925&#8243;][\/vc_column][vc_column width=&#8220;1\/2&#8243;][vc_column_text uncode_shortcode_id=&#8220;155471&#8243;][vc_custom_heading heading_semantic=&#8220;h5&#8243; text_size=&#8220;h5&#8243; text_font=&#8220;font-672269&#8243; text_weight=&#8220;300&#8243; text_transform=&#8220;uppercase&#8220; text_color=&#8220;color-dfgh&#8220;]F\u00dcNF SEEN FILMFESTIVAL 2025[\/vc_custom_heading][vc_custom_heading heading_semantic=&#8220;h1&#8243; text_size=&#8220;h1&#8243; text_font=&#8220;font-672269&#8243; text_weight=&#8220;300&#8243; text_color=&#8220;accent&#8220; separator=&#8220;yes&#8220; separator_color=&#8220;yes&#8220; separator_double=&#8220;yes&#8220;]23. NICHTS IST SO WIE ES SCHEINT[\/vc_custom_heading]<\/p>\n<p>In der Bundesrepublik der 1980er Jahre \u2013 zur Zeit der Friedensbewegung, der Anti-Atomkraft-Demonstrationen und der Endphase des Kalten Krieges \u2013 empfindet der 19-j\u00e4hrige Karl Koch die Welt um sich herum als falsch und bedrohlich. Inspiriert von der Romanfigur Hagbard Celine aus Robert Sheas und Robert Anton Wilsons Illuminatus!-Trilogie, macht er sich von Hannover aus auf die Suche nach den Hintergr\u00fcnden politischer und wirtschaftlicher Macht und entdeckt Zeichen (wie die Zahl 23), die ihn an eine weltweite Verschw\u00f6rung glauben lassen. (FSFF-Homepage)\u201eBesonders aus heutiger Sicht erscheint 23 aktueller denn je. Mit der Freiheit des Internets, wie es sich in den 1980er Jahren noch darstellte, wird schnell gebrochen, als auf einmal alle Sicherheiten und Wahrheiten zur Debatte stehen. Die Figur des Karl Koch wirkt wie ein Wiederg\u00e4nger oder eine Blaupause heutiger Whistleblower, die, getrieben von der Vision von Freiheit und Transparenz, Aufkl\u00e4rung betreiben wollen und letztlich selbst vom System gejagt werden. Hinter der Verschw\u00f6rungstheorie und der Fiktionalit\u00e4t des Romans steckt eine Wahrheit, die es zu erfassen gilt, so macht uns der Film immer wieder bewusst, was der Geschichte eine Explosivit\u00e4t gibt. (<a href=\"https:\/\/www.fsff.de\/home\/cm\/fff-current-n-filmarchiv\/index.14616.html\" target=\"_blank\" rel=\"noopener\">mehr auf der Festivalseite!<\/a>)<\/p>\n<hr \/>\n<p>Drehbuch Michael Gutmann, Hans-Christian Schmid, DW Absolvent 1992<\/p>\n<hr \/>\n<p>Donnerstag, 11.09.2025 | 17.00 Uhr | Kino Starnberg[\/vc_column_text][\/vc_column][\/vc_row][vc_row][vc_column width=&#8220;1\/2&#8243;][vc_column_text uncode_shortcode_id=&#8220;546281&#8243;][vc_custom_heading heading_semantic=&#8220;h5&#8243; text_size=&#8220;h5&#8243; text_font=&#8220;font-672269&#8243; text_weight=&#8220;300&#8243; text_transform=&#8220;uppercase&#8220; text_color=&#8220;color-dfgh&#8220;]F\u00dcNF SEEN FILMFESTIVAL 2025[\/vc_custom_heading][vc_custom_heading heading_semantic=&#8220;h1&#8243; text_size=&#8220;h1&#8243; text_font=&#8220;font-672269&#8243; text_weight=&#8220;300&#8243; text_color=&#8220;accent&#8220; separator=&#8220;yes&#8220; separator_color=&#8220;yes&#8220; separator_double=&#8220;yes&#8220;]ORPHEA IN LOVE[\/vc_custom_heading]<\/p>\n<p>Ein mitrei\u00dfender Tanzfilm voller Leidenschaft und kultureller Spannung: Malhar, ein Rikschafahrer, entdeckt den argentinischen Tango und ger\u00e4t zwischen die Welten seiner konservativen Herkunft und der urbanen Tanz-Elite. W\u00e4hrend er die Freiheit und Freude am Tanz erlebt, w\u00e4chst der Widerstand seiner Gemeinschaft gegen seinen unkonventionellen Weg. Gemeinsam mit seiner Schwester begibt er sich auf eine Reise durch das sich wandelnde Indien, in der es um mehr geht als nur Tanz \u2013 um Selbstfindung, Mut und den Mut, dem eigenen Herzen zu folgen. (<a href=\"https:\/\/www.fsff.de\/home\/cm\/fff-current-n-filmarchiv\/index.12659.html\" target=\"_blank\" rel=\"noopener\">mehr auf der Festivalseite!<\/a>)<\/p>\n<hr \/>\n<p>Drehbuch: Axel Ranisch, S\u00f6nke Andresen, Dennis Pauls| Regie: Axel Ranisch | Kamera: Dennis Pauls<\/p>\n<hr \/>\n<p>Donnerstag, 11.09.2025 | 20:00 Uhr | Kino Wessling<\/p>\n<p>Freitag, 13.09.2025 | 11:00 Uhr | Kino Starnberg[\/vc_column_text][\/vc_column][vc_column width=&#8220;1\/2&#8243;][vc_single_image media=&#8220;86694&#8243; media_lightbox=&#8220;yes&#8220; media_width_percent=&#8220;100&#8243; uncode_shortcode_id=&#8220;442500&#8243;][\/vc_column][\/vc_row][vc_row][vc_column width=&#8220;1\/1&#8243;][vc_single_image media=&#8220;510&#8243; media_width_percent=&#8220;100&#8243;][\/vc_column][\/vc_row]<\/p>\n<\/div>","protected":false},"excerpt":{"rendered":"<p>F\u00dcNF SEEN FILMFESTIVAL 2025: Auch AbsolventInnen der Drehbuchwerkstatt stehen mit ihren Werken auf dem Programm &#8211; und sind zu bestimmten Zeiten auch pers\u00f6nlich im Kino anwesend!<\/p>\n","protected":false},"author":1,"featured_media":86707,"comment_status":"closed","ping_status":"closed","sticky":false,"template":"","format":"standard","meta":{"footnotes":""},"categories":[1,19,21,26],"tags":[29,30,45,204,225,226,227,228],"class_list":["post-86675","post","type-post","status-publish","format-standard","has-post-thumbnail","hentry","category-allgemein","category-schaufenster-mini","category-erfolge","category-veranstaltungen","tag-drehbuchwerkstatt","tag-muenchen","tag-drehbuch","tag-festival","tag-fuenf-seen","tag-filmfestival","tag-227","tag-fsff25"],"_links":{"self":[{"href":"https:\/\/www.drehbuchwerkstatt.de\/relaunch\/wp-json\/wp\/v2\/posts\/86675","targetHints":{"allow":["GET"]}}],"collection":[{"href":"https:\/\/www.drehbuchwerkstatt.de\/relaunch\/wp-json\/wp\/v2\/posts"}],"about":[{"href":"https:\/\/www.drehbuchwerkstatt.de\/relaunch\/wp-json\/wp\/v2\/types\/post"}],"author":[{"embeddable":true,"href":"https:\/\/www.drehbuchwerkstatt.de\/relaunch\/wp-json\/wp\/v2\/users\/1"}],"replies":[{"embeddable":true,"href":"https:\/\/www.drehbuchwerkstatt.de\/relaunch\/wp-json\/wp\/v2\/comments?post=86675"}],"version-history":[{"count":13,"href":"https:\/\/www.drehbuchwerkstatt.de\/relaunch\/wp-json\/wp\/v2\/posts\/86675\/revisions"}],"predecessor-version":[{"id":86703,"href":"https:\/\/www.drehbuchwerkstatt.de\/relaunch\/wp-json\/wp\/v2\/posts\/86675\/revisions\/86703"}],"wp:featuredmedia":[{"embeddable":true,"href":"https:\/\/www.drehbuchwerkstatt.de\/relaunch\/wp-json\/wp\/v2\/media\/86707"}],"wp:attachment":[{"href":"https:\/\/www.drehbuchwerkstatt.de\/relaunch\/wp-json\/wp\/v2\/media?parent=86675"}],"wp:term":[{"taxonomy":"category","embeddable":true,"href":"https:\/\/www.drehbuchwerkstatt.de\/relaunch\/wp-json\/wp\/v2\/categories?post=86675"},{"taxonomy":"post_tag","embeddable":true,"href":"https:\/\/www.drehbuchwerkstatt.de\/relaunch\/wp-json\/wp\/v2\/tags?post=86675"}],"curies":[{"name":"wp","href":"https:\/\/api.w.org\/{rel}","templated":true}]}}