{"id":86643,"date":"2025-08-08T09:35:25","date_gmt":"2025-08-08T07:35:25","guid":{"rendered":"https:\/\/www.drehbuchwerkstatt.de\/relaunch\/?p=86643"},"modified":"2025-08-09T10:20:29","modified_gmt":"2025-08-09T08:20:29","slug":"buchtipps2025","status":"publish","type":"post","link":"https:\/\/www.drehbuchwerkstatt.de\/relaunch\/2025\/08\/buchtipps2025\/","title":{"rendered":"BUCHTIPPS SOMMER 2025: STOFFE VON ABSOLVENT*INNEN!"},"content":{"rendered":"<div class=\"wpb-content-wrapper\"><p>[vc_row][vc_column width=&#8220;1\/1&#8243;][vc_column_text uncode_shortcode_id=&#8220;136515&#8243;][vc_custom_heading heading_semantic=&#8220;h5&#8243; text_size=&#8220;h5&#8243; text_font=&#8220;font-672269&#8243; text_weight=&#8220;300&#8243; text_transform=&#8220;uppercase&#8220; text_color=&#8220;color-dfgh&#8220;]LEKT\u00dcRE VON ABSOLVENT*INNEN 2025[\/vc_custom_heading][vc_custom_heading heading_semantic=&#8220;h1&#8243; text_size=&#8220;h1&#8243; text_font=&#8220;font-672269&#8243; text_weight=&#8220;300&#8243; text_color=&#8220;accent&#8220; separator=&#8220;yes&#8220; separator_color=&#8220;yes&#8220; separator_double=&#8220;yes&#8220;]BUCHTIPPS F\u00dcR DEN SOMMER![\/vc_custom_heading]<\/p>\n<p><strong>Buchtipps f\u00fcr den Sommer und ein bisschen Herbst &#8211; Buchtipps f\u00fcr die Sommerferien: Die Absolvent:innen der Drehbuchwerkstatt schreiben Romane, Krimis und Biografien. Hier eine Auswahl der B\u00fccher mit Erscheinungsjahr 2025. Viel Spa\u00df bei der Lekt\u00fcre!<\/strong>[\/vc_column_text][\/vc_column][\/vc_row][vc_row][vc_column width=&#8220;1\/2&#8243;][vc_column_text uncode_shortcode_id=&#8220;201716&#8243;][vc_custom_heading heading_semantic=&#8220;h5&#8243; text_size=&#8220;h5&#8243; text_font=&#8220;font-672269&#8243; text_weight=&#8220;300&#8243; text_transform=&#8220;uppercase&#8220; text_color=&#8220;color-dfgh&#8220;]SOMMER-LEKT\u00dcRE VON ABSOLVENT*INNEN 2025[\/vc_custom_heading][vc_custom_heading heading_semantic=&#8220;h1&#8243; text_size=&#8220;h1&#8243; text_font=&#8220;font-672269&#8243; text_weight=&#8220;300&#8243; text_color=&#8220;accent&#8220; separator=&#8220;yes&#8220; separator_color=&#8220;yes&#8220; separator_double=&#8220;yes&#8220;]DURCH DAS RAUE ZU DEN STERNEN[\/vc_custom_heading]<\/p>\n<p><strong>DURCH DAS RAUE ZU DEN STERNEN von Christopher Kloeble<\/strong><\/p>\n<p>Christopher Kloeble liest am Freitag, 7. November 2025, in M\u00fcnchen in der <a href=\"https:\/\/www.glockenbachbuchhandlung.de\/veranstaltungen\/\" target=\"_blank\" rel=\"noopener\">Glockenbach Buchhandlung<\/a>!<\/p>\n<p>Arkadia will in einem Knabenchor singen, und das um jeden Preis. Atmosph\u00e4risch, tief bewegend und auf tragikomische Weise erz\u00e4hlt Christopher Kloeble in \u00bbDurch das Raue zu den Sternen\u00ab von der gro\u00dfen Liebe eines M\u00e4dchens zu ihren Eltern und der Musik. Und dem unb\u00e4ndigen Willen, der Welt zu beweisen, wer man sein kann, wenn man sich den Regeln der Gesellschaft nicht beugt<\/p>\n<hr \/>\n<p><img decoding=\"async\" class=\"alignleft wp-image-84377\" src=\"https:\/\/www.drehbuchwerkstatt.de\/relaunch\/wp-content\/uploads\/2023\/03\/dbw_icons_link-150x150.png\" alt=\"\" width=\"20\" height=\"20\" srcset=\"https:\/\/www.drehbuchwerkstatt.de\/relaunch\/wp-content\/uploads\/2023\/03\/dbw_icons_link-150x150.png 150w, https:\/\/www.drehbuchwerkstatt.de\/relaunch\/wp-content\/uploads\/2023\/03\/dbw_icons_link-300x300.png 300w, https:\/\/www.drehbuchwerkstatt.de\/relaunch\/wp-content\/uploads\/2023\/03\/dbw_icons_link-350x350.png 350w, https:\/\/www.drehbuchwerkstatt.de\/relaunch\/wp-content\/uploads\/2023\/03\/dbw_icons_link-348x348.png 348w, https:\/\/www.drehbuchwerkstatt.de\/relaunch\/wp-content\/uploads\/2023\/03\/dbw_icons_link.png 500w\" sizes=\"(max-width: 20px) 100vw, 20px\" \/><a href=\"https:\/\/www.klett-cotta.de\/produkt\/christopher-kloeble-durch-das-raue-zu-den-sternen-9783608966572-t-9123\" target=\"_blank\" rel=\"noopener\">Mehr zum Buch!<\/a>[\/vc_column_text][\/vc_column][vc_column width=&#8220;1\/2&#8243;][vc_single_image media=&#8220;86651&#8243; media_lightbox=&#8220;yes&#8220; media_width_percent=&#8220;100&#8243; uncode_shortcode_id=&#8220;614334&#8243;][\/vc_column][\/vc_row][vc_row][vc_column width=&#8220;1\/2&#8243;][vc_single_image media=&#8220;86648&#8243; media_lightbox=&#8220;yes&#8220; media_width_percent=&#8220;100&#8243; uncode_shortcode_id=&#8220;146583&#8243;][\/vc_column][vc_column width=&#8220;1\/2&#8243;][vc_column_text uncode_shortcode_id=&#8220;204560&#8243;][vc_custom_heading heading_semantic=&#8220;h5&#8243; text_size=&#8220;h5&#8243; text_font=&#8220;font-672269&#8243; text_weight=&#8220;300&#8243; text_transform=&#8220;uppercase&#8220; text_color=&#8220;color-dfgh&#8220;]SOMMER-LEKT\u00dcRE VON ABSOLVENT*INNEN 2025[\/vc_custom_heading][vc_custom_heading heading_semantic=&#8220;h1&#8243; text_size=&#8220;h1&#8243; text_font=&#8220;font-672269&#8243; text_weight=&#8220;300&#8243; text_color=&#8220;accent&#8220; separator=&#8220;yes&#8220; separator_color=&#8220;yes&#8220; separator_double=&#8220;yes&#8220;]F\u00dcR POLINA[\/vc_custom_heading]<\/p>\n<p><strong>F\u00fcr Polina von Takis W\u00fcrger<\/strong><\/p>\n<p>Takis W\u00fcrger ist ab Ende August wieder auf <a href=\"https:\/\/www.diogenes.ch\/leser\/autoren\/w\/takis-wuerger.html#!events\" target=\"_blank\" rel=\"noopener\">Lesereise<\/a>.<\/p>\n<p>Als er vierzehn ist, verliebt sich Hannes Prager in das M\u00e4dchen Polina. Um ihr seine Liebe zu zeigen, komponiert der wundersam begabte Junge eine Melodie, die Polinas ganzes Sehnen und W\u00fcnschen umfasst. Doch sein Leben nimmt eine unvorhergesehene Wendung, Hannes h\u00f6rt auf, Klavier zu spielen und seine und Polinas Wege trennen sich. Nach Jahren, in denen er nichts als Leere f\u00fchlt, erkennt Hannes: Er muss Polina wiederfinden. Und das Einzige, womit er sie erreichen kann, ist ihre Melodie.<\/p>\n<hr \/>\n<p><img decoding=\"async\" class=\"alignleft wp-image-84377\" src=\"https:\/\/www.drehbuchwerkstatt.de\/relaunch\/wp-content\/uploads\/2023\/03\/dbw_icons_link-150x150.png\" alt=\"\" width=\"20\" height=\"20\" srcset=\"https:\/\/www.drehbuchwerkstatt.de\/relaunch\/wp-content\/uploads\/2023\/03\/dbw_icons_link-150x150.png 150w, https:\/\/www.drehbuchwerkstatt.de\/relaunch\/wp-content\/uploads\/2023\/03\/dbw_icons_link-300x300.png 300w, https:\/\/www.drehbuchwerkstatt.de\/relaunch\/wp-content\/uploads\/2023\/03\/dbw_icons_link-350x350.png 350w, https:\/\/www.drehbuchwerkstatt.de\/relaunch\/wp-content\/uploads\/2023\/03\/dbw_icons_link-348x348.png 348w, https:\/\/www.drehbuchwerkstatt.de\/relaunch\/wp-content\/uploads\/2023\/03\/dbw_icons_link.png 500w\" sizes=\"(max-width: 20px) 100vw, 20px\" \/><a href=\"https:\/\/fuerpolina.diogenes.ch\" target=\"_blank\" rel=\"noopener\">Mehr zum Buch!<\/a>[\/vc_column_text][\/vc_column][\/vc_row][vc_row][vc_column width=&#8220;1\/2&#8243;][vc_column_text uncode_shortcode_id=&#8220;180129&#8243;][vc_custom_heading heading_semantic=&#8220;h5&#8243; text_size=&#8220;h5&#8243; text_font=&#8220;font-672269&#8243; text_weight=&#8220;300&#8243; text_transform=&#8220;uppercase&#8220; text_color=&#8220;color-dfgh&#8220;]SOMMER-LEKT\u00dcRE VON ABSOLVENT*INNEN 2025[\/vc_custom_heading][vc_custom_heading heading_semantic=&#8220;h1&#8243; text_size=&#8220;h1&#8243; text_font=&#8220;font-672269&#8243; text_weight=&#8220;300&#8243; text_color=&#8220;accent&#8220; separator=&#8220;yes&#8220; separator_color=&#8220;yes&#8220; separator_double=&#8220;yes&#8220;]BERCHTESGADEN[\/vc_custom_heading]<\/p>\n<p><strong>Berchtesgaden von Carolin Otto<\/strong><\/p>\n<p>Ein Land zwischen Verdr\u00e4ngen und Erwachen &#8211; ein bildgewaltiges Gesellschaftspanorama einer symboltr\u00e4chtigen Zeit. Berchtesgaden im Mai 1945. Die Lieblingsstadt des F\u00fchrers kapituliert, die US-Amerikaner \u00fcbernehmen die Regierung. Trotz ihres bescheidenen Englischs tritt die 19-j\u00e4hrige Sophie eine Stelle beim Military Government an, wo sie zum ersten Mal mit der ganzen Wahrheit \u00fcber die deutschen Verbrechen konfrontiert wird. Sie trifft dort Menschen, die den Blick auf ihre eigene Familie ver\u00e4ndern.<\/p>\n<hr \/>\n<p><img decoding=\"async\" class=\"alignleft wp-image-84377\" src=\"https:\/\/www.drehbuchwerkstatt.de\/relaunch\/wp-content\/uploads\/2023\/03\/dbw_icons_link-150x150.png\" alt=\"\" width=\"20\" height=\"20\" srcset=\"https:\/\/www.drehbuchwerkstatt.de\/relaunch\/wp-content\/uploads\/2023\/03\/dbw_icons_link-150x150.png 150w, https:\/\/www.drehbuchwerkstatt.de\/relaunch\/wp-content\/uploads\/2023\/03\/dbw_icons_link-300x300.png 300w, https:\/\/www.drehbuchwerkstatt.de\/relaunch\/wp-content\/uploads\/2023\/03\/dbw_icons_link-350x350.png 350w, https:\/\/www.drehbuchwerkstatt.de\/relaunch\/wp-content\/uploads\/2023\/03\/dbw_icons_link-348x348.png 348w, https:\/\/www.drehbuchwerkstatt.de\/relaunch\/wp-content\/uploads\/2023\/03\/dbw_icons_link.png 500w\" sizes=\"(max-width: 20px) 100vw, 20px\" \/><a href=\"https:\/\/bastei-luebbe.de\/Buecher\/Romane-Erzaehlungen\/Berchtesgaden\/9783757700584\" target=\"_blank\" rel=\"noopener\">Mehr zum Buch!<\/a>[\/vc_column_text][\/vc_column][vc_column width=&#8220;1\/2&#8243;][vc_single_image media=&#8220;86645&#8243; media_lightbox=&#8220;yes&#8220; media_width_percent=&#8220;100&#8243; uncode_shortcode_id=&#8220;961699&#8243;][\/vc_column][\/vc_row][vc_row][vc_column width=&#8220;1\/2&#8243;][vc_single_image media=&#8220;86647&#8243; media_lightbox=&#8220;yes&#8220; media_width_percent=&#8220;100&#8243; uncode_shortcode_id=&#8220;192607&#8243;][\/vc_column][vc_column width=&#8220;1\/2&#8243;][vc_column_text uncode_shortcode_id=&#8220;173621&#8243;][vc_custom_heading heading_semantic=&#8220;h5&#8243; text_size=&#8220;h5&#8243; text_font=&#8220;font-672269&#8243; text_weight=&#8220;300&#8243; text_transform=&#8220;uppercase&#8220; text_color=&#8220;color-dfgh&#8220;]SOMMER-LEKT\u00dcRE VON ABSOLVENT*INNEN 2025[\/vc_custom_heading][vc_custom_heading heading_semantic=&#8220;h1&#8243; text_size=&#8220;h1&#8243; text_font=&#8220;font-672269&#8243; text_weight=&#8220;300&#8243; text_color=&#8220;accent&#8220; separator=&#8220;yes&#8220; separator_color=&#8220;yes&#8220; separator_double=&#8220;yes&#8220;]UND FEDERN \u00dcBERALL[\/vc_custom_heading]<\/p>\n<p><strong>Und Federn \u00fcberall von Nava Ebrahimi<\/strong><\/p>\n<p>Nava Ebrahimi liest am Dienstag, 23. September im <a href=\"https:\/\/www.literaturhaus-muenchen.de\/veranstaltung\/und-federn-ueberall\/\" target=\"_blank\" rel=\"noopener\">Literaturhaus M\u00fcnchen<\/a>. Der Roman erscheint am 10. September 2025.<\/p>\n<p>Eine Kleinstadt in der norddeutschen Provinz. Sechs Menschen, die ein neues Kapitel in ihrem Leben aufschlagen. Ein Tag, der alles ver\u00e4ndert.<\/p>\n<hr \/>\n<p><img decoding=\"async\" class=\"alignleft wp-image-84377\" src=\"https:\/\/www.drehbuchwerkstatt.de\/relaunch\/wp-content\/uploads\/2023\/03\/dbw_icons_link-150x150.png\" alt=\"\" width=\"20\" height=\"20\" srcset=\"https:\/\/www.drehbuchwerkstatt.de\/relaunch\/wp-content\/uploads\/2023\/03\/dbw_icons_link-150x150.png 150w, https:\/\/www.drehbuchwerkstatt.de\/relaunch\/wp-content\/uploads\/2023\/03\/dbw_icons_link-300x300.png 300w, https:\/\/www.drehbuchwerkstatt.de\/relaunch\/wp-content\/uploads\/2023\/03\/dbw_icons_link-350x350.png 350w, https:\/\/www.drehbuchwerkstatt.de\/relaunch\/wp-content\/uploads\/2023\/03\/dbw_icons_link-348x348.png 348w, https:\/\/www.drehbuchwerkstatt.de\/relaunch\/wp-content\/uploads\/2023\/03\/dbw_icons_link.png 500w\" sizes=\"(max-width: 20px) 100vw, 20px\" \/><a href=\"https:\/\/www.penguin.de\/buecher\/nava-ebrahimi-und-federn-ueberall\/buch\/9783630877457\" target=\"_blank\" rel=\"noopener\">Mehr zum Buch!<\/a>[\/vc_column_text][\/vc_column][\/vc_row][vc_row][vc_column width=&#8220;1\/2&#8243;][vc_column_text uncode_shortcode_id=&#8220;129216&#8243;][vc_custom_heading heading_semantic=&#8220;h5&#8243; text_size=&#8220;h5&#8243; text_font=&#8220;font-672269&#8243; text_weight=&#8220;300&#8243; text_transform=&#8220;uppercase&#8220; text_color=&#8220;color-dfgh&#8220;]SOMMER-LEKT\u00dcRE VON ABSOLVENT*INNEN 2025[\/vc_custom_heading][vc_custom_heading heading_semantic=&#8220;h1&#8243; text_size=&#8220;h1&#8243; text_font=&#8220;font-672269&#8243; text_weight=&#8220;300&#8243; text_color=&#8220;accent&#8220; separator=&#8220;yes&#8220; separator_color=&#8220;yes&#8220; separator_double=&#8220;yes&#8220;]RABENLAND[\/vc_custom_heading]<\/p>\n<p><strong>Rabenland von Max Bentow<\/strong><\/p>\n<p>Ein M\u00e4dchen ohne Erinnerung und ein verst\u00f6render Fund auf einer einsamen Lichtung im Wald: der zweite Fall f\u00fcr Carlotta Weiss und Nils Trojan. Rabenland erscheint am 13. August.<\/p>\n<p>Falls Sie auch gerne in der Reihenfolge lesen: Der erste Fall von Carlotta Weiss und Nils Trojan hei\u00dft: <a href=\"https:\/\/www.penguin.de\/buecher\/max-bentow-eulenschrei\/taschenbuch\/9783442496402\" target=\"_blank\" rel=\"noopener\">Eulenschrei<\/a>.<\/p>\n<hr \/>\n<p><img decoding=\"async\" class=\"alignleft wp-image-84377\" src=\"https:\/\/www.drehbuchwerkstatt.de\/relaunch\/wp-content\/uploads\/2023\/03\/dbw_icons_link-150x150.png\" alt=\"\" width=\"20\" height=\"20\" srcset=\"https:\/\/www.drehbuchwerkstatt.de\/relaunch\/wp-content\/uploads\/2023\/03\/dbw_icons_link-150x150.png 150w, https:\/\/www.drehbuchwerkstatt.de\/relaunch\/wp-content\/uploads\/2023\/03\/dbw_icons_link-300x300.png 300w, https:\/\/www.drehbuchwerkstatt.de\/relaunch\/wp-content\/uploads\/2023\/03\/dbw_icons_link-350x350.png 350w, https:\/\/www.drehbuchwerkstatt.de\/relaunch\/wp-content\/uploads\/2023\/03\/dbw_icons_link-348x348.png 348w, https:\/\/www.drehbuchwerkstatt.de\/relaunch\/wp-content\/uploads\/2023\/03\/dbw_icons_link.png 500w\" sizes=\"(max-width: 20px) 100vw, 20px\" \/><a href=\"https:\/\/www.penguin.de\/buecher\/max-bentow-rabenland\/paperback\/9783442206582\" target=\"_blank\" rel=\"noopener\">Mehr zum Buch!<\/a>[\/vc_column_text][\/vc_column][vc_column width=&#8220;1\/2&#8243;][vc_single_image media=&#8220;86646&#8243; media_lightbox=&#8220;yes&#8220; media_width_percent=&#8220;100&#8243; uncode_shortcode_id=&#8220;178040&#8243;][\/vc_column][\/vc_row][vc_row][vc_column width=&#8220;1\/2&#8243;][vc_single_image media=&#8220;86650&#8243; media_lightbox=&#8220;yes&#8220; media_width_percent=&#8220;100&#8243; uncode_shortcode_id=&#8220;171146&#8243;][\/vc_column][vc_column width=&#8220;1\/2&#8243;][vc_column_text uncode_shortcode_id=&#8220;293581&#8243;][vc_custom_heading heading_semantic=&#8220;h5&#8243; text_size=&#8220;h5&#8243; text_font=&#8220;font-672269&#8243; text_weight=&#8220;300&#8243; text_transform=&#8220;uppercase&#8220; text_color=&#8220;color-dfgh&#8220;]SOMMER-LEKT\u00dcRE VON ABSOLVENT*INNEN 2025[\/vc_custom_heading][vc_custom_heading heading_semantic=&#8220;h1&#8243; text_size=&#8220;h1&#8243; text_font=&#8220;font-672269&#8243; text_weight=&#8220;300&#8243; text_color=&#8220;accent&#8220; separator=&#8220;yes&#8220; separator_color=&#8220;yes&#8220; separator_double=&#8220;yes&#8220;]IM WIND DER FREIHEIT[\/vc_custom_heading]<\/p>\n<p><strong>Im Wind der Freiheit von Tanja Kinkel<\/strong><\/p>\n<p>Tanja Kinkel liest am Samstag, 30. August 2025 in <a href=\"https:\/\/hoffmann-und-campe.de\/pages\/veranstaltungen\" target=\"_blank\" rel=\"noopener\">Unna<\/a> und am Donnerstag, 4. September in <a href=\"https:\/\/hoffmann-und-campe.de\/pages\/veranstaltungen\" target=\"_blank\" rel=\"noopener\">Gie\u00dfen<\/a>.<\/p>\n<p>1848: Die Menschen im Deutschen Bund erheben sich gegen die Macht der F\u00fcrsten und der Zensur. W\u00e4hrend Deutschland die Morgend\u00e4mmerung der Demokratie erlebt, finden in den Wirren der Zeit zwei ungleiche Frauen zueinander: Die arbeits- und mittellose Susanne, die sich auf einen gef\u00e4hrlichen Auftrag eingelassen hat &#8211; und die mutige Schriftstellerin und unbeirrbare Demokratin Louise Otto. Seite an Seite k\u00e4mpfen sie f\u00fcr Freiheit und Selbstbestimmung in einer Revolution, die trotz ihres Scheiterns das Land f\u00fcr immer ver\u00e4ndern wird.<\/p>\n<hr \/>\n<p><img decoding=\"async\" class=\"alignleft wp-image-84377\" src=\"https:\/\/www.drehbuchwerkstatt.de\/relaunch\/wp-content\/uploads\/2023\/03\/dbw_icons_link-150x150.png\" alt=\"\" width=\"20\" height=\"20\" srcset=\"https:\/\/www.drehbuchwerkstatt.de\/relaunch\/wp-content\/uploads\/2023\/03\/dbw_icons_link-150x150.png 150w, https:\/\/www.drehbuchwerkstatt.de\/relaunch\/wp-content\/uploads\/2023\/03\/dbw_icons_link-300x300.png 300w, https:\/\/www.drehbuchwerkstatt.de\/relaunch\/wp-content\/uploads\/2023\/03\/dbw_icons_link-350x350.png 350w, https:\/\/www.drehbuchwerkstatt.de\/relaunch\/wp-content\/uploads\/2023\/03\/dbw_icons_link-348x348.png 348w, https:\/\/www.drehbuchwerkstatt.de\/relaunch\/wp-content\/uploads\/2023\/03\/dbw_icons_link.png 500w\" sizes=\"(max-width: 20px) 100vw, 20px\" \/><a href=\"https:\/\/hoffmann-und-campe.de\/products\/77092-im-wind-der-freiheit\" target=\"_blank\" rel=\"noopener\">Mehr zum Buch!<\/a>[\/vc_column_text][\/vc_column][\/vc_row][vc_row][vc_column width=&#8220;1\/2&#8243;][vc_column_text uncode_shortcode_id=&#8220;105716&#8243;][vc_custom_heading heading_semantic=&#8220;h5&#8243; text_size=&#8220;h5&#8243; text_font=&#8220;font-672269&#8243; text_weight=&#8220;300&#8243; text_transform=&#8220;uppercase&#8220; text_color=&#8220;color-dfgh&#8220;]SOMMER-LEKT\u00dcRE VON ABSOLVENT*INNEN 2025[\/vc_custom_heading][vc_custom_heading heading_semantic=&#8220;h1&#8243; text_size=&#8220;h1&#8243; text_font=&#8220;font-672269&#8243; text_weight=&#8220;300&#8243; text_color=&#8220;accent&#8220; separator=&#8220;yes&#8220; separator_color=&#8220;yes&#8220; separator_double=&#8220;yes&#8220;]ILVIE UND DER WEISSE WOLF[\/vc_custom_heading]<\/p>\n<p><strong>Ilvie und der wei\u00dfe Wolf von Kristina Magdalena Henn<\/strong><\/p>\n<p>Ilvies ganz pers\u00f6nlicher Albtraum ist wahr geworden: Sie muss mit ihrer Mutter aufs Land ziehen. Weg aus der Stadt, weg von ihren Freundinnen und rein ins Landleben. Ilvie f\u00fchlt sich v\u00f6llig fehl am Platz und als sie dann auch noch herausfindet, dass sie nur wegen des neuen Freundes ihrer Mutter hergezogen sind, will Ilvie einfach nur noch fl\u00fcchten \u2013 am liebsten zur\u00fcck nach Hause in die Stadt. Doch dann verirrt sie sich im Wald und begegnet einem geheimnisvollen wei\u00dfen Wolf, mit dem sie sich seltsam verbunden f\u00fchlt.<\/p>\n<hr \/>\n<p><img decoding=\"async\" class=\"alignleft wp-image-84377\" src=\"https:\/\/www.drehbuchwerkstatt.de\/relaunch\/wp-content\/uploads\/2023\/03\/dbw_icons_link-150x150.png\" alt=\"\" width=\"20\" height=\"20\" srcset=\"https:\/\/www.drehbuchwerkstatt.de\/relaunch\/wp-content\/uploads\/2023\/03\/dbw_icons_link-150x150.png 150w, https:\/\/www.drehbuchwerkstatt.de\/relaunch\/wp-content\/uploads\/2023\/03\/dbw_icons_link-300x300.png 300w, https:\/\/www.drehbuchwerkstatt.de\/relaunch\/wp-content\/uploads\/2023\/03\/dbw_icons_link-350x350.png 350w, https:\/\/www.drehbuchwerkstatt.de\/relaunch\/wp-content\/uploads\/2023\/03\/dbw_icons_link-348x348.png 348w, https:\/\/www.drehbuchwerkstatt.de\/relaunch\/wp-content\/uploads\/2023\/03\/dbw_icons_link.png 500w\" sizes=\"(max-width: 20px) 100vw, 20px\" \/><a href=\"https:\/\/karibubuecher.de\/book\/ilvie-und-der-weie-wolf-hardcover-9783961294596\/\" target=\"_blank\" rel=\"noopener\">Mehr zum Buch!<\/a>[\/vc_column_text][\/vc_column][vc_column width=&#8220;1\/2&#8243;][vc_single_image media=&#8220;86649&#8243; media_lightbox=&#8220;yes&#8220; media_width_percent=&#8220;100&#8243; uncode_shortcode_id=&#8220;207676&#8243;][\/vc_column][\/vc_row][vc_row][vc_column width=&#8220;1\/2&#8243;][vc_single_image media=&#8220;86652&#8243; media_lightbox=&#8220;yes&#8220; media_width_percent=&#8220;100&#8243; uncode_shortcode_id=&#8220;979797&#8243;][\/vc_column][vc_column width=&#8220;1\/2&#8243;][vc_column_text uncode_shortcode_id=&#8220;273665&#8243;][vc_custom_heading heading_semantic=&#8220;h5&#8243; text_size=&#8220;h5&#8243; text_font=&#8220;font-672269&#8243; text_weight=&#8220;300&#8243; text_transform=&#8220;uppercase&#8220; text_color=&#8220;color-dfgh&#8220;]SOMMER-LEKT\u00dcRE VON ABSOLVENT*INNEN 2025[\/vc_custom_heading][vc_custom_heading heading_semantic=&#8220;h1&#8243; text_size=&#8220;h1&#8243; text_font=&#8220;font-672269&#8243; text_weight=&#8220;300&#8243; text_color=&#8220;accent&#8220; separator=&#8220;yes&#8220; separator_color=&#8220;yes&#8220; separator_double=&#8220;yes&#8220;]LINA MORGENSTERN[\/vc_custom_heading]<\/p>\n<p><strong>Lina Morgenstern \u2013 Geschichte einer Rebellin von Gerhard J. Rekel<\/strong><\/p>\n<p>F\u00fcr Frauen hat das 19. Jahrhundert Heim, Herd und Gott vorgesehen. Doch Lina Morgenstern stellt sich schon fr\u00fch gegen diesen Lebensentwurf. Zu ihrem 18. Geburtstag gr\u00fcndet sie einen Wohlt\u00e4tigkeitsverein und \u00fcberredet auf ihrer Feier die Gesch\u00e4ftspartner ihres Vaters mit einer spontanen Rede zu gro\u00dfz\u00fcgigen Spenden. (Auszug).<\/p>\n<p>Gerhard J. Rekel liest:<\/p>\n<p>BERLIN: Freitag, 19. September 2025 in der <a href=\"https:\/\/www.kremayr-scheriau.at\/event\/gerhard-j-rekel-lina-morgenstern-8\/\" target=\"_blank\" rel=\"noopener\">Buchhandlung Morgenstern<\/a> (Sch\u00fctzenstra\u00dfe 54; 12165 Berlin) Beginn: 19:30 Uhr<\/p>\n<p>HAMBURG: Donnerstag, 25. September 2025 in der <a href=\"https:\/\/www.kremayr-scheriau.at\/event\/gerhard-j-rekel-lina-morgenstern-9\/\" target=\"_blank\" rel=\"noopener\">Alfred Schnittke Akademie<\/a> (Max-Brauer-Allee 24; 22765 Hamburg) Beginn: 19:30 Uhr<\/p>\n<p>WIEN: Dienstag, 7. Oktober 2025 im <a href=\"https:\/\/www.kremayr-scheriau.at\/event\/gerhard-j-rekel-lina-morgenstern-10\/\" target=\"_blank\" rel=\"noopener\">Weltmuseum Neue Burg<\/a> (Heldenplatz; 1010 Wien) Beginn: 19:00 Uhr<\/p>\n<hr \/>\n<p><img decoding=\"async\" class=\"alignleft wp-image-84377\" src=\"https:\/\/www.drehbuchwerkstatt.de\/relaunch\/wp-content\/uploads\/2023\/03\/dbw_icons_link-150x150.png\" alt=\"\" width=\"20\" height=\"20\" srcset=\"https:\/\/www.drehbuchwerkstatt.de\/relaunch\/wp-content\/uploads\/2023\/03\/dbw_icons_link-150x150.png 150w, https:\/\/www.drehbuchwerkstatt.de\/relaunch\/wp-content\/uploads\/2023\/03\/dbw_icons_link-300x300.png 300w, https:\/\/www.drehbuchwerkstatt.de\/relaunch\/wp-content\/uploads\/2023\/03\/dbw_icons_link-350x350.png 350w, https:\/\/www.drehbuchwerkstatt.de\/relaunch\/wp-content\/uploads\/2023\/03\/dbw_icons_link-348x348.png 348w, https:\/\/www.drehbuchwerkstatt.de\/relaunch\/wp-content\/uploads\/2023\/03\/dbw_icons_link.png 500w\" sizes=\"(max-width: 20px) 100vw, 20px\" \/><a href=\"https:\/\/www.kremayr-scheriau.at\/bucher-e-books\/titel\/lina-morgenstern\/\" target=\"_blank\" rel=\"noopener\">Mehr zum Buch!<\/a>[\/vc_column_text][\/vc_column][\/vc_row][vc_row][vc_column width=&#8220;1\/1&#8243;][vc_single_image media=&#8220;86668&#8243; media_width_percent=&#8220;100&#8243; uncode_shortcode_id=&#8220;110382&#8243;][\/vc_column][\/vc_row][vc_row][vc_column width=&#8220;1\/1&#8243;][vc_single_image media=&#8220;510&#8243; media_width_percent=&#8220;100&#8243;][\/vc_column][\/vc_row]<\/p>\n<\/div>","protected":false},"excerpt":{"rendered":"<p>Die Absolvent:innen der Drehbuchwerkstatt schreiben Romane, Krimis und Biografien. Hier eine Auswahl der B\u00fccher, die 2025 erscheinen!<\/p>\n","protected":false},"author":1,"featured_media":86668,"comment_status":"closed","ping_status":"closed","sticky":false,"template":"","format":"standard","meta":{"footnotes":""},"categories":[1,18,20,21],"tags":[29,30,45,223,224],"class_list":["post-86643","post","type-post","status-publish","format-standard","has-post-thumbnail","hentry","category-allgemein","category-schaufenster","category-absolventinnen","category-erfolge","tag-drehbuchwerkstatt","tag-muenchen","tag-drehbuch","tag-buecher","tag-buchtipps"],"_links":{"self":[{"href":"https:\/\/www.drehbuchwerkstatt.de\/relaunch\/wp-json\/wp\/v2\/posts\/86643","targetHints":{"allow":["GET"]}}],"collection":[{"href":"https:\/\/www.drehbuchwerkstatt.de\/relaunch\/wp-json\/wp\/v2\/posts"}],"about":[{"href":"https:\/\/www.drehbuchwerkstatt.de\/relaunch\/wp-json\/wp\/v2\/types\/post"}],"author":[{"embeddable":true,"href":"https:\/\/www.drehbuchwerkstatt.de\/relaunch\/wp-json\/wp\/v2\/users\/1"}],"replies":[{"embeddable":true,"href":"https:\/\/www.drehbuchwerkstatt.de\/relaunch\/wp-json\/wp\/v2\/comments?post=86643"}],"version-history":[{"count":11,"href":"https:\/\/www.drehbuchwerkstatt.de\/relaunch\/wp-json\/wp\/v2\/posts\/86643\/revisions"}],"predecessor-version":[{"id":86669,"href":"https:\/\/www.drehbuchwerkstatt.de\/relaunch\/wp-json\/wp\/v2\/posts\/86643\/revisions\/86669"}],"wp:featuredmedia":[{"embeddable":true,"href":"https:\/\/www.drehbuchwerkstatt.de\/relaunch\/wp-json\/wp\/v2\/media\/86668"}],"wp:attachment":[{"href":"https:\/\/www.drehbuchwerkstatt.de\/relaunch\/wp-json\/wp\/v2\/media?parent=86643"}],"wp:term":[{"taxonomy":"category","embeddable":true,"href":"https:\/\/www.drehbuchwerkstatt.de\/relaunch\/wp-json\/wp\/v2\/categories?post=86643"},{"taxonomy":"post_tag","embeddable":true,"href":"https:\/\/www.drehbuchwerkstatt.de\/relaunch\/wp-json\/wp\/v2\/tags?post=86643"}],"curies":[{"name":"wp","href":"https:\/\/api.w.org\/{rel}","templated":true}]}}