{"id":86567,"date":"2025-07-06T23:34:38","date_gmt":"2025-07-06T21:34:38","guid":{"rendered":"https:\/\/www.drehbuchwerkstatt.de\/relaunch\/?p=86567"},"modified":"2025-08-08T14:17:50","modified_gmt":"2025-08-08T12:17:50","slug":"gewinner_filmfest_muenchen_2025","status":"publish","type":"post","link":"https:\/\/www.drehbuchwerkstatt.de\/relaunch\/2025\/07\/gewinner_filmfest_muenchen_2025\/","title":{"rendered":"GEWINNER*INNEN AUF DEM FILMFEST M\u00dcNCHEN 2025!"},"content":{"rendered":"<div class=\"wpb-content-wrapper\"><p>[vc_row][vc_column width=&#8220;1\/1&#8243;][vc_single_image media=&#8220;86585&#8243; media_width_percent=&#8220;100&#8243; uncode_shortcode_id=&#8220;280909&#8243;][vc_column_text uncode_shortcode_id=&#8220;139240&#8243;][vc_custom_heading heading_semantic=&#8220;h5&#8243; text_size=&#8220;h5&#8243; text_font=&#8220;font-672269&#8243; text_weight=&#8220;300&#8243; text_transform=&#8220;uppercase&#8220; text_color=&#8220;color-dfgh&#8220;]FILMFEST M\u00dcNCHEN 2025[\/vc_custom_heading][vc_custom_heading heading_semantic=&#8220;h1&#8243; text_size=&#8220;h1&#8243; text_font=&#8220;font-672269&#8243; text_weight=&#8220;300&#8243; text_color=&#8220;accent&#8220; separator=&#8220;yes&#8220; separator_color=&#8220;yes&#8220; separator_double=&#8220;yes&#8220;]Voller Erfolg f\u00fcr Autorinnen der Drehbuchwerkstatt![\/vc_custom_heading]<\/p>\n<p><strong>Drehbuchwerkstatt M\u00fcnchen &#8211; Absolvent*innen beim 42. Filmfest M\u00fcnchen (27. Juni bis 6. Juli 2025)<\/strong><strong>!<\/strong><\/p>\n<p>Es ist wieder soweit: Der Vorhang f\u00fcr das Filmfest M\u00fcnchen \u00f6ffnet sich &#8211; und auch die Drehbuchwerkstatt M\u00fcnchen ist mit von der Partie! Sowohl in der Reihe &#8222;Neues Deutsches Fernsehen&#8220; als auch im Wettbewerb &#8222;CineCoPro&#8220; und &#8222;Neues Deutsches Kino&#8220; mischen unsere AbsolventInnen mit! Und das mit gro\u00dfem Erfolg![\/vc_column_text][\/vc_column][\/vc_row][vc_row][vc_column width=&#8220;1\/1&#8243;][vc_column_text uncode_shortcode_id=&#8220;111798&#8243;][vc_custom_heading heading_semantic=&#8220;h5&#8243; text_size=&#8220;h5&#8243; text_font=&#8220;font-672269&#8243; text_weight=&#8220;300&#8243; text_transform=&#8220;uppercase&#8220; text_color=&#8220;color-dfgh&#8220;]FILMFEST M\u00dcNCHEN 2025[\/vc_custom_heading][vc_custom_heading heading_semantic=&#8220;h1&#8243; text_size=&#8220;h1&#8243; text_font=&#8220;font-672269&#8243; text_weight=&#8220;300&#8243; text_color=&#8220;accent&#8220; separator=&#8220;yes&#8220; separator_color=&#8220;yes&#8220; separator_double=&#8220;yes&#8220;]Tankred Dorst Preis 2025![\/vc_custom_heading]<\/p>\n<p><strong>Lillian Loveday Erlinger<\/strong> wurde am vergangenen Dienstag im Rahmen der Abschlusspr\u00e4sentation der Drehbuchwerkstatt M\u00fcnchen im Audimax der HFF M\u00fcnchen mit dem Tankred Dorst Preis 2025 f\u00fcr ihr Drehbuch DIE FREMDEN IN UNS ausgezeichnet.<\/p>\n<p>Die Jurymitglieder, <strong>Moritz Binder<\/strong> (Deutscher Filmpreis Gewinner und Oscar-Nominiert f\u00fcr sein Drehbuch SEPTEMBER 5), <strong>Malina Nnendi Nwabuonwor<\/strong> (Absolventin der Drehbuchwerkstatt M\u00fcnchen | Steiermark, Drehbuchautorin u.a. SAM \u2013 EIN SACHSE) und <strong>Tobias Moretti<\/strong> (u.a. mit dem Bayerischen Filmpreis ausgezeichnet) zeichneten das dramatische Drehbuch von Lillian Loveday Erlinger aus. In der Begr\u00fcndung hei\u00dft es u.a.:<\/p>\n<p>\u201eObwohl der Konflikt-ausl\u00f6sende, schreckliche \u00c4rztefehler an sich schon Stoff genug f\u00fcr eine kraftvolle Erz\u00e4hlung bietet, erliegt Lillian Loveday Erlanger nicht der Versuchung, einen blo\u00dfen Effekt zum Zentrum ihres Buchs zu machen. Sie nutzt vielmehr den Schicksalsschlag als Ausgangslage, um uns hinabzuf\u00fchren in die Untiefen des Menschseins &#8211; weit jenseits zivilisatorischer Masken. Jede Figur wird zum komplexen Individuum im eigenen Schmerz. Jedes Klischee und jede Funktion bl\u00e4ttert nach und nach weg, legt den Menschen darunter frei.\u201c<\/p>\n<p>Nominiert waren weiterhin die Drehb\u00fccher von Mira Huber EIN RISS IN ALLEM und Anna Neata 4 MAL SOMMER.<\/p>\n<p>Monika Lobkowicz hat Lillian Loveday Erlinger bei der Entwicklung ihres Drehbuchs DIE FREMDEN IN UNS betreut. Anna Neata wurde von Kerstin Nommsen und Mira Huber von Ralf Zimmermann betreut.<\/p>\n<p><strong>Herzlichen Gl\u00fcckwunsch an Lillian Loveday zum Tankred Dorst Drehbuchpreis 2025, der mit 3.000 Euro dotiert ist und vom Bayerischen Rundfunk gestiftet wird.\u00a0<\/strong><\/p>\n<hr \/>\n<p><img decoding=\"async\" class=\"alignleft wp-image-84377\" src=\"https:\/\/www.drehbuchwerkstatt.de\/relaunch\/wp-content\/uploads\/2023\/03\/dbw_icons_link-150x150.png\" alt=\"\" width=\"20\" height=\"20\" srcset=\"https:\/\/www.drehbuchwerkstatt.de\/relaunch\/wp-content\/uploads\/2023\/03\/dbw_icons_link-150x150.png 150w, https:\/\/www.drehbuchwerkstatt.de\/relaunch\/wp-content\/uploads\/2023\/03\/dbw_icons_link-300x300.png 300w, https:\/\/www.drehbuchwerkstatt.de\/relaunch\/wp-content\/uploads\/2023\/03\/dbw_icons_link-350x350.png 350w, https:\/\/www.drehbuchwerkstatt.de\/relaunch\/wp-content\/uploads\/2023\/03\/dbw_icons_link-348x348.png 348w, https:\/\/www.drehbuchwerkstatt.de\/relaunch\/wp-content\/uploads\/2023\/03\/dbw_icons_link.png 500w\" sizes=\"(max-width: 20px) 100vw, 20px\" \/><a href=\"https:\/\/www.drehbuchwerkstatt.de\/relaunch\/2020\/11\/tankred-dorst-preis-preistraeger-und-bedeutung\/\" target=\"_blank\" rel=\"noopener\">Alle Tankred Dorst Preistr\u00e4ger<\/a>[\/vc_column_text][\/vc_column][\/vc_row][vc_row][vc_column width=&#8220;1\/1&#8243;][vc_single_image media=&#8220;86572&#8243; media_width_percent=&#8220;100&#8243; advanced=&#8220;yes&#8220; media_items=&#8220;media|original,caption&#8220; media_overlay_opacity=&#8220;50&#8243; media_overlay_anim=&#8220;no&#8220; media_text_visible=&#8220;yes&#8220; media_text_anim=&#8220;no&#8220; media_h_align=&#8220;center&#8220; media_v_position=&#8220;bottom&#8220; media_padding=&#8220;2&#8243; text_lead=&#8220;small&#8220; uncode_shortcode_id=&#8220;176273&#8243;][vc_single_image media=&#8220;86571&#8243; media_width_percent=&#8220;100&#8243; advanced=&#8220;yes&#8220; media_items=&#8220;media|original,caption&#8220; media_overlay_opacity=&#8220;50&#8243; media_overlay_anim=&#8220;no&#8220; media_text_visible=&#8220;yes&#8220; media_text_anim=&#8220;no&#8220; media_h_align=&#8220;center&#8220; media_v_position=&#8220;bottom&#8220; media_padding=&#8220;2&#8243; text_lead=&#8220;small&#8220; uncode_shortcode_id=&#8220;200513&#8243;][vc_single_image media=&#8220;86570&#8243; media_width_percent=&#8220;100&#8243; advanced=&#8220;yes&#8220; media_items=&#8220;media|original,caption&#8220; media_overlay_opacity=&#8220;50&#8243; media_overlay_anim=&#8220;no&#8220; media_text_visible=&#8220;yes&#8220; media_text_anim=&#8220;no&#8220; media_h_align=&#8220;center&#8220; media_v_position=&#8220;bottom&#8220; media_padding=&#8220;2&#8243; text_lead=&#8220;small&#8220; uncode_shortcode_id=&#8220;106095&#8243;][vc_single_image media=&#8220;510&#8243; media_width_percent=&#8220;100&#8243; alignment=&#8220;center&#8220;][\/vc_column][\/vc_row][vc_row][vc_column width=&#8220;1\/1&#8243;][vc_column_text uncode_shortcode_id=&#8220;173716&#8243;][vc_custom_heading heading_semantic=&#8220;h5&#8243; text_size=&#8220;h5&#8243; text_font=&#8220;font-672269&#8243; text_weight=&#8220;300&#8243; text_transform=&#8220;uppercase&#8220; text_color=&#8220;color-dfgh&#8220;]FILMFEST M\u00dcNCHEN 2025[\/vc_custom_heading][vc_custom_heading heading_semantic=&#8220;h1&#8243; text_size=&#8220;h1&#8243; text_font=&#8220;font-672269&#8243; text_weight=&#8220;300&#8243; text_color=&#8220;accent&#8220; separator=&#8220;yes&#8220; separator_color=&#8220;yes&#8220; separator_double=&#8220;yes&#8220;] F\u00f6rderpreis Neues Deutsches Kino f\u00fcr Drehbuchwerkstatt![\/vc_custom_heading]<\/p>\n<p><strong>Yvonne Jasmin G\u00f6rlach, Absolventin (11 (1999\/00) und langj\u00e4hrige Drehbuch-Betreuerin in der Drehbuchwerkstatt erhielt f\u00fcr ihr Drehbuch KARLA den F\u00f6rderpreis in der Kategorie Drehbuch. Regisseurin Christina Tournatz\u1ebds wurde f\u00fcr ihre Regiearbeit bei KARLA ausgezeichnet. Den Schluss-Song im Film \u201eDivine Light\u201c stammt von DW Absolvent Joachim Sch\u00f6nig (14. DW 2002\/2003).<\/strong><\/p>\n<p>Der F\u00f6rderpreis Neues Deutsches Kino wird j\u00e4hrlich von der Bavaria Film, der DZ Bank und dem Bayerischen Rundfunk vergeben. Dabei werden die Preistr\u00e4ger von einer dreik\u00f6pfigen unabh\u00e4ngigen Jury ausgew\u00e4hlt \u2013 in diesem Jahr Liliane Amuat, Erol Af\u015fin und Jan-Ole Gerster.<\/p>\n<p>Produktion: Achtung Panda! Media (Produzentin: Jamila Wenske) in Koproduktion mit BR, Studio.TV.Film, in Zusammenarbeit mit ARTE, PHAROS \u2013 The Post Group und SHOOT\u2019N\u2019POST, gef\u00f6rdert von FFF Bayern, BKM, DFFF, Hessische Filmf\u00f6rderung. Redaktion: Claudia Gladziejewski (BR), Monika Lobkowicz (BR\/ARTE), Barbara H\u00e4be (ARTE)<\/p>\n<p>KARLA startet am 2. Oktober 2025 im Kino.<\/p>\n<hr \/>\n<p><img decoding=\"async\" class=\"alignleft wp-image-84377\" src=\"https:\/\/www.drehbuchwerkstatt.de\/relaunch\/wp-content\/uploads\/2023\/03\/dbw_icons_link-150x150.png\" alt=\"\" width=\"20\" height=\"20\" srcset=\"https:\/\/www.drehbuchwerkstatt.de\/relaunch\/wp-content\/uploads\/2023\/03\/dbw_icons_link-150x150.png 150w, https:\/\/www.drehbuchwerkstatt.de\/relaunch\/wp-content\/uploads\/2023\/03\/dbw_icons_link-300x300.png 300w, https:\/\/www.drehbuchwerkstatt.de\/relaunch\/wp-content\/uploads\/2023\/03\/dbw_icons_link-350x350.png 350w, https:\/\/www.drehbuchwerkstatt.de\/relaunch\/wp-content\/uploads\/2023\/03\/dbw_icons_link-348x348.png 348w, https:\/\/www.drehbuchwerkstatt.de\/relaunch\/wp-content\/uploads\/2023\/03\/dbw_icons_link.png 500w\" sizes=\"(max-width: 20px) 100vw, 20px\" \/><a href=\"https:\/\/www.youtube.com\/watch?v=Y2M7X32oWME\" target=\"_blank\" rel=\"noopener\">TRAILER YOUTUBE<\/a>[\/vc_column_text][\/vc_column][\/vc_row][vc_row][vc_column width=&#8220;1\/1&#8243;][vc_single_image media=&#8220;86573&#8243; media_width_percent=&#8220;100&#8243; advanced=&#8220;yes&#8220; media_items=&#8220;media|original,caption&#8220; media_overlay_opacity=&#8220;50&#8243; media_overlay_anim=&#8220;no&#8220; media_text_visible=&#8220;yes&#8220; media_text_anim=&#8220;no&#8220; media_h_align=&#8220;center&#8220; media_v_position=&#8220;bottom&#8220; media_padding=&#8220;2&#8243; text_lead=&#8220;small&#8220; uncode_shortcode_id=&#8220;216822&#8243;][vc_single_image media=&#8220;510&#8243; media_width_percent=&#8220;100&#8243; alignment=&#8220;center&#8220;][\/vc_column][\/vc_row][vc_row][vc_column width=&#8220;1\/1&#8243;][vc_column_text uncode_shortcode_id=&#8220;135698&#8243;][vc_custom_heading heading_semantic=&#8220;h5&#8243; text_size=&#8220;h5&#8243; text_font=&#8220;font-672269&#8243; text_weight=&#8220;300&#8243; text_transform=&#8220;uppercase&#8220; text_color=&#8220;color-dfgh&#8220;]FILMFEST M\u00dcNCHEN 2025[\/vc_custom_heading][vc_custom_heading heading_semantic=&#8220;h1&#8243; text_size=&#8220;h1&#8243; text_font=&#8220;font-672269&#8243; text_weight=&#8220;300&#8243; text_color=&#8220;accent&#8220; separator=&#8220;yes&#8220; separator_color=&#8220;yes&#8220; separator_double=&#8220;yes&#8220;]Bernd-Burgemeister Preis 2025![\/vc_custom_heading]<\/p>\n<p><strong> DW-Absolventin Nicole Armbruster schrieb gemeinsam mit Rolf Basedow und Gabriela Sperl das Drehbuch zum ausgezeichneten TV-Movie DIE NICHTE DES POLIZISTEN. Dr. Gabriela Sperl ist seit vielen Jahren Drehbuchbetreuerin in der Drehbuchwerkstatt.<\/strong><\/p>\n<p>Der Bernd Burgemeister Fernsehpreis wurde zum 30. Mal f\u00fcr den Beste TV-Film und auch die Beste Serie\/Mehrteiler in M\u00fcnchen an Produzentinnen und Produzenten verliehen. Gabriela Sperl, Benjamin Benedict &amp; Mimi Klein wurden f\u00fcr ihre hervorragende produzentische Leistung ausgezeichnet. Magdalena Laubisch und Max von der Groeben spielen die Hauptrollen in dem pr\u00e4mierten Thriller. Gestiftet ist der Preis von der VFF Verwertungsgesellschaft der Film- und Fernsehproduzenten.<\/p>\n<p>\u201eDie Nichte des Polizisten\u201c erz\u00e4hlt die Geschichte einer aufstrebenden Polizistin (Magdalena Laubisch), die an den realen Fall der ermordeten Polizistin Mich\u00e8le Kiesewetter angelehnt ist. Die Produktionsfirma ist W&amp;B Television. Dustin Loose f\u00fchrte Regie. Die Redaktion haben Katharina Dufner (SWR) und Sabine Holtgreve (NDR).<\/p>\n<p>&nbsp;<\/p>\n<hr \/>\n<p><img decoding=\"async\" class=\"alignleft wp-image-84377\" src=\"https:\/\/www.drehbuchwerkstatt.de\/relaunch\/wp-content\/uploads\/2023\/03\/dbw_icons_link-150x150.png\" alt=\"\" width=\"20\" height=\"20\" srcset=\"https:\/\/www.drehbuchwerkstatt.de\/relaunch\/wp-content\/uploads\/2023\/03\/dbw_icons_link-150x150.png 150w, https:\/\/www.drehbuchwerkstatt.de\/relaunch\/wp-content\/uploads\/2023\/03\/dbw_icons_link-300x300.png 300w, https:\/\/www.drehbuchwerkstatt.de\/relaunch\/wp-content\/uploads\/2023\/03\/dbw_icons_link-350x350.png 350w, https:\/\/www.drehbuchwerkstatt.de\/relaunch\/wp-content\/uploads\/2023\/03\/dbw_icons_link-348x348.png 348w, https:\/\/www.drehbuchwerkstatt.de\/relaunch\/wp-content\/uploads\/2023\/03\/dbw_icons_link.png 500w\" sizes=\"(max-width: 20px) 100vw, 20px\" \/><a href=\"https:\/\/www.youtube.com\/watch?v=m_GuzoHXdIw\" target=\"_blank\" rel=\"noopener\">TRAILER YOUTUBE<\/a>[\/vc_column_text][\/vc_column][\/vc_row][vc_row][vc_column width=&#8220;1\/1&#8243;][vc_single_image media=&#8220;86575&#8243; media_width_percent=&#8220;100&#8243; advanced=&#8220;yes&#8220; media_items=&#8220;media|original,caption&#8220; media_overlay_opacity=&#8220;50&#8243; media_overlay_anim=&#8220;no&#8220; media_text_visible=&#8220;yes&#8220; media_text_anim=&#8220;no&#8220; media_h_align=&#8220;center&#8220; media_v_position=&#8220;bottom&#8220; media_padding=&#8220;2&#8243; text_lead=&#8220;small&#8220; uncode_shortcode_id=&#8220;743003&#8243;][\/vc_column][\/vc_row]<\/p>\n<\/div>","protected":false},"excerpt":{"rendered":"<p>GEWINNER*INNEN AUF DEM FILMFEST M\u00dcNCHEN 2025: Voller Erfolg f\u00fcr Autorinnen der Drehbuchwerkstatt M\u00fcnchen &#8211; drei Preisverleihungen mit Namen unserer Absolvent*innen!<\/p>\n","protected":false},"author":1,"featured_media":86592,"comment_status":"closed","ping_status":"closed","sticky":false,"template":"","format":"standard","meta":{"footnotes":""},"categories":[1,19,20,21,24,26,27],"tags":[29,30,35,45,83,104,105],"class_list":["post-86567","post","type-post","status-publish","format-standard","has-post-thumbnail","hentry","category-allgemein","category-schaufenster-mini","category-absolventinnen","category-erfolge","category-drehbuecher","category-veranstaltungen","category-tankreddorstpreis","tag-drehbuchwerkstatt","tag-muenchen","tag-tankred-dorst","tag-drehbuch","tag-filmfest","tag-bayerischer-rundfunk","tag-empfang"],"_links":{"self":[{"href":"https:\/\/www.drehbuchwerkstatt.de\/relaunch\/wp-json\/wp\/v2\/posts\/86567","targetHints":{"allow":["GET"]}}],"collection":[{"href":"https:\/\/www.drehbuchwerkstatt.de\/relaunch\/wp-json\/wp\/v2\/posts"}],"about":[{"href":"https:\/\/www.drehbuchwerkstatt.de\/relaunch\/wp-json\/wp\/v2\/types\/post"}],"author":[{"embeddable":true,"href":"https:\/\/www.drehbuchwerkstatt.de\/relaunch\/wp-json\/wp\/v2\/users\/1"}],"replies":[{"embeddable":true,"href":"https:\/\/www.drehbuchwerkstatt.de\/relaunch\/wp-json\/wp\/v2\/comments?post=86567"}],"version-history":[{"count":14,"href":"https:\/\/www.drehbuchwerkstatt.de\/relaunch\/wp-json\/wp\/v2\/posts\/86567\/revisions"}],"predecessor-version":[{"id":86593,"href":"https:\/\/www.drehbuchwerkstatt.de\/relaunch\/wp-json\/wp\/v2\/posts\/86567\/revisions\/86593"}],"wp:featuredmedia":[{"embeddable":true,"href":"https:\/\/www.drehbuchwerkstatt.de\/relaunch\/wp-json\/wp\/v2\/media\/86592"}],"wp:attachment":[{"href":"https:\/\/www.drehbuchwerkstatt.de\/relaunch\/wp-json\/wp\/v2\/media?parent=86567"}],"wp:term":[{"taxonomy":"category","embeddable":true,"href":"https:\/\/www.drehbuchwerkstatt.de\/relaunch\/wp-json\/wp\/v2\/categories?post=86567"},{"taxonomy":"post_tag","embeddable":true,"href":"https:\/\/www.drehbuchwerkstatt.de\/relaunch\/wp-json\/wp\/v2\/tags?post=86567"}],"curies":[{"name":"wp","href":"https:\/\/api.w.org\/{rel}","templated":true}]}}