{"id":86496,"date":"2025-06-25T22:59:14","date_gmt":"2025-06-25T20:59:14","guid":{"rendered":"https:\/\/www.drehbuchwerkstatt.de\/relaunch\/?p=86496"},"modified":"2025-08-09T08:49:34","modified_gmt":"2025-08-09T06:49:34","slug":"absolventinnen-auf-dem-filmfest-muenchen-2025","status":"publish","type":"post","link":"https:\/\/www.drehbuchwerkstatt.de\/relaunch\/2025\/06\/absolventinnen-auf-dem-filmfest-muenchen-2025\/","title":{"rendered":"UNSERE ABSOLVENT*INNEN AUF DEM FILMFEST M\u00dcNCHEN 2025"},"content":{"rendered":"<div class=\"wpb-content-wrapper\"><p>[vc_row][vc_column width=&#8220;1\/1&#8243;][vc_single_image media=&#8220;86515&#8243; media_width_percent=&#8220;100&#8243; uncode_shortcode_id=&#8220;139374&#8243;][vc_column_text uncode_shortcode_id=&#8220;172733&#8243;][vc_custom_heading heading_semantic=&#8220;h5&#8243; text_size=&#8220;h5&#8243; text_font=&#8220;font-672269&#8243; text_weight=&#8220;300&#8243; text_transform=&#8220;uppercase&#8220; text_color=&#8220;color-dfgh&#8220;]FILMFEST M\u00dcNCHEN 2025[\/vc_custom_heading][vc_custom_heading heading_semantic=&#8220;h1&#8243; text_size=&#8220;h1&#8243; text_font=&#8220;font-672269&#8243; text_weight=&#8220;300&#8243; text_color=&#8220;accent&#8220; separator=&#8220;yes&#8220; separator_color=&#8220;yes&#8220; separator_double=&#8220;yes&#8220;]DABEISEIN![\/vc_custom_heading]<\/p>\n<p><strong>Drehbuchwerkstatt M\u00fcnchen &#8211; Absolvent*innen beim 42. Filmfest M\u00fcnchen (27. Juni bis 6. Juli 2025)<\/strong><strong>!<\/strong><\/p>\n<p>Es ist wieder soweit: Der Vorhang f\u00fcr das Filmfest M\u00fcnchen \u00f6ffnet sich &#8211; und auch die Drehbuchwerkstatt M\u00fcnchen ist mit von der Partie! Sowohl in der Reihe &#8222;Neues Deutsches Fernsehen&#8220; als auch im Wettbewerb &#8222;CineCoPro&#8220; und &#8222;Neues Deutsches Kino&#8220; mischen unsere AbsolventInnen mit! Hier ein \u00dcberblick, wer was wo pr\u00e4sentiert! Wir dr\u00fccken die Daumen und w\u00fcnschen viel Erfolg![\/vc_column_text][\/vc_column][\/vc_row][vc_row][vc_column width=&#8220;1\/2&#8243;][vc_column_text uncode_shortcode_id=&#8220;265905&#8243;][vc_custom_heading heading_semantic=&#8220;h5&#8243; text_size=&#8220;h5&#8243; text_font=&#8220;font-672269&#8243; text_weight=&#8220;300&#8243; text_transform=&#8220;uppercase&#8220; text_color=&#8220;color-dfgh&#8220;]FILMFEST M\u00dcNCHEN 2025[\/vc_custom_heading][vc_custom_heading heading_semantic=&#8220;h1&#8243; text_size=&#8220;h1&#8243; text_font=&#8220;font-672269&#8243; text_weight=&#8220;300&#8243; text_color=&#8220;accent&#8220; separator=&#8220;yes&#8220; separator_color=&#8220;yes&#8220; separator_double=&#8220;yes&#8220;]UNSERE ABSOLVENT*INNEN![\/vc_custom_heading]<\/p>\n<p>&nbsp;<\/p>\n<p><strong>HIGH STAKES<\/strong> | Neues Deutsches Fernsehen<\/p>\n<p>Drehbuch u.a. <strong>Marianna \u00d6lmez<\/strong> (28. DW 2016\/17) und <strong>Christoph Busche<\/strong> (21. DW 2009\/10)<\/p>\n<p><img decoding=\"async\" class=\"alignleft wp-image-84377\" src=\"https:\/\/www.drehbuchwerkstatt.de\/relaunch\/wp-content\/uploads\/2023\/03\/dbw_icons_link-150x150.png\" alt=\"\" width=\"20\" height=\"20\" srcset=\"https:\/\/www.drehbuchwerkstatt.de\/relaunch\/wp-content\/uploads\/2023\/03\/dbw_icons_link-150x150.png 150w, https:\/\/www.drehbuchwerkstatt.de\/relaunch\/wp-content\/uploads\/2023\/03\/dbw_icons_link-300x300.png 300w, https:\/\/www.drehbuchwerkstatt.de\/relaunch\/wp-content\/uploads\/2023\/03\/dbw_icons_link-350x350.png 350w, https:\/\/www.drehbuchwerkstatt.de\/relaunch\/wp-content\/uploads\/2023\/03\/dbw_icons_link-348x348.png 348w, https:\/\/www.drehbuchwerkstatt.de\/relaunch\/wp-content\/uploads\/2023\/03\/dbw_icons_link.png 500w\" sizes=\"(max-width: 20px) 100vw, 20px\" \/><a href=\"https:\/\/www.filmfest-muenchen.de\/de\/programm\/filme\/film\/?id=8041&amp;f=120\" target=\"_blank\" rel=\"noopener\">Zur Pr\u00e4sentationsseite beim Filmfest M\u00fcnchen 2025<\/a><\/p>\n<p>&nbsp;<\/p>\n<p><strong>DIE NICHTE DES POLIZISTEN<\/strong> | Neues Deutsches Fernsehen<\/p>\n<p>Drehbuch u.a. <strong>Nicole Armbruster<\/strong> (21. DW 2009-2010) und Drehbuchwerkstatt Drehbuchmentorin: <strong>Dr. Gabriela Sperl<\/strong><\/p>\n<p><img decoding=\"async\" class=\"alignleft wp-image-84377\" src=\"https:\/\/www.drehbuchwerkstatt.de\/relaunch\/wp-content\/uploads\/2023\/03\/dbw_icons_link-150x150.png\" alt=\"\" width=\"20\" height=\"20\" srcset=\"https:\/\/www.drehbuchwerkstatt.de\/relaunch\/wp-content\/uploads\/2023\/03\/dbw_icons_link-150x150.png 150w, https:\/\/www.drehbuchwerkstatt.de\/relaunch\/wp-content\/uploads\/2023\/03\/dbw_icons_link-300x300.png 300w, https:\/\/www.drehbuchwerkstatt.de\/relaunch\/wp-content\/uploads\/2023\/03\/dbw_icons_link-350x350.png 350w, https:\/\/www.drehbuchwerkstatt.de\/relaunch\/wp-content\/uploads\/2023\/03\/dbw_icons_link-348x348.png 348w, https:\/\/www.drehbuchwerkstatt.de\/relaunch\/wp-content\/uploads\/2023\/03\/dbw_icons_link.png 500w\" sizes=\"(max-width: 20px) 100vw, 20px\" \/><a href=\"https:\/\/www.filmfest-muenchen.de\/de\/programm\/filme\/film\/?id=8046&amp;f=120\" target=\"_blank\" rel=\"noopener\">Zur Pr\u00e4sentationsseite beim Filmfest M\u00fcnchen 2025<\/a><\/p>\n<p>&nbsp;<\/p>\n<p><strong>GERMAINE ACOGNY \u2013 DIE ESSENZ DES TANZES<\/strong> | Wettbewerb CineCoPro<\/p>\n<p>Drehbuch und Regie: <strong>Greta-Marie Becker<\/strong>, Absolventin dok.art in der DWBWM 2022<\/p>\n<p><img decoding=\"async\" class=\"alignleft wp-image-84377\" src=\"https:\/\/www.drehbuchwerkstatt.de\/relaunch\/wp-content\/uploads\/2023\/03\/dbw_icons_link-150x150.png\" alt=\"\" width=\"20\" height=\"20\" srcset=\"https:\/\/www.drehbuchwerkstatt.de\/relaunch\/wp-content\/uploads\/2023\/03\/dbw_icons_link-150x150.png 150w, https:\/\/www.drehbuchwerkstatt.de\/relaunch\/wp-content\/uploads\/2023\/03\/dbw_icons_link-300x300.png 300w, https:\/\/www.drehbuchwerkstatt.de\/relaunch\/wp-content\/uploads\/2023\/03\/dbw_icons_link-350x350.png 350w, https:\/\/www.drehbuchwerkstatt.de\/relaunch\/wp-content\/uploads\/2023\/03\/dbw_icons_link-348x348.png 348w, https:\/\/www.drehbuchwerkstatt.de\/relaunch\/wp-content\/uploads\/2023\/03\/dbw_icons_link.png 500w\" sizes=\"(max-width: 20px) 100vw, 20px\" \/><a href=\"https:\/\/www.filmfest-muenchen.de\/de\/programm\/filme\/film\/?id=8129&amp;f=120\" target=\"_blank\" rel=\"noopener\">Zur Pr\u00e4sentationsseite beim Filmfest M\u00fcnchen 2025<\/a><\/p>\n<p>&nbsp;<\/p>\n<p><strong>#SCHWARZESCHAFE<\/strong> | Neues Deutsches Kino<\/p>\n<p>Drehbuch: u.a. <strong>Ziska Riemann<\/strong> (11. DW 1999\/2000)<\/p>\n<p><img decoding=\"async\" class=\"alignleft wp-image-84377\" src=\"https:\/\/www.drehbuchwerkstatt.de\/relaunch\/wp-content\/uploads\/2023\/03\/dbw_icons_link-150x150.png\" alt=\"\" width=\"20\" height=\"20\" srcset=\"https:\/\/www.drehbuchwerkstatt.de\/relaunch\/wp-content\/uploads\/2023\/03\/dbw_icons_link-150x150.png 150w, https:\/\/www.drehbuchwerkstatt.de\/relaunch\/wp-content\/uploads\/2023\/03\/dbw_icons_link-300x300.png 300w, https:\/\/www.drehbuchwerkstatt.de\/relaunch\/wp-content\/uploads\/2023\/03\/dbw_icons_link-350x350.png 350w, https:\/\/www.drehbuchwerkstatt.de\/relaunch\/wp-content\/uploads\/2023\/03\/dbw_icons_link-348x348.png 348w, https:\/\/www.drehbuchwerkstatt.de\/relaunch\/wp-content\/uploads\/2023\/03\/dbw_icons_link.png 500w\" sizes=\"(max-width: 20px) 100vw, 20px\" \/><a href=\"https:\/\/www.filmfest-muenchen.de\/de\/programm\/filme\/film\/?id=8055&amp;f=120\" target=\"_blank\" rel=\"noopener\">Zur Pr\u00e4sentationsseite beim Filmfest M\u00fcnchen 2025<\/a><\/p>\n<p>&nbsp;<\/p>\n<p><strong>BORN TO FAKE<\/strong> | Neues Deutsches Kino<\/p>\n<p>Regie u.a. <strong>Erec Brehmer<\/strong> | Montage: Erec Brehmer, 31. DW 2019\/2020)<\/p>\n<p><img decoding=\"async\" class=\"alignleft wp-image-84377\" src=\"https:\/\/www.drehbuchwerkstatt.de\/relaunch\/wp-content\/uploads\/2023\/03\/dbw_icons_link-150x150.png\" alt=\"\" width=\"20\" height=\"20\" srcset=\"https:\/\/www.drehbuchwerkstatt.de\/relaunch\/wp-content\/uploads\/2023\/03\/dbw_icons_link-150x150.png 150w, https:\/\/www.drehbuchwerkstatt.de\/relaunch\/wp-content\/uploads\/2023\/03\/dbw_icons_link-300x300.png 300w, https:\/\/www.drehbuchwerkstatt.de\/relaunch\/wp-content\/uploads\/2023\/03\/dbw_icons_link-350x350.png 350w, https:\/\/www.drehbuchwerkstatt.de\/relaunch\/wp-content\/uploads\/2023\/03\/dbw_icons_link-348x348.png 348w, https:\/\/www.drehbuchwerkstatt.de\/relaunch\/wp-content\/uploads\/2023\/03\/dbw_icons_link.png 500w\" sizes=\"(max-width: 20px) 100vw, 20px\" \/><a href=\"https:\/\/www.filmfest-muenchen.de\/de\/programm\/filme\/film\/?id=7965&amp;f=120\" target=\"_blank\" rel=\"noopener\">Zur Pr\u00e4sentationsseite beim Filmfest M\u00fcnchen 2025<\/a><\/p>\n<p>&nbsp;<\/p>\n<p><strong>KARLA<\/strong> | Neues Deutsches Kino<\/p>\n<p>Drehbuch: <strong>Yvonne G\u00f6rlach<\/strong>, 11. DW 1999\/2000 und Regie: <strong>Christina Tournatz\u00e9s<\/strong>, Teilnehmerin 37. DW 2025\/2026<\/p>\n<p><img decoding=\"async\" class=\"alignleft wp-image-84377\" src=\"https:\/\/www.drehbuchwerkstatt.de\/relaunch\/wp-content\/uploads\/2023\/03\/dbw_icons_link-150x150.png\" alt=\"\" width=\"20\" height=\"20\" srcset=\"https:\/\/www.drehbuchwerkstatt.de\/relaunch\/wp-content\/uploads\/2023\/03\/dbw_icons_link-150x150.png 150w, https:\/\/www.drehbuchwerkstatt.de\/relaunch\/wp-content\/uploads\/2023\/03\/dbw_icons_link-300x300.png 300w, https:\/\/www.drehbuchwerkstatt.de\/relaunch\/wp-content\/uploads\/2023\/03\/dbw_icons_link-350x350.png 350w, https:\/\/www.drehbuchwerkstatt.de\/relaunch\/wp-content\/uploads\/2023\/03\/dbw_icons_link-348x348.png 348w, https:\/\/www.drehbuchwerkstatt.de\/relaunch\/wp-content\/uploads\/2023\/03\/dbw_icons_link.png 500w\" sizes=\"(max-width: 20px) 100vw, 20px\" \/><a href=\"https:\/\/www.filmfest-muenchen.de\/de\/programm\/filme\/film\/?id=7988&amp;f=120\" target=\"_blank\" rel=\"noopener\">Zur Pr\u00e4sentationsseite beim Filmfest M\u00fcnchen 2025<\/a><\/p>\n<p>&nbsp;<\/p>\n<p><strong>FRIEDAS FALL<\/strong> | Film \u2013 Spotlight<\/p>\n<p>Drehbuch u.a. und Regie: <strong>Maria Brendle<\/strong>, Drehbuchwerkstatt M\u00fcnchen-Z\u00fcrich (2015\/2016) und Cast u.a. <strong>Marlene Tanczik<\/strong> (34. DW 2023\/2024)<\/p>\n<p><img decoding=\"async\" class=\"alignleft wp-image-84377\" src=\"https:\/\/www.drehbuchwerkstatt.de\/relaunch\/wp-content\/uploads\/2023\/03\/dbw_icons_link-150x150.png\" alt=\"\" width=\"20\" height=\"20\" srcset=\"https:\/\/www.drehbuchwerkstatt.de\/relaunch\/wp-content\/uploads\/2023\/03\/dbw_icons_link-150x150.png 150w, https:\/\/www.drehbuchwerkstatt.de\/relaunch\/wp-content\/uploads\/2023\/03\/dbw_icons_link-300x300.png 300w, https:\/\/www.drehbuchwerkstatt.de\/relaunch\/wp-content\/uploads\/2023\/03\/dbw_icons_link-350x350.png 350w, https:\/\/www.drehbuchwerkstatt.de\/relaunch\/wp-content\/uploads\/2023\/03\/dbw_icons_link-348x348.png 348w, https:\/\/www.drehbuchwerkstatt.de\/relaunch\/wp-content\/uploads\/2023\/03\/dbw_icons_link.png 500w\" sizes=\"(max-width: 20px) 100vw, 20px\" \/><a href=\"https:\/\/www.filmfest-muenchen.de\/de\/programm\/filme\/film\/?id=7986&amp;f=120\" target=\"_blank\" rel=\"noopener\">Zur Pr\u00e4sentationsseite beim Filmfest M\u00fcnchen 2025<\/a>[\/vc_column_text][\/vc_column][vc_column width=&#8220;1\/2&#8243;][vc_single_image media=&#8220;86499&#8243; media_width_percent=&#8220;100&#8243; uncode_shortcode_id=&#8220;115232&#8243;][vc_single_image media=&#8220;86501&#8243; caption=&#8220;yes&#8220; media_width_percent=&#8220;100&#8243; uncode_shortcode_id=&#8220;122620&#8243;][vc_single_image media=&#8220;86506&#8243; caption=&#8220;yes&#8220; media_width_percent=&#8220;100&#8243; uncode_shortcode_id=&#8220;103018&#8243;][vc_single_image media=&#8220;86505&#8243; caption=&#8220;yes&#8220; media_width_percent=&#8220;100&#8243; uncode_shortcode_id=&#8220;199001&#8243;][\/vc_column][\/vc_row][vc_row][vc_column width=&#8220;1\/2&#8243;][vc_single_image media=&#8220;86500&#8243; caption=&#8220;yes&#8220; media_width_percent=&#8220;100&#8243; uncode_shortcode_id=&#8220;885675&#8243;][vc_single_image media=&#8220;86502&#8243; caption=&#8220;yes&#8220; media_width_percent=&#8220;100&#8243; uncode_shortcode_id=&#8220;131540&#8243;][\/vc_column][vc_column width=&#8220;1\/2&#8243;][vc_single_image media=&#8220;86503&#8243; caption=&#8220;yes&#8220; media_width_percent=&#8220;100&#8243; uncode_shortcode_id=&#8220;169105&#8243;][vc_single_image media=&#8220;86504&#8243; caption=&#8220;yes&#8220; media_width_percent=&#8220;100&#8243; uncode_shortcode_id=&#8220;369242&#8243;][\/vc_column][\/vc_row]<\/p>\n<\/div>","protected":false},"excerpt":{"rendered":"<p>Unsere Absolvent*innen beim 42. Filmfest M\u00fcnchen vom 27. Juni bis 6. Juli 2025! Wir dr\u00fccken die Daumen!<\/p>\n","protected":false},"author":1,"featured_media":86499,"comment_status":"closed","ping_status":"closed","sticky":false,"template":"","format":"standard","meta":{"footnotes":""},"categories":[1,19,20,21,24,26,181],"tags":[29,30,45,83,104,105],"class_list":["post-86496","post","type-post","status-publish","format-standard","has-post-thumbnail","hentry","category-allgemein","category-schaufenster-mini","category-absolventinnen","category-erfolge","category-drehbuecher","category-veranstaltungen","category-audiencefirst","tag-drehbuchwerkstatt","tag-muenchen","tag-drehbuch","tag-filmfest","tag-bayerischer-rundfunk","tag-empfang"],"_links":{"self":[{"href":"https:\/\/www.drehbuchwerkstatt.de\/relaunch\/wp-json\/wp\/v2\/posts\/86496","targetHints":{"allow":["GET"]}}],"collection":[{"href":"https:\/\/www.drehbuchwerkstatt.de\/relaunch\/wp-json\/wp\/v2\/posts"}],"about":[{"href":"https:\/\/www.drehbuchwerkstatt.de\/relaunch\/wp-json\/wp\/v2\/types\/post"}],"author":[{"embeddable":true,"href":"https:\/\/www.drehbuchwerkstatt.de\/relaunch\/wp-json\/wp\/v2\/users\/1"}],"replies":[{"embeddable":true,"href":"https:\/\/www.drehbuchwerkstatt.de\/relaunch\/wp-json\/wp\/v2\/comments?post=86496"}],"version-history":[{"count":12,"href":"https:\/\/www.drehbuchwerkstatt.de\/relaunch\/wp-json\/wp\/v2\/posts\/86496\/revisions"}],"predecessor-version":[{"id":86665,"href":"https:\/\/www.drehbuchwerkstatt.de\/relaunch\/wp-json\/wp\/v2\/posts\/86496\/revisions\/86665"}],"wp:featuredmedia":[{"embeddable":true,"href":"https:\/\/www.drehbuchwerkstatt.de\/relaunch\/wp-json\/wp\/v2\/media\/86499"}],"wp:attachment":[{"href":"https:\/\/www.drehbuchwerkstatt.de\/relaunch\/wp-json\/wp\/v2\/media?parent=86496"}],"wp:term":[{"taxonomy":"category","embeddable":true,"href":"https:\/\/www.drehbuchwerkstatt.de\/relaunch\/wp-json\/wp\/v2\/categories?post=86496"},{"taxonomy":"post_tag","embeddable":true,"href":"https:\/\/www.drehbuchwerkstatt.de\/relaunch\/wp-json\/wp\/v2\/tags?post=86496"}],"curies":[{"name":"wp","href":"https:\/\/api.w.org\/{rel}","templated":true}]}}