{"id":86458,"date":"2025-05-16T15:22:31","date_gmt":"2025-05-16T13:22:31","guid":{"rendered":"https:\/\/www.drehbuchwerkstatt.de\/relaunch\/?p=86458"},"modified":"2025-08-08T14:18:23","modified_gmt":"2025-08-08T12:18:23","slug":"audiencefirst-storytelling-lab-drama-series-ausschreibung-juni2025","status":"publish","type":"post","link":"https:\/\/www.drehbuchwerkstatt.de\/relaunch\/2025\/05\/audiencefirst-storytelling-lab-drama-series-ausschreibung-juni2025\/","title":{"rendered":"Audience:first storytelling lab &#8211; AUDIO FICTION 2025: WIR SUCHEN TALENTE!"},"content":{"rendered":"<div class=\"wpb-content-wrapper\"><p>[vc_row][vc_column width=&#8220;1\/1&#8243;][vc_single_image media=&#8220;86481&#8243; media_width_percent=&#8220;100&#8243; uncode_shortcode_id=&#8220;354290&#8243;][vc_column_text uncode_shortcode_id=&#8220;165334&#8243;][vc_custom_heading heading_semantic=&#8220;h5&#8243; text_size=&#8220;h5&#8243; text_font=&#8220;font-672269&#8243; text_weight=&#8220;300&#8243; text_transform=&#8220;uppercase&#8220; text_color=&#8220;color-dfgh&#8220;]audience:first storytelling lab[\/vc_custom_heading][vc_custom_heading heading_semantic=&#8220;h1&#8243; text_size=&#8220;h1&#8243; text_font=&#8220;font-672269&#8243; text_weight=&#8220;300&#8243; text_color=&#8220;accent&#8220; separator=&#8220;yes&#8220; separator_color=&#8220;yes&#8220; separator_double=&#8220;yes&#8220;]AUDIO FICTION 2025: WIR SUCHEN TALENTE![\/vc_custom_heading]<\/p>\n<h3>Jetzt bis 30. Juni 2025 einreichen!<\/h3>\n<p><b>Ab sofort l\u00e4uft die Ausschreibung f\u00fcr fiktionale Audioformate f\u00fcr ein junges Publikum. Gesucht werden frische Serienideen und kreative Stimmen! <\/b><\/p>\n<p>Das Lab ist eine gemeinsame Initiative des Bayerischen Rundfunks, der Drehbuchwerkstatt M\u00fcnchen und der HFF M\u00fcnchen. Es findet vom 13. bis 17. Oktober 2025 ganztags in M\u00fcnchen statt \u2013 mit Impulsen, Workshops und einem praxisnahen Abendprogramm.[\/vc_column_text][\/vc_column][\/vc_row][vc_row][vc_column width=&#8220;1\/2&#8243;][vc_column_text uncode_shortcode_id=&#8220;196985&#8243;]<\/p>\n<h3>Audio boomt \u2013 aber wie funktioniert gutes Storytelling im digitalen Zeitalter?<\/h3>\n<p><strong>Heute reicht Qualit\u00e4t allein nicht mehr aus. Erfolgreiche Formate sind exakt auf ihre Zielgruppen zugeschnitten \u2013 in Ton, Thema und Haltung. Das audience:first Lab stellt deshalb die Publikumsfrage ins Zentrum: Wer h\u00f6rt zu? Und was will diese Zielgruppe wirklich?<\/strong><\/p>\n<p>Das Lab richtet sich an Kreative aus allen Sparten, die Lust auf Audio haben und ihre Idee zur Serienreife entwickeln m\u00f6chten. Unterst\u00fctzt von erfahrenen H\u00f6rspiel-Regisseur:innen und Expert:innen aus der Branche wird im Lab ein erster Prototyp produziert.<\/p>\n<p>Im Fokus: Abenteuer &amp; Comedy-Serien f\u00fcr die sogenannte Digital Media Types \u2013 etwa Ablenkungssuchende und Ambitionierte.[\/vc_column_text][\/vc_column][vc_column width=&#8220;1\/2&#8243;][vc_single_image media=&#8220;86487&#8243; media_lightbox=&#8220;yes&#8220; media_width_percent=&#8220;100&#8243; uncode_shortcode_id=&#8220;119814&#8243;][\/vc_column][\/vc_row][vc_row][vc_column width=&#8220;1\/2&#8243;][vc_single_image media=&#8220;86489&#8243; media_lightbox=&#8220;yes&#8220; media_width_percent=&#8220;100&#8243; uncode_shortcode_id=&#8220;167088&#8243;][\/vc_column][vc_column width=&#8220;1\/2&#8243;][vc_single_image media=&#8220;84265&#8243; media_lightbox=&#8220;yes&#8220; media_width_percent=&#8220;100&#8243;][vc_column_text uncode_shortcode_id=&#8220;210837&#8243;]<\/p>\n<h3>Termine auf einen Blick<\/h3>\n<p>Einreichfrist: <strong>30. Juni 2025<\/strong><\/p>\n<p>Bekanntgabe der Teilnehmenden: <strong>21. Juli 2025<\/strong><\/p>\n<p>Labwoche in M\u00fcnchen: <strong>13. \u2013 17. Oktober 2025 (9\u201317 Uhr + Abendprogramm)<\/strong><\/p>\n<p>OPEN MONDAY: <strong>Zwei Fachvortr\u00e4ge zum Auftakt am 13. Oktober, auch online per Zoom zug\u00e4nglich<\/strong>[\/vc_column_text][vc_column_text uncode_shortcode_id=&#8220;102408&#8243;]<\/p>\n<hr \/>\n<p><img decoding=\"async\" class=\"alignleft wp-image-84377\" src=\"https:\/\/www.drehbuchwerkstatt.de\/relaunch\/wp-content\/uploads\/2023\/03\/dbw_icons_link-150x150.png\" alt=\"\" width=\"12\" height=\"12\" srcset=\"https:\/\/www.drehbuchwerkstatt.de\/relaunch\/wp-content\/uploads\/2023\/03\/dbw_icons_link-150x150.png 150w, https:\/\/www.drehbuchwerkstatt.de\/relaunch\/wp-content\/uploads\/2023\/03\/dbw_icons_link-300x300.png 300w, https:\/\/www.drehbuchwerkstatt.de\/relaunch\/wp-content\/uploads\/2023\/03\/dbw_icons_link-350x350.png 350w, https:\/\/www.drehbuchwerkstatt.de\/relaunch\/wp-content\/uploads\/2023\/03\/dbw_icons_link-348x348.png 348w, https:\/\/www.drehbuchwerkstatt.de\/relaunch\/wp-content\/uploads\/2023\/03\/dbw_icons_link.png 500w\" sizes=\"(max-width: 12px) 100vw, 12px\" \/><a href=\"https:\/\/www.br.de\/audiencefirst\/audio-fiction-lab100.html\">Weitere Infos &amp; Bewerbung<\/a>[\/vc_column_text][\/vc_column][\/vc_row]<\/p>\n<\/div>","protected":false},"excerpt":{"rendered":"<p>Audience:first storytelling lab &#8211; AUDIO FICTION 2025: Es ist wieder soweit! Wir suchen Talente mit innovativen, digitalen Serienideen! Die Ausschreibung l\u00e4uft bis zum 30. Juni 2025!<\/p>\n","protected":false},"author":1,"featured_media":86487,"comment_status":"closed","ping_status":"closed","sticky":false,"template":"","format":"standard","meta":{"footnotes":""},"categories":[1,19,24,25,181],"tags":[29,30,45,48,68,96,101,102,103,104,180],"class_list":["post-86458","post","type-post","status-publish","format-standard","has-post-thumbnail","hentry","category-allgemein","category-schaufenster-mini","category-drehbuecher","category-bewerbung","category-audiencefirst","tag-drehbuchwerkstatt","tag-muenchen","tag-drehbuch","tag-drama","tag-serie","tag-debut","tag-serien","tag-audience","tag-first","tag-bayerischer-rundfunk","tag-audio-fiction"],"_links":{"self":[{"href":"https:\/\/www.drehbuchwerkstatt.de\/relaunch\/wp-json\/wp\/v2\/posts\/86458","targetHints":{"allow":["GET"]}}],"collection":[{"href":"https:\/\/www.drehbuchwerkstatt.de\/relaunch\/wp-json\/wp\/v2\/posts"}],"about":[{"href":"https:\/\/www.drehbuchwerkstatt.de\/relaunch\/wp-json\/wp\/v2\/types\/post"}],"author":[{"embeddable":true,"href":"https:\/\/www.drehbuchwerkstatt.de\/relaunch\/wp-json\/wp\/v2\/users\/1"}],"replies":[{"embeddable":true,"href":"https:\/\/www.drehbuchwerkstatt.de\/relaunch\/wp-json\/wp\/v2\/comments?post=86458"}],"version-history":[{"count":12,"href":"https:\/\/www.drehbuchwerkstatt.de\/relaunch\/wp-json\/wp\/v2\/posts\/86458\/revisions"}],"predecessor-version":[{"id":86490,"href":"https:\/\/www.drehbuchwerkstatt.de\/relaunch\/wp-json\/wp\/v2\/posts\/86458\/revisions\/86490"}],"wp:featuredmedia":[{"embeddable":true,"href":"https:\/\/www.drehbuchwerkstatt.de\/relaunch\/wp-json\/wp\/v2\/media\/86487"}],"wp:attachment":[{"href":"https:\/\/www.drehbuchwerkstatt.de\/relaunch\/wp-json\/wp\/v2\/media?parent=86458"}],"wp:term":[{"taxonomy":"category","embeddable":true,"href":"https:\/\/www.drehbuchwerkstatt.de\/relaunch\/wp-json\/wp\/v2\/categories?post=86458"},{"taxonomy":"post_tag","embeddable":true,"href":"https:\/\/www.drehbuchwerkstatt.de\/relaunch\/wp-json\/wp\/v2\/tags?post=86458"}],"curies":[{"name":"wp","href":"https:\/\/api.w.org\/{rel}","templated":true}]}}