{"id":86116,"date":"2025-05-06T12:10:36","date_gmt":"2025-05-06T10:10:36","guid":{"rendered":"https:\/\/www.drehbuchwerkstatt.de\/relaunch\/?p=86116"},"modified":"2025-05-20T08:55:43","modified_gmt":"2025-05-20T06:55:43","slug":"dokart2025","status":"publish","type":"post","link":"https:\/\/www.drehbuchwerkstatt.de\/relaunch\/2025\/05\/dokart2025\/","title":{"rendered":"DOK.ART AUF DEM DOK.FEST 2025! Die eigene Filmsprache finden mit Thomas Riedelsheimer"},"content":{"rendered":"<div class=\"wpb-content-wrapper\"><p>[vc_row][vc_column width=&#8220;1\/1&#8243;][vc_column_text uncode_shortcode_id=&#8220;168804&#8243;][vc_custom_heading heading_semantic=&#8220;h5&#8243; text_size=&#8220;h5&#8243; text_font=&#8220;font-672269&#8243; text_weight=&#8220;300&#8243; text_transform=&#8220;uppercase&#8220; text_color=&#8220;color-dfgh&#8220;]dok.art auf dem DOK.fest![\/vc_custom_heading][vc_custom_heading heading_semantic=&#8220;h1&#8243; text_size=&#8220;h1&#8243; text_font=&#8220;font-672269&#8243; text_weight=&#8220;300&#8243; text_color=&#8220;accent&#8220; separator=&#8220;yes&#8220; separator_color=&#8220;yes&#8220; separator_double=&#8220;yes&#8220;]Die eigene Filmsprache finden![\/vc_custom_heading]<\/p>\n<p><strong>Wir sind auch dieses Jahr wieder mit einer Veranstaltung beim DOK.fest vertreten.<br \/>\nSeid dabei, wenn Thomas Riedelsheimer mit dok.art \u2013 Teilnehmer*innen \u00fcber das Thema \u201cDie eigene Filmsprache finden\u201d am 10. Mai 2025, 14 Uhr, im Kino 2 der HFF M\u00fcnchen diskutiert.<\/strong>[\/vc_column_text][vc_single_image media=&#8220;86137&#8243; media_lightbox=&#8220;yes&#8220; media_width_percent=&#8220;100&#8243; uncode_shortcode_id=&#8220;189376&#8243;][\/vc_column][\/vc_row][vc_row][vc_column width=&#8220;1\/2&#8243;][vc_column_text uncode_shortcode_id=&#8220;205548&#8243;]dok.art &#8211; Die eigene Filmsprache finden<br \/>\nDokumentarisch arbeitende Filmschaffende werden auf dem heutigen Markt nur eine Chance haben, wenn sie eine pers\u00f6nliche und damit im Kern auch wahrhaftige Filmerz\u00e4hlung entwickeln. Drei Filmemacher:innen aus dem Stoffentwicklungsprogramm \u201edok.art in der Drehbuchwerkstatt M\u00fcnchen\u201c erz\u00e4hlen von der Suche und Entwicklung ihrer pers\u00f6nlichen Filmsprache.<\/p>\n<p>G\u00e4ste sind die Dokumentarfilmregisseur*innen und dok.art Teilnehmende: Lilian Sassanelli (Regisseurin), Daniel Asadi Faezi (Regisseur)\/Mila Zhluktenko (Filmemacherin), Julius Dommer (Filmemacher).<\/p>\n<p>Es werden Film-Ausschnitte aus den Filmprojekten gezeigt. Die beiden weiteren Mentor*innen Nora Mosch\u00fcring und Claudia Prietzel werden ebenfalls bei der Veranstaltung dabei sein. Ebenso Alyssa Koske und Julia Zantl von der Drehbuchwerkstatt M\u00fcnchen<\/p>\n<p>Hier geht es zur Veranstaltungsseite: <a href=\"https:\/\/www.dokfest-muenchen.de\/events\/view\/6489\">https:\/\/www.dokfest-muenchen.de\/events\/view\/6489<\/a><\/p>\n<p>G\u00e4ste: <a href=\"https:\/\/www.juliusdommer.com\/\">Julius Dommer<\/a>:<br \/>\nBei seinem Projekt Garbsen (AT) beobachtet das Kommen, Gehen und Bleiben auf der Autobahnrastst\u00e4tte Garbsen Nord.<\/p>\n<p><a href=\"https:\/\/www.linkedin.com\/in\/lilian-sassanelli-1b068167\/?originalSubdomain=ch\">Lilian Sassanelli<\/a><br \/>\nDer Arbeitstitel ihres Projekts lautet Voi Come Noi \u2013 Wir wie ihr (AT) und ist eine intime Reise durch Mutter-Tochter-Beziehungen, Sch\u00f6nheitswahn und mediale Einfl\u00fcsse.<br \/>\n<a href=\"https:\/\/www.dokfest-muenchen.de\/people\/886\">Lilian Sassanelli<\/a> ist auch Teilnehmerin beim DOK.forum Markplatz.<\/p>\n<p><a href=\"http:\/\/asadifaezi.com\/\">Daniel Asadi Faezi<\/a> (und Co-Regisseurin Mila Zhluktenko)<\/p>\n<p>Ihr Projekt hat den Arbeitstitel LAGERKONTINUIT\u00c4T. In ihrem Film besch\u00e4ftigen sie sich mit der unterschiedlichen Nutzung der Schweinfurter Milit\u00e4rkasernen im Verlauf der vergangenen 90 Jahr.<span class=\"Apple-converted-space\">\u00a0<\/span><\/p>\n<p>Ab 8. Mai 2025 ist die Video-Installation der beiden Filmemacher*in overexposed\/underexposed im NS Dokumentationszentrum in M\u00fcnchen sehen.[\/vc_column_text][\/vc_column][vc_column width=&#8220;1\/2&#8243;][vc_single_image media=&#8220;84632&#8243; media_lightbox=&#8220;yes&#8220; media_width_percent=&#8220;100&#8243; uncode_shortcode_id=&#8220;388520&#8243;][vc_single_image media=&#8220;85472&#8243; media_lightbox=&#8220;yes&#8220; media_width_percent=&#8220;100&#8243; uncode_shortcode_id=&#8220;815206&#8243;][vc_single_image media=&#8220;85471&#8243; media_lightbox=&#8220;yes&#8220; media_width_percent=&#8220;100&#8243; uncode_shortcode_id=&#8220;136409&#8243;][\/vc_column][\/vc_row][vc_row][vc_column width=&#8220;1\/2&#8243;][vc_single_image media=&#8220;1630&#8243; media_lightbox=&#8220;yes&#8220; media_width_percent=&#8220;100&#8243; uncode_shortcode_id=&#8220;563037&#8243;][\/vc_column][vc_column width=&#8220;1\/2&#8243;][vc_column_text uncode_shortcode_id=&#8220;787864&#8243;]<a href=\"https:\/\/www.drehbuchwerkstatt.de\/relaunch\/drehbuchwerkstatt-muenchen-ueber-uns-kino-fernsehen-serie-audiencefirst-dok-art\/#dokart\">dok.art<\/a> ist seit Herbst 2020 bei der Drehbuchwerkstatt M\u00fcnchen als ein weiteres wichtiges Programm, das sich der Weiterbildung\/Fortbildung von talentiertem Filmnachwuchs widmet. Seit \u00fcber 35 Jahren bildet die Drehbuchwerkstatt M\u00fcnchen Film-Autor:innen fort, deren eingereichte Film-Geschichte \u00fcberzeugt und nicht die Anzahl ihrer verfilmten Drehb\u00fccher vorab. Die Drehbuchwerkstatt sucht Schreib- und Filmtalente! Unabh\u00e4ngig von ihrer vorherigen beruflichen Laufbahn. Alle Programme der Drehbuchwerkstatt M\u00fcnchen sind kostenfrei und erm\u00f6glichen Zugang und Teilhabe f\u00fcr alle.[\/vc_column_text][\/vc_column][\/vc_row][vc_row][vc_column width=&#8220;1\/2&#8243;][vc_column_text uncode_shortcode_id=&#8220;204675&#8243;]FILME im FESTIVALPROGRAMM<br \/>\nBOAL\u00c2NDIA von Patrik Thomas und Mathias Reitz Zausinger l\u00e4uft in der Reihe Stranger Than Fiction.<br \/>\nDie beiden Regisseure waren mit diesem Filmprojekt Teilnehmer bei dok.art.<\/p>\n<p>Spielzeiten:<br \/>\nFr., 09.05.25 | 17.30 Uhr HFF \u2013 Audimax mit anschlie\u00dfendem Q&amp;A mit Patrik Thomas und Mathias Reitz Zausinger (Regie)<\/p>\n<p>Sa., 10.05.25 | 18.00 Uhr | Pasinger Fabrik mit anschlie\u00dfendem Q&amp;A mit Patrik Thomas und Mathias Reitz Zausinger (Regie)<\/p>\n<p>Di., 13.05.25 | 18.00 Uhr | Neues Rottmann anschl. Q&amp;A mit Patrik Thomas und Mathias Reitz Zausinger (Regie) und Team<\/p>\n<p>Do., 15.05.25 | 21.00 Uhr | HFF &#8211; Open Air anschl. Q&amp;A mit Patrik Thomas (Regie)<\/p>\n<p>Fr., 16.05.25 | 20.30 Uhr | Bellevue di Monaco anschl. Q&amp;A mit Patrik Thomas (Regie)<\/p>\n<p><a href=\"https:\/\/www.dokfest-muenchen.de\/films\/boalandia\">https:\/\/www.dokfest-muenchen.de\/films\/boalandia<\/a><\/p>\n<p>SIMON! THE JOY OF CONDUCTING von Benedikt Schulte<\/p>\n<p>dok.art Absolvent Benedikt Schulte zeigt seinem Film SIMON! THE JOY OF CONDUCTING im Festivalprogramm. Im dok.art Programm entwickelte Benedikt Schulte sein Dokumentarfilmprojekt KOKORO &#8211; DAS HERZ DER DINGE (AT), in dem er das Miteinander von Menschen und Gegenst\u00e4nden in Japan behandelt.<\/p>\n<p>Spielzeiten: SIMON! THE JOY OF CONDUCTING<br \/>\nFr., 16.05.25 | 18.00 Uhr | Amerikahaus anschlie\u00dfendes Q&amp;A mit Bendikt Schulte (Regie) und Sir Simon Rattle<\/p>\n<p>So., 18.05.25 | 18.00 | City 2 anschlie\u00dfendes Q&amp;A mit Bendikt Schulte (Regie)<\/p>\n<p><a href=\"https:\/\/www.dokfest-muenchen.de\/films\/simon\">https:\/\/www.dokfest-muenchen.de\/films\/simon<\/a><\/p>\n<p>WOMAN\/MOTHER von Klara Harden<\/p>\n<p>Im Festivalprogramm ist auch dok.art-Teilnehmerin Klara Harden vertreten. Sie zeigt den Diplomfilm ihres Studiums der Bildgestaltung an der Deutschen Film- und Fernsehakademie Berlin: WOMAN\/MOTHER. Ihr Film ist f\u00fcr den Student Award nominiert. Wir dr\u00fccken die Daumen!<br \/>\nSie ist aktuell Teilnehmerin bei dok.art und entwickelt dort ihr n\u00e4chstes Projekt \u201eTo Earth\u201c.<\/p>\n<p>Spielzeiten WOMAN\/MOTHER<br \/>\nFr., 09.05.25 | 20.30 Uhr | HFF &#8211; Kino 2 mit anschlie\u00dfendem Q&amp;A mit Klara Harden (Regie), Mara Turner (Prota) und Team<\/p>\n<p>Mo., 12.05.25 | 20.00 Uhr | Atelier 2 mit anschlie\u00dfendem Q&amp;A mit Klara Harden (Regie)<\/p>\n<p>Do., 15.05.25 | 16.00 Uhr | Neues Maxim<\/p>\n<p><a href=\"https:\/\/www.dokfest-muenchen.de\/films\/woman-mother\">https:\/\/www.dokfest-muenchen.de\/films\/woman-mother<\/a><\/p>\n<p>&nbsp;<\/p>\n<p>Wir freuen uns, dass auch die dok.art Absolvent*innen <a href=\"https:\/\/www.dokfest-muenchen.de\/people\/332\">Denis Pavlovic<\/a> und <a href=\"https:\/\/www.dokfest-muenchen.de\/people\/730\">Anna-Sophia Richard<\/a> ihre neuen Projekten beim DOK.fest bzw. DOK.Forum vorstellen. Sie sind beide Teilnehmer*in beim DOK.forum Marktplatz:<\/p>\n<p>DOK.forum Marktplatz<br \/>\nAls Koproduktions- und Ideenmarkt des DOK.fest M\u00fcnchen l\u00e4dt der DOK.forum Marktplatz jedes Jahr rund 40 ausgew\u00e4hlte, starke Dokumentarfilmprojekte im Entwicklungsstadium nach M\u00fcnchen ein. Hier treffen die Projektteams bei Pitching-Events, Roundtable Sessions und One-to-One Meetings auf rund 200 Expert*innen aus Redaktion, Produktion, F\u00f6rderung und Vertrieb.<\/p>\n<p>&nbsp;<\/p>\n<p>UND: Nicht vergessen! Aktuell l\u00e4uft unsere Ausschreibung f\u00fcr den n\u00e4chsten dok.art Jahrgang. Wir freuen uns auf Deine Bewerbung! Alle Infos findest Du hier:<br \/>\n<a href=\"https:\/\/www.drehbuchwerkstatt.de\/relaunch\/2025\/03\/2025-fuer-dok-art-bewerben\/\">https:\/\/www.drehbuchwerkstatt.de\/relaunch\/2025\/03\/2025-fuer-dok-art-bewerben\/<\/a>[\/vc_column_text][\/vc_column][vc_column width=&#8220;1\/2&#8243;][vc_single_image media=&#8220;86124&#8243; media_lightbox=&#8220;yes&#8220; media_width_percent=&#8220;100&#8243; uncode_shortcode_id=&#8220;673570&#8243;][vc_single_image media=&#8220;86125&#8243; media_lightbox=&#8220;yes&#8220; media_width_percent=&#8220;100&#8243; uncode_shortcode_id=&#8220;206818&#8243;][vc_single_image media=&#8220;86126&#8243; media_lightbox=&#8220;yes&#8220; media_width_percent=&#8220;100&#8243; uncode_shortcode_id=&#8220;113320&#8243;][\/vc_column][\/vc_row]<\/p>\n<\/div>","protected":false},"excerpt":{"rendered":"<p>DOK.ART AUF DEM DOK.FEST 2025! Die eigene Filmsprache finden mit Thomas Riedelsheimer<\/p>\n","protected":false},"author":1,"featured_media":84219,"comment_status":"closed","ping_status":"closed","sticky":false,"template":"","format":"standard","meta":{"footnotes":""},"categories":[1,19,24,25,76],"tags":[29,30,45,100,104,195,196,197],"class_list":["post-86116","post","type-post","status-publish","format-standard","has-post-thumbnail","hentry","category-allgemein","category-schaufenster-mini","category-drehbuecher","category-bewerbung","category-dok-art","tag-drehbuchwerkstatt","tag-muenchen","tag-drehbuch","tag-riedelsheimer","tag-bayerischer-rundfunk","tag-dok","tag-art","tag-fest"],"_links":{"self":[{"href":"https:\/\/www.drehbuchwerkstatt.de\/relaunch\/wp-json\/wp\/v2\/posts\/86116","targetHints":{"allow":["GET"]}}],"collection":[{"href":"https:\/\/www.drehbuchwerkstatt.de\/relaunch\/wp-json\/wp\/v2\/posts"}],"about":[{"href":"https:\/\/www.drehbuchwerkstatt.de\/relaunch\/wp-json\/wp\/v2\/types\/post"}],"author":[{"embeddable":true,"href":"https:\/\/www.drehbuchwerkstatt.de\/relaunch\/wp-json\/wp\/v2\/users\/1"}],"replies":[{"embeddable":true,"href":"https:\/\/www.drehbuchwerkstatt.de\/relaunch\/wp-json\/wp\/v2\/comments?post=86116"}],"version-history":[{"count":18,"href":"https:\/\/www.drehbuchwerkstatt.de\/relaunch\/wp-json\/wp\/v2\/posts\/86116\/revisions"}],"predecessor-version":[{"id":86122,"href":"https:\/\/www.drehbuchwerkstatt.de\/relaunch\/wp-json\/wp\/v2\/posts\/86116\/revisions\/86122"}],"wp:featuredmedia":[{"embeddable":true,"href":"https:\/\/www.drehbuchwerkstatt.de\/relaunch\/wp-json\/wp\/v2\/media\/84219"}],"wp:attachment":[{"href":"https:\/\/www.drehbuchwerkstatt.de\/relaunch\/wp-json\/wp\/v2\/media?parent=86116"}],"wp:term":[{"taxonomy":"category","embeddable":true,"href":"https:\/\/www.drehbuchwerkstatt.de\/relaunch\/wp-json\/wp\/v2\/categories?post=86116"},{"taxonomy":"post_tag","embeddable":true,"href":"https:\/\/www.drehbuchwerkstatt.de\/relaunch\/wp-json\/wp\/v2\/tags?post=86116"}],"curies":[{"name":"wp","href":"https:\/\/api.w.org\/{rel}","templated":true}]}}