{"id":86056,"date":"2025-03-10T11:16:54","date_gmt":"2025-03-10T10:16:54","guid":{"rendered":"https:\/\/www.drehbuchwerkstatt.de\/relaunch\/?p=86056"},"modified":"2025-03-11T13:50:55","modified_gmt":"2025-03-11T12:50:55","slug":"audiencefirst-storytelling-lab-open-monday-am-24-3-2025","status":"publish","type":"post","link":"https:\/\/www.drehbuchwerkstatt.de\/relaunch\/2025\/03\/audiencefirst-storytelling-lab-open-monday-am-24-3-2025\/","title":{"rendered":"Audience:first storytelling lab: OPEN MONDAY am 24.3.2025!"},"content":{"rendered":"<div class=\"wpb-content-wrapper\"><p>[vc_row][vc_column width=&#8220;1\/1&#8243;][vc_single_image media=&#8220;86057&#8243; media_width_percent=&#8220;100&#8243; uncode_shortcode_id=&#8220;241189&#8243;][vc_column_text uncode_shortcode_id=&#8220;200988&#8243;][vc_custom_heading heading_semantic=&#8220;h5&#8243; text_size=&#8220;h5&#8243; text_font=&#8220;font-672269&#8243; text_weight=&#8220;300&#8243; text_transform=&#8220;uppercase&#8220; text_color=&#8220;color-dfgh&#8220;]audience:first storytelling lab[\/vc_custom_heading][vc_custom_heading heading_semantic=&#8220;h1&#8243; text_size=&#8220;h1&#8243; text_font=&#8220;font-672269&#8243; text_weight=&#8220;300&#8243; text_color=&#8220;accent&#8220; separator=&#8220;yes&#8220; separator_color=&#8220;yes&#8220; separator_double=&#8220;yes&#8220;]OPEN MONDAY AM 24. M\u00c4RZ 2025![\/vc_custom_heading]<\/p>\n<p><strong>Unsere Talentschmiede f\u00fcr zielgruppenorientiertes, serielles Erz\u00e4hlen, das audience:first storytelling lab DRAMA SERIES, findet wieder statt &#8211; vom 24. &#8211; 28. M\u00e4rz 2025. Au\u00dferdem freuen wir uns sehr, dass Benjamin Benedict, Gesch\u00e4ftsf\u00fchrer W&amp;B TV (Leonine Company) die Masterclass f\u00fcr unsere Talente halten wird!<\/strong>[\/vc_column_text][\/vc_column][\/vc_row][vc_row][vc_column width=&#8220;1\/2&#8243;][vc_column_text uncode_shortcode_id=&#8220;943679&#8243;]<\/p>\n<h2>KI IM KANAL!<\/h2>\n<p><strong>Zum OPEN MONDAY, dem ersten Tag unseres einw\u00f6chigen Labs, machen wir zwei Impulsvortr\u00e4ge \u00f6ffentlich zug\u00e4nglich und laden Sie herzlich ein::<\/strong><\/p>\n<ul>\n<li style=\"list-style-type: none;\">\n<ul>\n<li><b>Milena Seyberth<\/b>, Channelmanagerin der ZDF-Mediathek und von ZDFneo \/\/\u00a0<b>ZDF<\/b><\/li>\n<li><strong>Von Skript zu Serie in 14 Tagen &#8211; Wie Autor*innen ihre eigenen Ideen mit KI produzieren k\u00f6nnen<\/strong> mit\u00a0<strong>Albert Bozesan<\/strong>, Storybook Studios<\/li>\n<\/ul>\n<\/li>\n<\/ul>\n<hr \/>\n<p><img decoding=\"async\" class=\"alignleft wp-image-84377\" src=\"https:\/\/www.drehbuchwerkstatt.de\/relaunch\/wp-content\/uploads\/2023\/03\/dbw_icons_link-150x150.png\" alt=\"\" width=\"12\" height=\"12\" srcset=\"https:\/\/www.drehbuchwerkstatt.de\/relaunch\/wp-content\/uploads\/2023\/03\/dbw_icons_link-150x150.png 150w, https:\/\/www.drehbuchwerkstatt.de\/relaunch\/wp-content\/uploads\/2023\/03\/dbw_icons_link-300x300.png 300w, https:\/\/www.drehbuchwerkstatt.de\/relaunch\/wp-content\/uploads\/2023\/03\/dbw_icons_link-350x350.png 350w, https:\/\/www.drehbuchwerkstatt.de\/relaunch\/wp-content\/uploads\/2023\/03\/dbw_icons_link-348x348.png 348w, https:\/\/www.drehbuchwerkstatt.de\/relaunch\/wp-content\/uploads\/2023\/03\/dbw_icons_link.png 500w\" sizes=\"(max-width: 12px) 100vw, 12px\" \/><a href=\"https:\/\/www.eventbrite.com\/cc\/open-monday-audiencefirst-lab-drama-series-2025-4103143\" target=\"_blank\" rel=\"noopener\">Kostenlose Tickets zum OPEN MONDAY erhalten Sie hier!<\/a><\/p>\n<p>Die Anzahl der Tickets ist limitiert.[\/vc_column_text][\/vc_column][vc_column width=&#8220;1\/2&#8243;][vc_single_image media=&#8220;86052&#8243; media_lightbox=&#8220;yes&#8220; media_width_percent=&#8220;100&#8243; uncode_shortcode_id=&#8220;141308&#8243;][\/vc_column][\/vc_row][vc_row][vc_column width=&#8220;1\/2&#8243;][vc_single_image media=&#8220;86060&#8243; media_lightbox=&#8220;yes&#8220; media_width_percent=&#8220;100&#8243; uncode_shortcode_id=&#8220;846199&#8243;][vc_single_image media=&#8220;86061&#8243; media_lightbox=&#8220;yes&#8220; media_width_percent=&#8220;100&#8243; uncode_shortcode_id=&#8220;159394&#8243;][\/vc_column][vc_column width=&#8220;1\/2&#8243;][vc_column_text uncode_shortcode_id=&#8220;175932&#8243;]<\/p>\n<h2><strong>OPEN MONDAY, 24. M\u00e4rz 2025:<\/strong><\/h2>\n<p><strong>10:00-10:45 Uhr: Von Skript zu Serie in 14 Tagen &#8211; Wie Autor*innen ihre eigenen Ideen mit KI produzieren k\u00f6nnen mit Albert Bozesan, Creative Director AI Media, Storybook Studios<\/strong><\/p>\n<p>Noch nie war es f\u00fcr Filmschaffende so einfach, ohne Mega-Budgets gro\u00dfe Ideen zum Leben zu erwecken! Finde in diesem Impulstalk heraus, wie man mit KI ganze Genre-Narrative in nur wenigen Tagen vom Skript zum fertigen Format bringt. <b>Albert Bozesan<\/b>, Creative Director AI Media bei Storybook Studios (Schwesterfirma von Pantaleon Films), gibt Einblick in seine Zusammenarbeit mit internationalen Filmemacher*innen und der Entwicklung firmeneigener KI-Produktionstechniken, wegen denen Storybook als f\u00fchrendes \u201eAI-First\u201c Produktionshaus in Europa gilt.<\/p>\n<p><strong>10:45-11:30 Uhr: <b>Milena Seyberth,\u00a0<\/b>Channelmanagerin der ZDF-Mediathek und von ZDFneo \/\/\u00a0<b>ZDF<\/b><\/strong><\/p>\n<p><b>Milena Seyberth\u00a0<\/b>ist seit Januar 2025 Channelmanagerin der ZDF-Mediathek und von ZDFneo sowie stellv. Direktorin der neuen\u00a0ZDF-Direktion AUDIENCE.\u00a0Vor welchen Chancen und Herausforderungen steht die Branche ihrer Meinung nach heute? Wie organisiert das ZDF erfolgreiche Distribution \u00fcber alle Ausspielwege hinweg und wie finden junge Menschen \u00fcberhaupt die ZDFMediathek?\u00a0<span lang=\"EN-US\">Milena Seyberth gibt Antworten.<\/span>[\/vc_column_text][\/vc_column][\/vc_row][vc_row][vc_column width=&#8220;1\/2&#8243;][vc_column_text uncode_shortcode_id=&#8220;203677&#8243;]Das audience:first storytelling lab ist eine Initiative des Bayerischen Rundfunks und der Drehbuchwerkstatt M\u00fcnchen, in Kooperation mit dem Seriencamp, der HFF M\u00fcnchen, der ARD Mediathek und der ARD Audiothek.<\/p>\n<p><img decoding=\"async\" class=\"alignleft wp-image-84377\" src=\"https:\/\/www.drehbuchwerkstatt.de\/relaunch\/wp-content\/uploads\/2023\/03\/dbw_icons_link-150x150.png\" alt=\"\" width=\"20\" height=\"20\" srcset=\"https:\/\/www.drehbuchwerkstatt.de\/relaunch\/wp-content\/uploads\/2023\/03\/dbw_icons_link-150x150.png 150w, https:\/\/www.drehbuchwerkstatt.de\/relaunch\/wp-content\/uploads\/2023\/03\/dbw_icons_link-300x300.png 300w, https:\/\/www.drehbuchwerkstatt.de\/relaunch\/wp-content\/uploads\/2023\/03\/dbw_icons_link-350x350.png 350w, https:\/\/www.drehbuchwerkstatt.de\/relaunch\/wp-content\/uploads\/2023\/03\/dbw_icons_link-348x348.png 348w, https:\/\/www.drehbuchwerkstatt.de\/relaunch\/wp-content\/uploads\/2023\/03\/dbw_icons_link.png 500w\" sizes=\"(max-width: 20px) 100vw, 20px\" \/>mehr \u00fcber <a href=\"https:\/\/www.drehbuchwerkstatt.de\/relaunch\/drehbuchwerkstatt-muenchen-ueber-uns-kino-fernsehen-serie-audiencefirst-dok-art\/#audiencefirst\">audience:first storytelling lab<\/a>! | <a href=\"https:\/\/www.br.de\/audiencefirst\/index.html\" target=\"_blank\" rel=\"noopener\">offizielle audience first Seite BR<\/a><\/p>\n<p>Wir freuen uns auf Sie!<\/p>\n<p>Ihre <b>audience:first<\/b> Projektleitung,<br \/>\nMatthias Leitner, Bayerischer Rundfunk<br \/>\nJulia Zantl, Drehbuchwerkstatt M\u00fcnchen[\/vc_column_text][\/vc_column][vc_column width=&#8220;1\/2&#8243;][vc_single_image media=&#8220;86059&#8243; media_lightbox=&#8220;yes&#8220; media_width_percent=&#8220;100&#8243; uncode_shortcode_id=&#8220;707603&#8243;][\/vc_column][\/vc_row]<\/p>\n<\/div>","protected":false},"excerpt":{"rendered":"<p>Audience:first storytelling lab: OPEN MONDAY am 24.3.2025: Zum OPEN MONDAY, dem ersten Tag unseres einw\u00f6chigen Labs, machen wir Impulsvortr\u00e4ge \u00f6ffentlich zug\u00e4nglich!<\/p>\n","protected":false},"author":1,"featured_media":86059,"comment_status":"closed","ping_status":"closed","sticky":false,"template":"","format":"standard","meta":{"footnotes":""},"categories":[1,18,24,25,181],"tags":[29,30,45,48,68,96,101,102,103,104,180,194],"class_list":["post-86056","post","type-post","status-publish","format-standard","has-post-thumbnail","hentry","category-allgemein","category-schaufenster","category-drehbuecher","category-bewerbung","category-audiencefirst","tag-drehbuchwerkstatt","tag-muenchen","tag-drehbuch","tag-drama","tag-serie","tag-debut","tag-serien","tag-audience","tag-first","tag-bayerischer-rundfunk","tag-audio-fiction","tag-open-monday"],"_links":{"self":[{"href":"https:\/\/www.drehbuchwerkstatt.de\/relaunch\/wp-json\/wp\/v2\/posts\/86056","targetHints":{"allow":["GET"]}}],"collection":[{"href":"https:\/\/www.drehbuchwerkstatt.de\/relaunch\/wp-json\/wp\/v2\/posts"}],"about":[{"href":"https:\/\/www.drehbuchwerkstatt.de\/relaunch\/wp-json\/wp\/v2\/types\/post"}],"author":[{"embeddable":true,"href":"https:\/\/www.drehbuchwerkstatt.de\/relaunch\/wp-json\/wp\/v2\/users\/1"}],"replies":[{"embeddable":true,"href":"https:\/\/www.drehbuchwerkstatt.de\/relaunch\/wp-json\/wp\/v2\/comments?post=86056"}],"version-history":[{"count":4,"href":"https:\/\/www.drehbuchwerkstatt.de\/relaunch\/wp-json\/wp\/v2\/posts\/86056\/revisions"}],"predecessor-version":[{"id":86064,"href":"https:\/\/www.drehbuchwerkstatt.de\/relaunch\/wp-json\/wp\/v2\/posts\/86056\/revisions\/86064"}],"wp:featuredmedia":[{"embeddable":true,"href":"https:\/\/www.drehbuchwerkstatt.de\/relaunch\/wp-json\/wp\/v2\/media\/86059"}],"wp:attachment":[{"href":"https:\/\/www.drehbuchwerkstatt.de\/relaunch\/wp-json\/wp\/v2\/media?parent=86056"}],"wp:term":[{"taxonomy":"category","embeddable":true,"href":"https:\/\/www.drehbuchwerkstatt.de\/relaunch\/wp-json\/wp\/v2\/categories?post=86056"},{"taxonomy":"post_tag","embeddable":true,"href":"https:\/\/www.drehbuchwerkstatt.de\/relaunch\/wp-json\/wp\/v2\/tags?post=86056"}],"curies":[{"name":"wp","href":"https:\/\/api.w.org\/{rel}","templated":true}]}}