{"id":86013,"date":"2025-02-13T17:33:15","date_gmt":"2025-02-13T16:33:15","guid":{"rendered":"https:\/\/www.drehbuchwerkstatt.de\/relaunch\/?p=86013"},"modified":"2025-02-19T21:02:59","modified_gmt":"2025-02-19T20:02:59","slug":"berlinale2025","status":"publish","type":"post","link":"https:\/\/www.drehbuchwerkstatt.de\/relaunch\/2025\/02\/berlinale2025\/","title":{"rendered":"AbsolventInnen der Drehbuchwerkstatt M\u00fcnchen auf der 75. Berlinale 2025!"},"content":{"rendered":"<div class=\"wpb-content-wrapper\"><p>[vc_row][vc_column width=&#8220;1\/1&#8243;][vc_single_image media=&#8220;86032&#8243; media_width_percent=&#8220;100&#8243; uncode_shortcode_id=&#8220;138954&#8243;][vc_column_text uncode_shortcode_id=&#8220;133584&#8243;][vc_custom_heading heading_semantic=&#8220;h5&#8243; text_size=&#8220;h5&#8243; text_font=&#8220;font-672269&#8243; text_weight=&#8220;300&#8243; text_transform=&#8220;uppercase&#8220; text_color=&#8220;color-dfgh&#8220;]DREHBUCHWERKSTATT ABSOLVENT*INNEN![\/vc_custom_heading][vc_custom_heading heading_semantic=&#8220;h1&#8243; text_size=&#8220;h1&#8243; text_font=&#8220;font-672269&#8243; text_weight=&#8220;300&#8243; text_color=&#8220;accent&#8220; separator=&#8220;yes&#8220; separator_color=&#8220;yes&#8220; separator_double=&#8220;yes&#8220;]STARK VERTRETEN AUF DER BERLINALE 2025![\/vc_custom_heading]<\/p>\n<p><strong><img decoding=\"async\" class=\"wp-image-86038 alignleft\" src=\"https:\/\/www.drehbuchwerkstatt.de\/relaunch\/wp-content\/uploads\/2025\/02\/dbw_pics_berlinale_logo-189x300.png\" alt=\"\" width=\"69\" height=\"110\" srcset=\"https:\/\/www.drehbuchwerkstatt.de\/relaunch\/wp-content\/uploads\/2025\/02\/dbw_pics_berlinale_logo-189x300.png 189w, https:\/\/www.drehbuchwerkstatt.de\/relaunch\/wp-content\/uploads\/2025\/02\/dbw_pics_berlinale_logo.png 322w\" sizes=\"(max-width: 69px) 100vw, 69px\" \/>Acht Projekte von Absolventinnen und Absolventen der Drehbuchwerkstatt M\u00fcnchen stehen mit im Programm der 75. Berlinale 2025 vom 13. bis 23. Februar: Was Marielle wei\u00df, Paternal leave, Welcome home baby, Other people&#8217;s money, Parallel me, All in, Keep her quiet und Mit der Faust in die Welt schlagen! Die Drehbuchwerkstatt M\u00fcnchen gratuliert und w\u00fcnscht viel Erfolg!<\/strong>[\/vc_column_text][\/vc_column][\/vc_row][vc_row][vc_column width=&#8220;1\/2&#8243;][vc_column_text uncode_shortcode_id=&#8220;164012&#8243;][vc_custom_heading heading_semantic=&#8220;h5&#8243; text_size=&#8220;h5&#8243; text_font=&#8220;font-672269&#8243; text_weight=&#8220;300&#8243; text_transform=&#8220;uppercase&#8220; text_color=&#8220;color-dfgh&#8220;] WETTBEWERB[\/vc_custom_heading][vc_custom_heading heading_semantic=&#8220;h1&#8243; text_size=&#8220;h1&#8243; text_font=&#8220;font-672269&#8243; text_weight=&#8220;300&#8243; text_color=&#8220;accent&#8220; separator=&#8220;yes&#8220; separator_color=&#8220;yes&#8220; separator_double=&#8220;yes&#8220;]WAS MARIELLE WEISS[\/vc_custom_heading]<\/p>\n<p><strong>WAS MARIELLE WEISS von Fr\u00e9d\u00e9ric Hambalek (Drehbuch und Regie)<\/strong><\/p>\n<p>Absolvent 27. Drehbuchwerkstatt (2015\/16). Produktion: HFF M\u00fcnchen Alumni Tobias Walker and Philipp Worm.<br \/>\nInhalt: Julia und Tobias entdecken, dass ihre Tochter Marielle pl\u00f6tzlich telepathische F\u00e4higkeiten entwickelt hat und alles sehen und h\u00f6ren kann, was sie tun. Die Folge sind peinliche bis absurde Situationen, und unbequeme Wahrheiten kommen ans Licht.<br \/>\nCast: Julia Jentsch, Felix Kramer, Laeni Geiseler, Mehmet Ate\u015f\u00e7i, Moritz Treuenfels<br \/>\nDeutschland 2025 | Weltpremiere.<\/p>\n<hr \/>\n<p><img decoding=\"async\" class=\"alignleft wp-image-84377\" src=\"https:\/\/www.drehbuchwerkstatt.de\/relaunch\/wp-content\/uploads\/2023\/03\/dbw_icons_link-150x150.png\" alt=\"\" width=\"20\" height=\"20\" srcset=\"https:\/\/www.drehbuchwerkstatt.de\/relaunch\/wp-content\/uploads\/2023\/03\/dbw_icons_link-150x150.png 150w, https:\/\/www.drehbuchwerkstatt.de\/relaunch\/wp-content\/uploads\/2023\/03\/dbw_icons_link-300x300.png 300w, https:\/\/www.drehbuchwerkstatt.de\/relaunch\/wp-content\/uploads\/2023\/03\/dbw_icons_link-350x350.png 350w, https:\/\/www.drehbuchwerkstatt.de\/relaunch\/wp-content\/uploads\/2023\/03\/dbw_icons_link-348x348.png 348w, https:\/\/www.drehbuchwerkstatt.de\/relaunch\/wp-content\/uploads\/2023\/03\/dbw_icons_link.png 500w\" sizes=\"(max-width: 20px) 100vw, 20px\" \/><a href=\"https:\/\/www.berlinale.de\/de\/2025\/programm\/202511266.html\" target=\"_blank\" rel=\"noopener\">siehe BERLINALE-Seite<\/a>[\/vc_column_text][\/vc_column][vc_column width=&#8220;1\/2&#8243;][vc_single_image media=&#8220;86019&#8243; media_lightbox=&#8220;yes&#8220; media_width_percent=&#8220;100&#8243; uncode_shortcode_id=&#8220;178749&#8243;][\/vc_column][\/vc_row][vc_row][vc_column width=&#8220;1\/2&#8243;][vc_single_image media=&#8220;86026&#8243; media_lightbox=&#8220;yes&#8220; media_width_percent=&#8220;100&#8243; uncode_shortcode_id=&#8220;125121&#8243;][\/vc_column][vc_column width=&#8220;1\/2&#8243;][vc_column_text uncode_shortcode_id=&#8220;640880&#8243;][vc_custom_heading heading_semantic=&#8220;h5&#8243; text_size=&#8220;h5&#8243; text_font=&#8220;font-672269&#8243; text_weight=&#8220;300&#8243; text_transform=&#8220;uppercase&#8220; text_color=&#8220;color-dfgh&#8220;]REIHE GENERATION 14PLUS[\/vc_custom_heading][vc_custom_heading heading_semantic=&#8220;h1&#8243; text_size=&#8220;h1&#8243; text_font=&#8220;font-672269&#8243; text_weight=&#8220;300&#8243; text_color=&#8220;accent&#8220; separator=&#8220;yes&#8220; separator_color=&#8220;yes&#8220; separator_double=&#8220;yes&#8220;]PATERNAL LEAVE[\/vc_custom_heading]<\/p>\n<p><strong>PATERNAL LEAVE von Alissa Jung (Drehbuch und Regie)<\/strong><\/p>\n<p>Absolventin aus der 32. Drehbuchwerkstatt (2020\/2021) &#8211; sie hat PATERNAL LEAVE dort entwickelt. Betreut wurde sie von Alexandra Kordes. Das Drehbuch war auch nominiert f\u00fcr den Tankred Dorst Preis 2021.<br \/>\nInhalt: Hin- und hergerissen zwischen Sehnsucht und Wut reist die 15-j\u00e4hrige Leo an die K\u00fcste Norditaliens, um ihren leiblichen Vater zu treffen. Die beiden sind einander vollkommen fremd. Sie ringen um Wahrheit, N\u00e4he, Liebe und den Mut, sich selbst zu begegnen.<br \/>\nCast: Juli Grabenhenrich, Luca Marinelli, Arturo Gabbriellini, Joy Falletti Cardillo, Gaia Rinaldi | Deutschland \/ Italien 2025 | Weltpremiere | Deb\u00fctfilm<\/p>\n<hr \/>\n<p><img decoding=\"async\" class=\"alignleft wp-image-84377\" src=\"https:\/\/www.drehbuchwerkstatt.de\/relaunch\/wp-content\/uploads\/2023\/03\/dbw_icons_link-150x150.png\" alt=\"\" width=\"20\" height=\"20\" srcset=\"https:\/\/www.drehbuchwerkstatt.de\/relaunch\/wp-content\/uploads\/2023\/03\/dbw_icons_link-150x150.png 150w, https:\/\/www.drehbuchwerkstatt.de\/relaunch\/wp-content\/uploads\/2023\/03\/dbw_icons_link-300x300.png 300w, https:\/\/www.drehbuchwerkstatt.de\/relaunch\/wp-content\/uploads\/2023\/03\/dbw_icons_link-350x350.png 350w, https:\/\/www.drehbuchwerkstatt.de\/relaunch\/wp-content\/uploads\/2023\/03\/dbw_icons_link-348x348.png 348w, https:\/\/www.drehbuchwerkstatt.de\/relaunch\/wp-content\/uploads\/2023\/03\/dbw_icons_link.png 500w\" sizes=\"(max-width: 20px) 100vw, 20px\" \/><a href=\"https:\/\/www.berlinale.de\/de\/2025\/programm\/202501646.html\" target=\"_blank\" rel=\"noopener\">siehe BERLINALE-Seite<\/a>[\/vc_column_text][\/vc_column][\/vc_row][vc_row][vc_column width=&#8220;1\/2&#8243;][vc_column_text uncode_shortcode_id=&#8220;222709&#8243;][vc_custom_heading heading_semantic=&#8220;h5&#8243; text_size=&#8220;h5&#8243; text_font=&#8220;font-672269&#8243; text_weight=&#8220;300&#8243; text_transform=&#8220;uppercase&#8220; text_color=&#8220;color-dfgh&#8220;]PANORAMA 2025[\/vc_custom_heading][vc_custom_heading heading_semantic=&#8220;h1&#8243; text_size=&#8220;h1&#8243; text_font=&#8220;font-672269&#8243; text_weight=&#8220;300&#8243; text_color=&#8220;accent&#8220; separator=&#8220;yes&#8220; separator_color=&#8220;yes&#8220; separator_double=&#8220;yes&#8220;]WELCOME HOME BABY[\/vc_custom_heading]<\/p>\n<p><strong>WELCOME HOME BABY von Andreas Prochaska.<\/strong><\/p>\n<p>Buch: Constantin Lieb, Absolvent 26. Drehbuchwerkstatt (2014\/2015), mit Daniela Baumg\u00e4rtl und Andreas Prochaska.<br \/>\nInhalt: Die Berliner Not\u00e4rztin Judith erbt ein Haus in \u00d6sterreich von einer Familie, die sie als Kind weggegeben hat. Die Suche nach dem Geheimnis ihrer Herkunft wird zur albtraumhaften Reise in die Vergangenheit und zum Sturz in die Abgr\u00fcnde ihrer Seele<br \/>\nCast: Julia Franz Richter, Reinout Scholten van Aschat, Gerti Drassl, Maria Hofst\u00e4tter, Gerhard Liebmann Produktion: Lotus-Film GmbH (\u00d6sterreich) und Senator Film Produktion GmbH Verleih\/Vertrieb: Wild Bunch Germany \u00d6sterreich \/ Deutschland 2025 | Weltpremiere.<\/p>\n<hr \/>\n<p><img decoding=\"async\" class=\"alignleft wp-image-84377\" src=\"https:\/\/www.drehbuchwerkstatt.de\/relaunch\/wp-content\/uploads\/2023\/03\/dbw_icons_link-150x150.png\" alt=\"\" width=\"20\" height=\"20\" srcset=\"https:\/\/www.drehbuchwerkstatt.de\/relaunch\/wp-content\/uploads\/2023\/03\/dbw_icons_link-150x150.png 150w, https:\/\/www.drehbuchwerkstatt.de\/relaunch\/wp-content\/uploads\/2023\/03\/dbw_icons_link-300x300.png 300w, https:\/\/www.drehbuchwerkstatt.de\/relaunch\/wp-content\/uploads\/2023\/03\/dbw_icons_link-350x350.png 350w, https:\/\/www.drehbuchwerkstatt.de\/relaunch\/wp-content\/uploads\/2023\/03\/dbw_icons_link-348x348.png 348w, https:\/\/www.drehbuchwerkstatt.de\/relaunch\/wp-content\/uploads\/2023\/03\/dbw_icons_link.png 500w\" sizes=\"(max-width: 20px) 100vw, 20px\" \/><a href=\"https:\/\/www.berlinale.de\/de\/2025\/programm\/202510612.html\" target=\"_blank\" rel=\"noopener\">siehe BERLINALE-Seite<\/a>[\/vc_column_text][\/vc_column][vc_column width=&#8220;1\/2&#8243;][vc_single_image media=&#8220;86015&#8243; media_lightbox=&#8220;yes&#8220; media_width_percent=&#8220;100&#8243; uncode_shortcode_id=&#8220;115016&#8243;][\/vc_column][\/vc_row][vc_row][vc_column width=&#8220;1\/2&#8243;][vc_single_image media=&#8220;86036&#8243; media_lightbox=&#8220;yes&#8220; media_width_percent=&#8220;100&#8243; uncode_shortcode_id=&#8220;181427&#8243;][\/vc_column][vc_column width=&#8220;1\/2&#8243;][vc_column_text uncode_shortcode_id=&#8220;158374&#8243;][vc_custom_heading heading_semantic=&#8220;h5&#8243; text_size=&#8220;h5&#8243; text_font=&#8220;font-672269&#8243; text_weight=&#8220;300&#8243; text_transform=&#8220;uppercase&#8220; text_color=&#8220;color-dfgh&#8220;]BERLINALE 2025[\/vc_custom_heading][vc_custom_heading heading_semantic=&#8220;h1&#8243; text_size=&#8220;h1&#8243; text_font=&#8220;font-672269&#8243; text_weight=&#8220;300&#8243; text_color=&#8220;accent&#8220; separator=&#8220;yes&#8220; separator_color=&#8220;yes&#8220; separator_double=&#8220;yes&#8220;]OTHER PEOPLE\u2018S MONEY[\/vc_custom_heading]<\/p>\n<p><strong>OTHER PEOPLE\u2018S MONEY (Die Aff\u00e4re Cum-EX) Showrunner und Creator der Serie Jan Schomburg, 18. Drehbuchwerkstatt (2006\/2007). Regie: Dustin Loose und Kaspar Munk.<\/strong><\/p>\n<p>Inhalt: OTHER PEOPLE\u2019S MONEY. Ein globales Netzwerk aus Bankern, Anw\u00e4lten und superreichen Investoren betr\u00fcgt die europ\u00e4ischen Staatskassen um 146 Milliarden Euro. Zwei Frauen versuchen, dem ein Ende zu setzen, doch Staaten und Banken scheinen ihre Bem\u00fchungen um jeden Preis verhindern zu wollen.<br \/>\nCast: Justus von Dohn\u00e1nyi, Nils Strunk, Lisa Wagner, Karen-Lise Mynster, David Dencik<br \/>\nProduktion: X Filme Creative Pool GmbH und True Content [dk]<br \/>\nDeutschland \/ D\u00e4nemark \/ \u00d6sterreich 2025. Weltpremiere | Serie<\/p>\n<hr \/>\n<p><img decoding=\"async\" class=\"alignleft wp-image-84377\" src=\"https:\/\/www.drehbuchwerkstatt.de\/relaunch\/wp-content\/uploads\/2023\/03\/dbw_icons_link-150x150.png\" alt=\"\" width=\"20\" height=\"20\" srcset=\"https:\/\/www.drehbuchwerkstatt.de\/relaunch\/wp-content\/uploads\/2023\/03\/dbw_icons_link-150x150.png 150w, https:\/\/www.drehbuchwerkstatt.de\/relaunch\/wp-content\/uploads\/2023\/03\/dbw_icons_link-300x300.png 300w, https:\/\/www.drehbuchwerkstatt.de\/relaunch\/wp-content\/uploads\/2023\/03\/dbw_icons_link-350x350.png 350w, https:\/\/www.drehbuchwerkstatt.de\/relaunch\/wp-content\/uploads\/2023\/03\/dbw_icons_link-348x348.png 348w, https:\/\/www.drehbuchwerkstatt.de\/relaunch\/wp-content\/uploads\/2023\/03\/dbw_icons_link.png 500w\" sizes=\"(max-width: 20px) 100vw, 20px\" \/><a href=\"https:\/\/www.berlinale.de\/de\/2025\/programm\/202507058.html\" target=\"_blank\" rel=\"noopener\">siehe BERLINALE-Seite<\/a>[\/vc_column_text][\/vc_column][\/vc_row][vc_row][vc_column width=&#8220;1\/2&#8243;][vc_column_text uncode_shortcode_id=&#8220;107733&#8243;][vc_custom_heading heading_semantic=&#8220;h5&#8243; text_size=&#8220;h5&#8243; text_font=&#8220;font-672269&#8243; text_weight=&#8220;300&#8243; text_transform=&#8220;uppercase&#8220; text_color=&#8220;color-dfgh&#8220;]11. BERLINALE SERIES MARKET[\/vc_custom_heading][vc_custom_heading heading_semantic=&#8220;h1&#8243; text_size=&#8220;h1&#8243; text_font=&#8220;font-672269&#8243; text_weight=&#8220;300&#8243; text_color=&#8220;accent&#8220; separator=&#8220;yes&#8220; separator_color=&#8220;yes&#8220; separator_double=&#8220;yes&#8220;]PARALLEL ME[\/vc_custom_heading]<\/p>\n<p><strong>PARALLEL ME Creator: Jana Burbach, Absolventin 25. DBWM 2013\/2014)<\/strong><\/p>\n<p>Inhalt: Die magische Reise einer jungen Frau durch verschiedene Versionen ihres Lebens.<br \/>\nGaumont Deutschland in Zusammenarbeit mit Paramount Television International (PTIS).<\/p>\n<hr \/>\n<p><img decoding=\"async\" class=\"alignleft wp-image-84377\" src=\"https:\/\/www.drehbuchwerkstatt.de\/relaunch\/wp-content\/uploads\/2023\/03\/dbw_icons_link-150x150.png\" alt=\"\" width=\"20\" height=\"20\" srcset=\"https:\/\/www.drehbuchwerkstatt.de\/relaunch\/wp-content\/uploads\/2023\/03\/dbw_icons_link-150x150.png 150w, https:\/\/www.drehbuchwerkstatt.de\/relaunch\/wp-content\/uploads\/2023\/03\/dbw_icons_link-300x300.png 300w, https:\/\/www.drehbuchwerkstatt.de\/relaunch\/wp-content\/uploads\/2023\/03\/dbw_icons_link-350x350.png 350w, https:\/\/www.drehbuchwerkstatt.de\/relaunch\/wp-content\/uploads\/2023\/03\/dbw_icons_link-348x348.png 348w, https:\/\/www.drehbuchwerkstatt.de\/relaunch\/wp-content\/uploads\/2023\/03\/dbw_icons_link.png 500w\" sizes=\"(max-width: 20px) 100vw, 20px\" \/><a href=\"https:\/\/www.berlinale.de\/de\/2025\/news-pressemitteilungen\/261407.html\" target=\"_blank\" rel=\"noopener\">siehe BERLINALE-Seite<\/a>[\/vc_column_text][\/vc_column][vc_column width=&#8220;1\/2&#8243;][vc_single_image media=&#8220;86017&#8243; media_lightbox=&#8220;yes&#8220; media_width_percent=&#8220;100&#8243; uncode_shortcode_id=&#8220;318992&#8243;][\/vc_column][\/vc_row][vc_row][vc_column width=&#8220;1\/2&#8243;][vc_single_image media=&#8220;86014&#8243; media_lightbox=&#8220;yes&#8220; media_width_percent=&#8220;100&#8243; uncode_shortcode_id=&#8220;713454&#8243;][\/vc_column][vc_column width=&#8220;1\/2&#8243;][vc_column_text uncode_shortcode_id=&#8220;197382&#8243;][vc_custom_heading heading_semantic=&#8220;h5&#8243; text_size=&#8220;h5&#8243; text_font=&#8220;font-672269&#8243; text_weight=&#8220;300&#8243; text_transform=&#8220;uppercase&#8220; text_color=&#8220;color-dfgh&#8220;]BERLINALE 2025[\/vc_custom_heading][vc_custom_heading heading_semantic=&#8220;h1&#8243; text_size=&#8220;h1&#8243; text_font=&#8220;font-672269&#8243; text_weight=&#8220;300&#8243; text_color=&#8220;accent&#8220; separator=&#8220;yes&#8220; separator_color=&#8220;yes&#8220; separator_double=&#8220;yes&#8220;]ALL IN[\/vc_custom_heading]<\/p>\n<p><strong>ALL IN Autoren im Team <\/strong><\/p>\n<p>Marianna \u00d6lmez (28. Drehbuchwerkstatt 2016\/2017) und Christoph Busche (21. Drehbuchwerkstatt 2009\/2010) zusammen mit: Kathrin Tabler (Headwriterin), Orkun Ertener (Creator, Headwriter) und Jan Cronauer.<br \/>\nInhalt: ALL IN erz\u00e4hlt die Geschichte einer einer jungen Muslima, die im verbotenen Poker-Milieu f\u00fcr ihren Traum, Astronautin zu werden, alles riskiert.<br \/>\nOdeon Fiction f\u00fcr ZDF Neo<\/p>\n<hr \/>\n<p><img decoding=\"async\" class=\"alignleft wp-image-84377\" src=\"https:\/\/www.drehbuchwerkstatt.de\/relaunch\/wp-content\/uploads\/2023\/03\/dbw_icons_link-150x150.png\" alt=\"\" width=\"20\" height=\"20\" srcset=\"https:\/\/www.drehbuchwerkstatt.de\/relaunch\/wp-content\/uploads\/2023\/03\/dbw_icons_link-150x150.png 150w, https:\/\/www.drehbuchwerkstatt.de\/relaunch\/wp-content\/uploads\/2023\/03\/dbw_icons_link-300x300.png 300w, https:\/\/www.drehbuchwerkstatt.de\/relaunch\/wp-content\/uploads\/2023\/03\/dbw_icons_link-350x350.png 350w, https:\/\/www.drehbuchwerkstatt.de\/relaunch\/wp-content\/uploads\/2023\/03\/dbw_icons_link-348x348.png 348w, https:\/\/www.drehbuchwerkstatt.de\/relaunch\/wp-content\/uploads\/2023\/03\/dbw_icons_link.png 500w\" sizes=\"(max-width: 20px) 100vw, 20px\" \/><a href=\"https:\/\/www.berlinale.de\/de\/2025\/news-pressemitteilungen\/261407.html\" target=\"_blank\" rel=\"noopener\">siehe BERLINALE-Seite<\/a>[\/vc_column_text][\/vc_column][\/vc_row][vc_row][vc_column width=&#8220;1\/2&#8243;][vc_column_text uncode_shortcode_id=&#8220;197198&#8243;][vc_custom_heading heading_semantic=&#8220;h5&#8243; text_size=&#8220;h5&#8243; text_font=&#8220;font-672269&#8243; text_weight=&#8220;300&#8243; text_transform=&#8220;uppercase&#8220; text_color=&#8220;color-dfgh&#8220;]Berlinale Co-Production Market 2025[\/vc_custom_heading][vc_custom_heading heading_semantic=&#8220;h1&#8243; text_size=&#8220;h1&#8243; text_font=&#8220;font-672269&#8243; text_weight=&#8220;300&#8243; text_color=&#8220;accent&#8220; separator=&#8220;yes&#8220; separator_color=&#8220;yes&#8220; separator_double=&#8220;yes&#8220;]KEEP HER QUIET[\/vc_custom_heading]<\/p>\n<p><strong> KEEP HER QUIET ausgew\u00e4hltes internationales Projekt.<\/strong><\/p>\n<p>Co-Autorin\/Co-Regie Suli Kurban, 31. Drehbuchwerkstatt (2019\/2020).<br \/>\nInhalt: Die wahre Geschichte einer mutigen Investigativ-Journalistin, die ihr Leben und das ihrer Familie riskiert, um eine systematische humanit\u00e4re Katastrophe von geopolitischem Ausma\u00df aufzudecken.<\/p>\n<hr \/>\n<p><img decoding=\"async\" class=\"alignleft wp-image-84377\" src=\"https:\/\/www.drehbuchwerkstatt.de\/relaunch\/wp-content\/uploads\/2023\/03\/dbw_icons_link-150x150.png\" alt=\"\" width=\"20\" height=\"20\" srcset=\"https:\/\/www.drehbuchwerkstatt.de\/relaunch\/wp-content\/uploads\/2023\/03\/dbw_icons_link-150x150.png 150w, https:\/\/www.drehbuchwerkstatt.de\/relaunch\/wp-content\/uploads\/2023\/03\/dbw_icons_link-300x300.png 300w, https:\/\/www.drehbuchwerkstatt.de\/relaunch\/wp-content\/uploads\/2023\/03\/dbw_icons_link-350x350.png 350w, https:\/\/www.drehbuchwerkstatt.de\/relaunch\/wp-content\/uploads\/2023\/03\/dbw_icons_link-348x348.png 348w, https:\/\/www.drehbuchwerkstatt.de\/relaunch\/wp-content\/uploads\/2023\/03\/dbw_icons_link.png 500w\" sizes=\"(max-width: 20px) 100vw, 20px\" \/><a href=\"https:\/\/www.efm-berlinale.de\/en\/copro-market\/projects\/projects.html\" target=\"_blank\" rel=\"noopener\">siehe BERLINALE-Seite<\/a>[\/vc_column_text][\/vc_column][vc_column width=&#8220;1\/2&#8243;][vc_single_image media=&#8220;86042&#8243; media_lightbox=&#8220;yes&#8220; media_width_percent=&#8220;100&#8243; uncode_shortcode_id=&#8220;208976&#8243;][\/vc_column][\/vc_row][vc_row][vc_column width=&#8220;1\/2&#8243;][vc_single_image media=&#8220;86045&#8243; media_lightbox=&#8220;yes&#8220; media_width_percent=&#8220;100&#8243; uncode_shortcode_id=&#8220;118659&#8243;][\/vc_column][vc_column width=&#8220;1\/2&#8243;][vc_column_text uncode_shortcode_id=&#8220;140240&#8243;][vc_custom_heading heading_semantic=&#8220;h5&#8243; text_size=&#8220;h5&#8243; text_font=&#8220;font-672269&#8243; text_weight=&#8220;300&#8243; text_transform=&#8220;uppercase&#8220; text_color=&#8220;color-dfgh&#8220;]PERSPEKTIVEN[\/vc_custom_heading][vc_custom_heading heading_semantic=&#8220;h1&#8243; text_size=&#8220;h1&#8243; text_font=&#8220;font-672269&#8243; text_weight=&#8220;300&#8243; text_color=&#8220;accent&#8220; separator=&#8220;yes&#8220; separator_color=&#8220;yes&#8220; separator_double=&#8220;yes&#8220;]MIT DER FAUST IN DIE WELT SCHLAGEN[\/vc_custom_heading]<\/p>\n<p><strong>MIT DER FAUST IN DIE WELT SCHLAGEN von Constanze Klaue (Drehbuch und Regie)<\/strong><\/p>\n<p>Produzent*innen: Gabriele Simon, Absolventin der 20. DBWM 2008\/09, Alexander Wadouh, Roxana Richters, Martin Heisler<\/p>\n<hr \/>\n<p><img decoding=\"async\" class=\"alignleft wp-image-84377\" src=\"https:\/\/www.drehbuchwerkstatt.de\/relaunch\/wp-content\/uploads\/2023\/03\/dbw_icons_link-150x150.png\" alt=\"\" width=\"20\" height=\"20\" srcset=\"https:\/\/www.drehbuchwerkstatt.de\/relaunch\/wp-content\/uploads\/2023\/03\/dbw_icons_link-150x150.png 150w, https:\/\/www.drehbuchwerkstatt.de\/relaunch\/wp-content\/uploads\/2023\/03\/dbw_icons_link-300x300.png 300w, https:\/\/www.drehbuchwerkstatt.de\/relaunch\/wp-content\/uploads\/2023\/03\/dbw_icons_link-350x350.png 350w, https:\/\/www.drehbuchwerkstatt.de\/relaunch\/wp-content\/uploads\/2023\/03\/dbw_icons_link-348x348.png 348w, https:\/\/www.drehbuchwerkstatt.de\/relaunch\/wp-content\/uploads\/2023\/03\/dbw_icons_link.png 500w\" sizes=\"(max-width: 20px) 100vw, 20px\" \/><a href=\"https:\/\/www.berlinale.de\/de\/2025\/programm\/202516907.html\" target=\"_blank\" rel=\"noopener\">siehe BERLINALE-Seite<\/a>[\/vc_column_text][\/vc_column][\/vc_row][vc_row][vc_column width=&#8220;1\/1&#8243;][vc_separator sep_color=&#8220;color-628826&#8243; uncode_shortcode_id=&#8220;112123&#8243; sep_color_type=&#8220;uncode-palette&#8220;][vc_column_text uncode_shortcode_id=&#8220;180007&#8243;]<strong>FOTO-CREDITS<\/strong><br \/>\nWas Marielle wei\u00df: \u00a9 Alexander Griesser<br \/>\nPaternal Leave: \u00a9 Match Factory Productions, Wildside[\/vc_column_text][\/vc_column][\/vc_row]<\/p>\n<\/div>","protected":false},"excerpt":{"rendered":"<p>Acht Projekte von Absolventinnen und Absolventen der Drehbuchwerkstatt M\u00fcnchen stehen mit im Programm der 75. Berlinale 2025!<\/p>\n","protected":false},"author":1,"featured_media":86034,"comment_status":"closed","ping_status":"closed","sticky":false,"template":"","format":"standard","meta":{"footnotes":""},"categories":[1,18,21,24],"tags":[29,45,73,80,211],"class_list":["post-86013","post","type-post","status-publish","format-standard","has-post-thumbnail","hentry","category-allgemein","category-schaufenster","category-erfolge","category-drehbuecher","tag-drehbuchwerkstatt","tag-drehbuch","tag-berlinale","tag-kino","tag-erfolg"],"_links":{"self":[{"href":"https:\/\/www.drehbuchwerkstatt.de\/relaunch\/wp-json\/wp\/v2\/posts\/86013","targetHints":{"allow":["GET"]}}],"collection":[{"href":"https:\/\/www.drehbuchwerkstatt.de\/relaunch\/wp-json\/wp\/v2\/posts"}],"about":[{"href":"https:\/\/www.drehbuchwerkstatt.de\/relaunch\/wp-json\/wp\/v2\/types\/post"}],"author":[{"embeddable":true,"href":"https:\/\/www.drehbuchwerkstatt.de\/relaunch\/wp-json\/wp\/v2\/users\/1"}],"replies":[{"embeddable":true,"href":"https:\/\/www.drehbuchwerkstatt.de\/relaunch\/wp-json\/wp\/v2\/comments?post=86013"}],"version-history":[{"count":18,"href":"https:\/\/www.drehbuchwerkstatt.de\/relaunch\/wp-json\/wp\/v2\/posts\/86013\/revisions"}],"predecessor-version":[{"id":86047,"href":"https:\/\/www.drehbuchwerkstatt.de\/relaunch\/wp-json\/wp\/v2\/posts\/86013\/revisions\/86047"}],"wp:featuredmedia":[{"embeddable":true,"href":"https:\/\/www.drehbuchwerkstatt.de\/relaunch\/wp-json\/wp\/v2\/media\/86034"}],"wp:attachment":[{"href":"https:\/\/www.drehbuchwerkstatt.de\/relaunch\/wp-json\/wp\/v2\/media?parent=86013"}],"wp:term":[{"taxonomy":"category","embeddable":true,"href":"https:\/\/www.drehbuchwerkstatt.de\/relaunch\/wp-json\/wp\/v2\/categories?post=86013"},{"taxonomy":"post_tag","embeddable":true,"href":"https:\/\/www.drehbuchwerkstatt.de\/relaunch\/wp-json\/wp\/v2\/tags?post=86013"}],"curies":[{"name":"wp","href":"https:\/\/api.w.org\/{rel}","templated":true}]}}