{"id":85978,"date":"2025-01-20T21:28:44","date_gmt":"2025-01-20T20:28:44","guid":{"rendered":"https:\/\/www.drehbuchwerkstatt.de\/relaunch\/?p=85978"},"modified":"2025-01-22T06:35:29","modified_gmt":"2025-01-22T05:35:29","slug":"max-ophuels-preis-2025-absolventinnen-der-drehbuchwerkstatt-muenchen-zuerich-und-steiermark-und-audience-first-storytelling-lab-vertreten","status":"publish","type":"post","link":"https:\/\/www.drehbuchwerkstatt.de\/relaunch\/2025\/01\/max-ophuels-preis-2025-absolventinnen-der-drehbuchwerkstatt-muenchen-zuerich-und-steiermark-und-audience-first-storytelling-lab-vertreten\/","title":{"rendered":"MAX-OPH\u00dcLS-PREIS 2025: Absolvent*innen der Drehbuchwerkstatt vertreten!"},"content":{"rendered":"<div class=\"wpb-content-wrapper\"><p>[vc_row][vc_column width=&#8220;1\/1&#8243;][vc_single_image media=&#8220;2101&#8243; media_width_percent=&#8220;100&#8243; uncode_shortcode_id=&#8220;280473&#8243;][vc_column_text uncode_shortcode_id=&#8220;212174&#8243;][vc_custom_heading heading_semantic=&#8220;h5&#8243; text_size=&#8220;h5&#8243; text_font=&#8220;font-672269&#8243; text_weight=&#8220;300&#8243; text_transform=&#8220;uppercase&#8220; text_color=&#8220;color-dfgh&#8220;]DREHBUCHWERKSTATT ABSOLVENT*INNEN![\/vc_custom_heading][vc_custom_heading heading_semantic=&#8220;h1&#8243; text_size=&#8220;h1&#8243; text_font=&#8220;font-672269&#8243; text_weight=&#8220;300&#8243; text_color=&#8220;accent&#8220; separator=&#8220;yes&#8220; separator_color=&#8220;yes&#8220; separator_double=&#8220;yes&#8220;]VERTRETEN BEIM MAX-OPH\u00dcLS-PREIS 2025![\/vc_custom_heading]<\/p>\n<p><strong>46. Filmfestival Max Oph\u00fcls Preis | Saarbr\u00fccken (20. \u2013 26. Januar 2025): FILME VON DREHBUCHWERKSTATT ABSOLVENT*INNEN sind dabei! <\/strong><\/p>\n<p>Wir freuen uns, dass Absolvent*innen der Drehbuchwerkstatt M\u00fcnchen \u2013 Z\u00fcrich und Steiermark und Audience First Storytelling Lab beim Max-Oph\u00fcls Preis 2025 in Saarbr\u00fccken vertreten sind![\/vc_column_text][\/vc_column][\/vc_row][vc_row][vc_column width=&#8220;1\/2&#8243;][vc_column_text uncode_shortcode_id=&#8220;168837&#8243;][vc_custom_heading heading_semantic=&#8220;h5&#8243; text_size=&#8220;h5&#8243; text_font=&#8220;font-672269&#8243; text_weight=&#8220;300&#8243; text_transform=&#8220;uppercase&#8220; text_color=&#8220;color-dfgh&#8220;]WETTBEWERB SPIELFILM[\/vc_custom_heading][vc_custom_heading heading_semantic=&#8220;h1&#8243; text_size=&#8220;h1&#8243; text_font=&#8220;font-672269&#8243; text_weight=&#8220;300&#8243; text_color=&#8220;accent&#8220; separator=&#8220;yes&#8220; separator_color=&#8220;yes&#8220; separator_double=&#8220;yes&#8220;]BAGGER DRAMA[\/vc_custom_heading]<\/p>\n<p>&nbsp;<\/p>\n<p>Piet Baumgartner war Teilnehmer der 26. DBWM-Z\u00fcrich (2014 -15).<\/p>\n<p>BAGGER DRAMA wurde beim Filmfestival San Sebasti\u00e1n vergangenes Jahr mit dem Regie-Preis ausgezeichnet. Er hat BAGGER DRAMA in seinem Drehbuchwerkstatt Jahr entwickelt.<\/p>\n<p>&nbsp;<\/p>\n<p>Buch und Regie: Piet Baumgartner<\/p>\n<p>Kamera: Pascal Reinmann<\/p>\n<p>Montage: Tania St\u00f6cklin<\/p>\n<p>Produktion: Dschoint Ventschr Filmproduktion, Karin Koch<\/p>\n<p>&nbsp;<\/p>\n<hr \/>\n<p><img decoding=\"async\" class=\"alignleft wp-image-84377\" src=\"https:\/\/www.drehbuchwerkstatt.de\/relaunch\/wp-content\/uploads\/2023\/03\/dbw_icons_link-150x150.png\" alt=\"\" width=\"20\" height=\"20\" srcset=\"https:\/\/www.drehbuchwerkstatt.de\/relaunch\/wp-content\/uploads\/2023\/03\/dbw_icons_link-150x150.png 150w, https:\/\/www.drehbuchwerkstatt.de\/relaunch\/wp-content\/uploads\/2023\/03\/dbw_icons_link-300x300.png 300w, https:\/\/www.drehbuchwerkstatt.de\/relaunch\/wp-content\/uploads\/2023\/03\/dbw_icons_link-350x350.png 350w, https:\/\/www.drehbuchwerkstatt.de\/relaunch\/wp-content\/uploads\/2023\/03\/dbw_icons_link-348x348.png 348w, https:\/\/www.drehbuchwerkstatt.de\/relaunch\/wp-content\/uploads\/2023\/03\/dbw_icons_link.png 500w\" sizes=\"(max-width: 20px) 100vw, 20px\" \/><a href=\"https:\/\/ffmop.de\/film_detail\/movie-67604d9edb00e\" target=\"_blank\" rel=\"noopener\">Max-Oph\u00fcls-Preis Filmseite<\/a><\/p>\n<p><img decoding=\"async\" class=\"alignleft wp-image-84377\" src=\"https:\/\/www.drehbuchwerkstatt.de\/relaunch\/wp-content\/uploads\/2023\/03\/dbw_icons_link-150x150.png\" alt=\"\" width=\"20\" height=\"20\" srcset=\"https:\/\/www.drehbuchwerkstatt.de\/relaunch\/wp-content\/uploads\/2023\/03\/dbw_icons_link-150x150.png 150w, https:\/\/www.drehbuchwerkstatt.de\/relaunch\/wp-content\/uploads\/2023\/03\/dbw_icons_link-300x300.png 300w, https:\/\/www.drehbuchwerkstatt.de\/relaunch\/wp-content\/uploads\/2023\/03\/dbw_icons_link-350x350.png 350w, https:\/\/www.drehbuchwerkstatt.de\/relaunch\/wp-content\/uploads\/2023\/03\/dbw_icons_link-348x348.png 348w, https:\/\/www.drehbuchwerkstatt.de\/relaunch\/wp-content\/uploads\/2023\/03\/dbw_icons_link.png 500w\" sizes=\"(max-width: 20px) 100vw, 20px\" \/><a href=\"https:\/\/pietbaumgartner.com\" target=\"_blank\" rel=\"noopener\">Piet Baumgartner<\/a>[\/vc_column_text][\/vc_column][vc_column width=&#8220;1\/2&#8243;][vc_single_image media=&#8220;85980&#8243; media_lightbox=&#8220;yes&#8220; media_width_percent=&#8220;100&#8243; uncode_shortcode_id=&#8220;867505&#8243;][vc_single_image media=&#8220;85984&#8243; media_lightbox=&#8220;yes&#8220; media_width_percent=&#8220;100&#8243; advanced=&#8220;yes&#8220; media_items=&#8220;media|original,caption&#8220; media_overlay_coloration=&#8220;bottom_gradient&#8220; media_overlay_opacity=&#8220;50&#8243; media_overlay_anim=&#8220;no&#8220; media_text_visible=&#8220;yes&#8220; media_text_anim=&#8220;no&#8220; media_image_anim=&#8220;no&#8220; media_h_align=&#8220;center&#8220; media_v_position=&#8220;bottom&#8220; media_reduced=&#8220;half&#8220; media_h_position=&#8220;center&#8220; media_padding=&#8220;1&#8243; text_lead=&#8220;small&#8220; uncode_shortcode_id=&#8220;198175&#8243;][\/vc_column][\/vc_row][vc_row][vc_column width=&#8220;1\/2&#8243;][vc_single_image media=&#8220;85981&#8243; media_lightbox=&#8220;yes&#8220; media_width_percent=&#8220;100&#8243; uncode_shortcode_id=&#8220;106921&#8243;][vc_single_image media=&#8220;85982&#8243; media_lightbox=&#8220;yes&#8220; media_width_percent=&#8220;100&#8243; advanced=&#8220;yes&#8220; media_items=&#8220;media|original,caption&#8220; media_overlay_coloration=&#8220;bottom_gradient&#8220; media_overlay_opacity=&#8220;50&#8243; media_overlay_anim=&#8220;no&#8220; media_text_visible=&#8220;yes&#8220; media_text_anim=&#8220;no&#8220; media_image_anim=&#8220;no&#8220; media_h_align=&#8220;center&#8220; media_v_position=&#8220;bottom&#8220; media_reduced=&#8220;half&#8220; media_h_position=&#8220;center&#8220; media_padding=&#8220;1&#8243; media_text_reduced=&#8220;yes&#8220; text_lead=&#8220;small&#8220; uncode_shortcode_id=&#8220;763682&#8243;][\/vc_column][vc_column width=&#8220;1\/2&#8243;][vc_column_text uncode_shortcode_id=&#8220;136445&#8243;][vc_custom_heading heading_semantic=&#8220;h5&#8243; text_size=&#8220;h5&#8243; text_font=&#8220;font-672269&#8243; text_weight=&#8220;300&#8243; text_transform=&#8220;uppercase&#8220; text_color=&#8220;color-dfgh&#8220;]REIHE WATCHLIST[\/vc_custom_heading][vc_custom_heading heading_semantic=&#8220;h1&#8243; text_size=&#8220;h1&#8243; text_font=&#8220;font-672269&#8243; text_weight=&#8220;300&#8243; text_color=&#8220;accent&#8220; separator=&#8220;yes&#8220; separator_color=&#8220;yes&#8220; separator_double=&#8220;yes&#8220;]ANOTHER GERMAN TANK STORY[\/vc_custom_heading]<\/p>\n<p>&nbsp;<\/p>\n<p>Jannis Alexander Kiefer war im Fr\u00fchjahr 2024 Teilnehmer des Audience First:Storytelling Labs Drama Series und hat dort die Miniserie KICK ASS OMAS entwickelt (Comedy &#8211; 6 Folgen \u00e0 30 Minuten).<\/p>\n<p>&nbsp;<\/p>\n<p>Regie: Jannis Alexander Kiefer<\/p>\n<p>Buch: Theresa Weininger, Jannis Alexander Kiefer<\/p>\n<p>Kamera: Adam Graf<\/p>\n<p>Montage: Kathrin Unger<\/p>\n<p>Producer*in: Lotte Ruf, Frithjof St\u00fcckemann, HFF Absolvent Christoph Degenhart<\/p>\n<p>Produktion: MAZE PICTURES, Philipp Kreuzer<\/p>\n<p>&nbsp;<\/p>\n<hr \/>\n<p><img decoding=\"async\" class=\"alignleft wp-image-84377\" src=\"https:\/\/www.drehbuchwerkstatt.de\/relaunch\/wp-content\/uploads\/2023\/03\/dbw_icons_link-150x150.png\" alt=\"\" width=\"20\" height=\"20\" srcset=\"https:\/\/www.drehbuchwerkstatt.de\/relaunch\/wp-content\/uploads\/2023\/03\/dbw_icons_link-150x150.png 150w, https:\/\/www.drehbuchwerkstatt.de\/relaunch\/wp-content\/uploads\/2023\/03\/dbw_icons_link-300x300.png 300w, https:\/\/www.drehbuchwerkstatt.de\/relaunch\/wp-content\/uploads\/2023\/03\/dbw_icons_link-350x350.png 350w, https:\/\/www.drehbuchwerkstatt.de\/relaunch\/wp-content\/uploads\/2023\/03\/dbw_icons_link-348x348.png 348w, https:\/\/www.drehbuchwerkstatt.de\/relaunch\/wp-content\/uploads\/2023\/03\/dbw_icons_link.png 500w\" sizes=\"(max-width: 20px) 100vw, 20px\" \/><a href=\"https:\/\/ffmop.de\/film_detail\/movie-674fa080e02cd\" target=\"_blank\" rel=\"noopener\">Max-Oph\u00fcls-Preis Filmseite<\/a><\/p>\n<p><img decoding=\"async\" class=\"alignleft wp-image-84377\" src=\"https:\/\/www.drehbuchwerkstatt.de\/relaunch\/wp-content\/uploads\/2023\/03\/dbw_icons_link-150x150.png\" alt=\"\" width=\"20\" height=\"20\" srcset=\"https:\/\/www.drehbuchwerkstatt.de\/relaunch\/wp-content\/uploads\/2023\/03\/dbw_icons_link-150x150.png 150w, https:\/\/www.drehbuchwerkstatt.de\/relaunch\/wp-content\/uploads\/2023\/03\/dbw_icons_link-300x300.png 300w, https:\/\/www.drehbuchwerkstatt.de\/relaunch\/wp-content\/uploads\/2023\/03\/dbw_icons_link-350x350.png 350w, https:\/\/www.drehbuchwerkstatt.de\/relaunch\/wp-content\/uploads\/2023\/03\/dbw_icons_link-348x348.png 348w, https:\/\/www.drehbuchwerkstatt.de\/relaunch\/wp-content\/uploads\/2023\/03\/dbw_icons_link.png 500w\" sizes=\"(max-width: 20px) 100vw, 20px\" \/><a href=\"https:\/\/pegasus-agency.de\/willkommen-in-der-agentur-jannis-alexander-kiefer\/\" target=\"_blank\" rel=\"noopener\">Agentur Jannis Alexander Kiefer<\/a>[\/vc_column_text][\/vc_column][\/vc_row][vc_row][vc_column width=&#8220;1\/2&#8243;][vc_column_text uncode_shortcode_id=&#8220;122349&#8243;][vc_custom_heading heading_semantic=&#8220;h5&#8243; text_size=&#8220;h5&#8243; text_font=&#8220;font-672269&#8243; text_weight=&#8220;300&#8243; text_transform=&#8220;uppercase&#8220; text_color=&#8220;color-dfgh&#8220;]REIHE DISKURZE[\/vc_custom_heading][vc_custom_heading heading_semantic=&#8220;h1&#8243; text_size=&#8220;h1&#8243; text_font=&#8220;font-672269&#8243; text_weight=&#8220;300&#8243; text_color=&#8220;accent&#8220; separator=&#8220;yes&#8220; separator_color=&#8220;yes&#8220; separator_double=&#8220;yes&#8220;]ABSTECHEN[\/vc_custom_heading]<\/p>\n<p>&nbsp;<\/p>\n<p>Angelika Reitzer war Teilnehmerin de 29. Drehbuchwerkstatt M\u00fcnchen-Steiermark (2017\/2018).<\/p>\n<p>In ihrem Drehbuchwerkstatt Jahr hat sie das Drehbuch DIESES BILD EINER FRAU &#8211; DRAMA NACH EINER WAHREN GESCHICHTE geschrieben.<\/p>\n<p>&nbsp;<\/p>\n<p>Buch, Regie, Kamera und Produktion: Angelika Reitzer<\/p>\n<p>Montage: Stefanie Weberhofer, Angelika Reitzer<\/p>\n<p>&nbsp;<\/p>\n<hr \/>\n<p><img decoding=\"async\" class=\"alignleft wp-image-84377\" src=\"https:\/\/www.drehbuchwerkstatt.de\/relaunch\/wp-content\/uploads\/2023\/03\/dbw_icons_link-150x150.png\" alt=\"\" width=\"20\" height=\"20\" srcset=\"https:\/\/www.drehbuchwerkstatt.de\/relaunch\/wp-content\/uploads\/2023\/03\/dbw_icons_link-150x150.png 150w, https:\/\/www.drehbuchwerkstatt.de\/relaunch\/wp-content\/uploads\/2023\/03\/dbw_icons_link-300x300.png 300w, https:\/\/www.drehbuchwerkstatt.de\/relaunch\/wp-content\/uploads\/2023\/03\/dbw_icons_link-350x350.png 350w, https:\/\/www.drehbuchwerkstatt.de\/relaunch\/wp-content\/uploads\/2023\/03\/dbw_icons_link-348x348.png 348w, https:\/\/www.drehbuchwerkstatt.de\/relaunch\/wp-content\/uploads\/2023\/03\/dbw_icons_link.png 500w\" sizes=\"(max-width: 20px) 100vw, 20px\" \/><a href=\"https:\/\/ffmop.de\/film_detail\/movie-6750c72708ca9\" target=\"_blank\" rel=\"noopener\">Max-Oph\u00fcls-Preis Filmseite<\/a><\/p>\n<p><img decoding=\"async\" class=\"alignleft wp-image-84377\" src=\"https:\/\/www.drehbuchwerkstatt.de\/relaunch\/wp-content\/uploads\/2023\/03\/dbw_icons_link-150x150.png\" alt=\"\" width=\"20\" height=\"20\" srcset=\"https:\/\/www.drehbuchwerkstatt.de\/relaunch\/wp-content\/uploads\/2023\/03\/dbw_icons_link-150x150.png 150w, https:\/\/www.drehbuchwerkstatt.de\/relaunch\/wp-content\/uploads\/2023\/03\/dbw_icons_link-300x300.png 300w, https:\/\/www.drehbuchwerkstatt.de\/relaunch\/wp-content\/uploads\/2023\/03\/dbw_icons_link-350x350.png 350w, https:\/\/www.drehbuchwerkstatt.de\/relaunch\/wp-content\/uploads\/2023\/03\/dbw_icons_link-348x348.png 348w, https:\/\/www.drehbuchwerkstatt.de\/relaunch\/wp-content\/uploads\/2023\/03\/dbw_icons_link.png 500w\" sizes=\"(max-width: 20px) 100vw, 20px\" \/><a href=\"https:\/\/angelikareitzer.eu\" target=\"_blank\" rel=\"noopener\">Angelika Reitzer<\/a>[\/vc_column_text][\/vc_column][vc_column width=&#8220;1\/2&#8243;][vc_single_image media=&#8220;85979&#8243; media_lightbox=&#8220;yes&#8220; media_width_percent=&#8220;100&#8243; uncode_shortcode_id=&#8220;933366&#8243;][vc_single_image media=&#8220;85983&#8243; media_lightbox=&#8220;yes&#8220; media_width_percent=&#8220;100&#8243; advanced=&#8220;yes&#8220; media_items=&#8220;media|original,caption&#8220; media_overlay_coloration=&#8220;bottom_gradient&#8220; media_overlay_opacity=&#8220;50&#8243; media_overlay_anim=&#8220;no&#8220; media_text_visible=&#8220;yes&#8220; media_text_anim=&#8220;no&#8220; media_image_anim=&#8220;no&#8220; media_h_align=&#8220;center&#8220; media_v_position=&#8220;bottom&#8220; media_reduced=&#8220;half&#8220; media_h_position=&#8220;center&#8220; media_padding=&#8220;1&#8243; media_text_reduced=&#8220;yes&#8220; text_lead=&#8220;small&#8220; uncode_shortcode_id=&#8220;127581&#8243;][\/vc_column][\/vc_row]<\/p>\n<\/div>","protected":false},"excerpt":{"rendered":"<p>MAX-OPH\u00dcLS-PREIS 2025: Absolvent*innen der Drehbuchwerkstatt M\u00fcnchen, Z\u00fcrich und Steiermark und Audience First Storytelling Lab vertreten!<\/p>\n","protected":false},"author":1,"featured_media":85991,"comment_status":"closed","ping_status":"closed","sticky":false,"template":"","format":"standard","meta":{"footnotes":""},"categories":[1,18,24,25,76,181],"tags":[29,45,187,211,220,221],"class_list":["post-85978","post","type-post","status-publish","format-standard","has-post-thumbnail","hentry","category-allgemein","category-schaufenster","category-drehbuecher","category-bewerbung","category-dok-art","category-audiencefirst","tag-drehbuchwerkstatt","tag-drehbuch","tag-max-ophuels-preis","tag-erfolg","tag-saarbruecken","tag-ophuels"],"_links":{"self":[{"href":"https:\/\/www.drehbuchwerkstatt.de\/relaunch\/wp-json\/wp\/v2\/posts\/85978","targetHints":{"allow":["GET"]}}],"collection":[{"href":"https:\/\/www.drehbuchwerkstatt.de\/relaunch\/wp-json\/wp\/v2\/posts"}],"about":[{"href":"https:\/\/www.drehbuchwerkstatt.de\/relaunch\/wp-json\/wp\/v2\/types\/post"}],"author":[{"embeddable":true,"href":"https:\/\/www.drehbuchwerkstatt.de\/relaunch\/wp-json\/wp\/v2\/users\/1"}],"replies":[{"embeddable":true,"href":"https:\/\/www.drehbuchwerkstatt.de\/relaunch\/wp-json\/wp\/v2\/comments?post=85978"}],"version-history":[{"count":22,"href":"https:\/\/www.drehbuchwerkstatt.de\/relaunch\/wp-json\/wp\/v2\/posts\/85978\/revisions"}],"predecessor-version":[{"id":86009,"href":"https:\/\/www.drehbuchwerkstatt.de\/relaunch\/wp-json\/wp\/v2\/posts\/85978\/revisions\/86009"}],"wp:featuredmedia":[{"embeddable":true,"href":"https:\/\/www.drehbuchwerkstatt.de\/relaunch\/wp-json\/wp\/v2\/media\/85991"}],"wp:attachment":[{"href":"https:\/\/www.drehbuchwerkstatt.de\/relaunch\/wp-json\/wp\/v2\/media?parent=85978"}],"wp:term":[{"taxonomy":"category","embeddable":true,"href":"https:\/\/www.drehbuchwerkstatt.de\/relaunch\/wp-json\/wp\/v2\/categories?post=85978"},{"taxonomy":"post_tag","embeddable":true,"href":"https:\/\/www.drehbuchwerkstatt.de\/relaunch\/wp-json\/wp\/v2\/tags?post=85978"}],"curies":[{"name":"wp","href":"https:\/\/api.w.org\/{rel}","templated":true}]}}