{"id":85655,"date":"2024-09-29T17:49:48","date_gmt":"2024-09-29T15:49:48","guid":{"rendered":"https:\/\/www.drehbuchwerkstatt.de\/relaunch\/?p=85655"},"modified":"2025-01-20T21:44:13","modified_gmt":"2025-01-20T20:44:13","slug":"dbw_absolventen_oktober_2024","status":"publish","type":"post","link":"https:\/\/www.drehbuchwerkstatt.de\/relaunch\/2024\/09\/dbw_absolventen_oktober_2024\/","title":{"rendered":"UNSERE ABSOLVENT*INNEN UND IHRE ARBEITEN IM OKTOBER 2024!"},"content":{"rendered":"<div class=\"wpb-content-wrapper\"><p>[vc_row][vc_column width=&#8220;1\/1&#8243;][vc_single_image media=&#8220;2101&#8243; media_width_percent=&#8220;100&#8243; uncode_shortcode_id=&#8220;280473&#8243;][vc_column_text uncode_shortcode_id=&#8220;929284&#8243;][vc_custom_heading heading_semantic=&#8220;h5&#8243; text_size=&#8220;h5&#8243; text_font=&#8220;font-672269&#8243; text_weight=&#8220;300&#8243; text_transform=&#8220;uppercase&#8220; text_color=&#8220;color-dfgh&#8220;]DREHBUCHWERKSTATT ABSOLVENT*INNEN![\/vc_custom_heading][vc_custom_heading heading_semantic=&#8220;h1&#8243; text_size=&#8220;h1&#8243; text_font=&#8220;font-672269&#8243; text_weight=&#8220;300&#8243; text_color=&#8220;accent&#8220; separator=&#8220;yes&#8220; separator_color=&#8220;yes&#8220; separator_double=&#8220;yes&#8220;]Volles Programm im Oktober![\/vc_custom_heading]<\/p>\n<p><strong>DREHBUCHWERKSTATT ABSOLVENT*INNEN UND IHRE ARBEITEN IM OKTOBER 2024 \u2013 WIR W\u00dcNSCHEN GUTE UNTERHALTUNG: Nicole Armbruster, Stefan Betz, Mimi Kezele, Barbara te Kock, Peter Meister, Malina Nwabuonwor, Arto Sebastian, Marianne Wendt Andreas Dirr, Ischta Lehmann, Kerstin Pistorius, Sonja Krajewski, Natalie Zoghbi und Ulrike Molsen!<\/strong>[\/vc_column_text][\/vc_column][\/vc_row][vc_row][vc_column width=&#8220;1\/1&#8243;][vc_single_image media=&#8220;85684&#8243; media_width_percent=&#8220;100&#8243; uncode_shortcode_id=&#8220;103920&#8243;][\/vc_column][\/vc_row][vc_row][vc_column width=&#8220;1\/2&#8243;][vc_column_text uncode_shortcode_id=&#8220;107567&#8243;][vc_custom_heading heading_semantic=&#8220;h5&#8243; text_size=&#8220;h5&#8243; text_font=&#8220;font-672269&#8243; text_weight=&#8220;300&#8243; text_transform=&#8220;uppercase&#8220; text_color=&#8220;color-dfgh&#8220;] Fernsehfilm[\/vc_custom_heading][vc_custom_heading heading_semantic=&#8220;h1&#8243; text_size=&#8220;h1&#8243; text_font=&#8220;font-672269&#8243; text_weight=&#8220;300&#8243; text_color=&#8220;accent&#8220; separator=&#8220;yes&#8220; separator_color=&#8220;yes&#8220; separator_double=&#8220;yes&#8220;]KATI \u2013 EINE K\u00dcR DIE BLEIBT![\/vc_custom_heading]<\/p>\n<p>Mimi Kezele, Co-Leiterin und Absolventin der Drehbuchwerkstatt (21 DBWM 2009\/10) f\u00fchrte Regie bei Fernsehfilm KATI \u2013 EINE K\u00dcR DIE BLEIBT, zu sehen am Donnerstag, 3. Oktober 2024, 20.15 Uhr im ZDF. Oder gleich <a href=\"https:\/\/www.zdf.de\/filme\/herzkino\/kati---eine-kuer-die-bleibt-100.html\" target=\"_blank\" rel=\"noopener\">anschauen in der ZDF-Mediathek<\/a>. Das Drehbuch schrieb Andrea Stoll. Die Bildgestaltung lag bei Holly Fink. Den Schnitt \u00fcbernahm Stine Sonne Munch. Produzentin: Monika Raebel. Mimi Kezele ist Absolventin der Drehbuchwerkstatt und \u00fcbernahm mit Start der 35. Drehbuchwerkstatt (2024\/2025) die Co-Leitung gemeinsam mit Prof. Hubert von Spreti.<\/p>\n<p>Inhalt: Der 93-min\u00fctige Film fokussiert sich auf das sportliche Comeback sowie die emotionale Verstrickung zwischen Katharina Witt und Jutta M\u00fcller. Erz\u00e4hlt wird keine Sportlerbiografie, sondern der Kampf zweier starker Frauen aus unterschiedlichen Generationen, die mit dem Ende der DDR ihre Identit\u00e4t verloren haben und gezwungen sind, sich neu zu positionieren.<\/p>\n<hr \/>\n<p><img decoding=\"async\" class=\"alignleft wp-image-84377\" src=\"https:\/\/www.drehbuchwerkstatt.de\/relaunch\/wp-content\/uploads\/2023\/03\/dbw_icons_link-150x150.png\" alt=\"\" width=\"20\" height=\"20\" srcset=\"https:\/\/www.drehbuchwerkstatt.de\/relaunch\/wp-content\/uploads\/2023\/03\/dbw_icons_link-150x150.png 150w, https:\/\/www.drehbuchwerkstatt.de\/relaunch\/wp-content\/uploads\/2023\/03\/dbw_icons_link-300x300.png 300w, https:\/\/www.drehbuchwerkstatt.de\/relaunch\/wp-content\/uploads\/2023\/03\/dbw_icons_link-350x350.png 350w, https:\/\/www.drehbuchwerkstatt.de\/relaunch\/wp-content\/uploads\/2023\/03\/dbw_icons_link-348x348.png 348w, https:\/\/www.drehbuchwerkstatt.de\/relaunch\/wp-content\/uploads\/2023\/03\/dbw_icons_link.png 500w\" sizes=\"(max-width: 20px) 100vw, 20px\" \/><a href=\"https:\/\/www.zdf.de\/filme\/herzkino\/kati---eine-kuer-die-bleibt-100.html\" target=\"_blank\" rel=\"noopener\">ZDF Mediathek<\/a>[\/vc_column_text][\/vc_column][vc_column width=&#8220;1\/2&#8243;][vc_single_image media=&#8220;85664&#8243; media_lightbox=&#8220;yes&#8220; media_width_percent=&#8220;100&#8243; uncode_shortcode_id=&#8220;184856&#8243;][vc_single_image media=&#8220;85686&#8243; media_lightbox=&#8220;yes&#8220; media_width_percent=&#8220;100&#8243; uncode_shortcode_id=&#8220;196820&#8243;][\/vc_column][\/vc_row][vc_row][vc_column width=&#8220;1\/2&#8243;][vc_single_image media=&#8220;85665&#8243; media_lightbox=&#8220;yes&#8220; media_width_percent=&#8220;100&#8243; uncode_shortcode_id=&#8220;431842&#8243;][\/vc_column][vc_column width=&#8220;1\/2&#8243;][vc_column_text uncode_shortcode_id=&#8220;134389&#8243;][vc_custom_heading heading_semantic=&#8220;h5&#8243; text_size=&#8220;h5&#8243; text_font=&#8220;font-672269&#8243; text_weight=&#8220;300&#8243; text_transform=&#8220;uppercase&#8220; text_color=&#8220;color-dfgh&#8220;]Fernsehfilm[\/vc_custom_heading][vc_custom_heading heading_semantic=&#8220;h1&#8243; text_size=&#8220;h1&#8243; text_font=&#8220;font-672269&#8243; text_weight=&#8220;300&#8243; text_color=&#8220;accent&#8220; separator=&#8220;yes&#8220; separator_color=&#8220;yes&#8220; separator_double=&#8220;yes&#8220;]EIN MANN SEINER KLASSE[\/vc_custom_heading]<\/p>\n<p>Nicole Armbruster (21. DBWM 2009\/10) schrieb das Drehbuch zum Fernsehfilm EINER MANN SEINER KLASSE gemeinsam mit Marc Brummund, der auch Regie f\u00fchrte. Die literarische Grundlage war der gleichnamige Roman von Christian Baron, der darin die Geschichte seiner Kindheit erz\u00e4hlt.<\/p>\n<p>Ausstrahlung am Mittwoch, 2. Oktober 2024, 20.15 Uhr, ARD oder in der ARD Mediathek schon jetzt!<\/p>\n<hr \/>\n<p><img decoding=\"async\" class=\"alignleft wp-image-84377\" src=\"https:\/\/www.drehbuchwerkstatt.de\/relaunch\/wp-content\/uploads\/2023\/03\/dbw_icons_link-150x150.png\" alt=\"\" width=\"20\" height=\"20\" srcset=\"https:\/\/www.drehbuchwerkstatt.de\/relaunch\/wp-content\/uploads\/2023\/03\/dbw_icons_link-150x150.png 150w, https:\/\/www.drehbuchwerkstatt.de\/relaunch\/wp-content\/uploads\/2023\/03\/dbw_icons_link-300x300.png 300w, https:\/\/www.drehbuchwerkstatt.de\/relaunch\/wp-content\/uploads\/2023\/03\/dbw_icons_link-350x350.png 350w, https:\/\/www.drehbuchwerkstatt.de\/relaunch\/wp-content\/uploads\/2023\/03\/dbw_icons_link-348x348.png 348w, https:\/\/www.drehbuchwerkstatt.de\/relaunch\/wp-content\/uploads\/2023\/03\/dbw_icons_link.png 500w\" sizes=\"(max-width: 20px) 100vw, 20px\" \/><a href=\"https:\/\/www.ardmediathek.de\/tv-programm\/66c6fff2de7cebd4ef89b4bd\" target=\"_blank\" rel=\"noopener\">ARD Mediathek<\/a>[\/vc_column_text][\/vc_column][\/vc_row][vc_row][vc_column width=&#8220;1\/2&#8243;][vc_column_text uncode_shortcode_id=&#8220;763958&#8243;][vc_custom_heading heading_semantic=&#8220;h5&#8243; text_size=&#8220;h5&#8243; text_font=&#8220;font-672269&#8243; text_weight=&#8220;300&#8243; text_transform=&#8220;uppercase&#8220; text_color=&#8220;color-dfgh&#8220;]SERIE[\/vc_custom_heading][vc_custom_heading heading_semantic=&#8220;h1&#8243; text_size=&#8220;h1&#8243; text_font=&#8220;font-672269&#8243; text_weight=&#8220;300&#8243; text_color=&#8220;accent&#8220; separator=&#8220;yes&#8220; separator_color=&#8220;yes&#8220; separator_double=&#8220;yes&#8220;]DER UPIR[\/vc_custom_heading]<\/p>\n<p>Peter Meister, Absolvent der Drehbuchwerkstatt, schrieb die Drehb\u00fccher und f\u00fchrte Regie bei der Vampir-Comedy DER UPIR mit Fahri Yardim und Rocko Schamoni in den Hauptrollen. Die Serie feierte seine Premiere bei der ersten Festivalausgabe von Seriesly Berlin Mitte September in Berlin.<\/p>\n<hr \/>\n<p><img decoding=\"async\" class=\"alignleft wp-image-84377\" src=\"https:\/\/www.drehbuchwerkstatt.de\/relaunch\/wp-content\/uploads\/2023\/03\/dbw_icons_link-150x150.png\" alt=\"\" width=\"20\" height=\"20\" srcset=\"https:\/\/www.drehbuchwerkstatt.de\/relaunch\/wp-content\/uploads\/2023\/03\/dbw_icons_link-150x150.png 150w, https:\/\/www.drehbuchwerkstatt.de\/relaunch\/wp-content\/uploads\/2023\/03\/dbw_icons_link-300x300.png 300w, https:\/\/www.drehbuchwerkstatt.de\/relaunch\/wp-content\/uploads\/2023\/03\/dbw_icons_link-350x350.png 350w, https:\/\/www.drehbuchwerkstatt.de\/relaunch\/wp-content\/uploads\/2023\/03\/dbw_icons_link-348x348.png 348w, https:\/\/www.drehbuchwerkstatt.de\/relaunch\/wp-content\/uploads\/2023\/03\/dbw_icons_link.png 500w\" sizes=\"(max-width: 20px) 100vw, 20px\" \/><a href=\"https:\/\/www.prosieben.de\/themen\/filme-serien\/news\/fahri-yardm-in-seiner-neuesten-rolle-ab-sofort-kannst-du-der-upir-kostenlos-streamen-414761\" target=\"_blank\" rel=\"noopener\">Pro7<\/a>[\/vc_column_text][\/vc_column][vc_column width=&#8220;1\/2&#8243;][vc_single_image media=&#8220;85669&#8243; media_lightbox=&#8220;yes&#8220; media_width_percent=&#8220;100&#8243; uncode_shortcode_id=&#8220;172096&#8243;][\/vc_column][\/vc_row][vc_row][vc_column width=&#8220;1\/2&#8243;][vc_single_image media=&#8220;85668&#8243; media_lightbox=&#8220;yes&#8220; media_width_percent=&#8220;100&#8243; uncode_shortcode_id=&#8220;458427&#8243;][\/vc_column][vc_column width=&#8220;1\/2&#8243;][vc_column_text uncode_shortcode_id=&#8220;822819&#8243;][vc_custom_heading heading_semantic=&#8220;h5&#8243; text_size=&#8220;h5&#8243; text_font=&#8220;font-672269&#8243; text_weight=&#8220;300&#8243; text_transform=&#8220;uppercase&#8220; text_color=&#8220;color-dfgh&#8220;]TATORT[\/vc_custom_heading][vc_custom_heading heading_semantic=&#8220;h1&#8243; text_size=&#8220;h1&#8243; text_font=&#8220;font-672269&#8243; text_weight=&#8220;300&#8243; text_color=&#8220;accent&#8220; separator=&#8220;yes&#8220; separator_color=&#8220;yes&#8220; separator_double=&#8220;yes&#8220;]TATORT &#8211; Trotzdem[\/vc_custom_heading]<\/p>\n<p>Stefan Betz (8. DBWM 1996\/97) und Max F\u00e4rberbock schrieben das Drehbuch zum Franken TATORT, der am Sonntag, 6. Oktober 2024, 20.15 Uhr, ARD, ausgestrahlt wird!<\/p>\n<hr \/>\n<p><img decoding=\"async\" class=\"alignleft wp-image-84377\" src=\"https:\/\/www.drehbuchwerkstatt.de\/relaunch\/wp-content\/uploads\/2023\/03\/dbw_icons_link-150x150.png\" alt=\"\" width=\"20\" height=\"20\" srcset=\"https:\/\/www.drehbuchwerkstatt.de\/relaunch\/wp-content\/uploads\/2023\/03\/dbw_icons_link-150x150.png 150w, https:\/\/www.drehbuchwerkstatt.de\/relaunch\/wp-content\/uploads\/2023\/03\/dbw_icons_link-300x300.png 300w, https:\/\/www.drehbuchwerkstatt.de\/relaunch\/wp-content\/uploads\/2023\/03\/dbw_icons_link-350x350.png 350w, https:\/\/www.drehbuchwerkstatt.de\/relaunch\/wp-content\/uploads\/2023\/03\/dbw_icons_link-348x348.png 348w, https:\/\/www.drehbuchwerkstatt.de\/relaunch\/wp-content\/uploads\/2023\/03\/dbw_icons_link.png 500w\" sizes=\"(max-width: 20px) 100vw, 20px\" \/><a href=\"https:\/\/www.ardmediathek.de\/tv-programm\/66c6fff2de7cebd4ef89b4bd\" target=\"_blank\" rel=\"noopener\">ARD Mediathek<\/a>[\/vc_column_text][\/vc_column][\/vc_row][vc_row][vc_column width=&#8220;1\/2&#8243;][vc_column_text uncode_shortcode_id=&#8220;204751&#8243;][vc_custom_heading heading_semantic=&#8220;h5&#8243; text_size=&#8220;h5&#8243; text_font=&#8220;font-672269&#8243; text_weight=&#8220;300&#8243; text_transform=&#8220;uppercase&#8220; text_color=&#8220;color-dfgh&#8220;]Writers&#8216; Room[\/vc_custom_heading][vc_custom_heading heading_semantic=&#8220;h1&#8243; text_size=&#8220;h1&#8243; text_font=&#8220;font-672269&#8243; text_weight=&#8220;300&#8243; text_color=&#8220;accent&#8220; separator=&#8220;yes&#8220; separator_color=&#8220;yes&#8220; separator_double=&#8220;yes&#8220;]SAM \u2013 EIN SACHSE (STAFFEL 1)[\/vc_custom_heading]<\/p>\n<p>Malina Nwabuonwor geh\u00f6rte zum Writers\u2018 Room der Serie SAM \u2013 EIN SACHSE. Die ersten drei Folgen sind am 30. September, ab 20.15 Uhr im MDR zu sehen oder alle Folgen in der ARD-Mediathek!<\/p>\n<p>Malina Nwabuonwor ist Absolventin der M\u00fcnchen-Steiermark (2020\/21).<\/p>\n<hr \/>\n<p><img decoding=\"async\" class=\"alignleft wp-image-84377\" src=\"https:\/\/www.drehbuchwerkstatt.de\/relaunch\/wp-content\/uploads\/2023\/03\/dbw_icons_link-150x150.png\" alt=\"\" width=\"20\" height=\"20\" srcset=\"https:\/\/www.drehbuchwerkstatt.de\/relaunch\/wp-content\/uploads\/2023\/03\/dbw_icons_link-150x150.png 150w, https:\/\/www.drehbuchwerkstatt.de\/relaunch\/wp-content\/uploads\/2023\/03\/dbw_icons_link-300x300.png 300w, https:\/\/www.drehbuchwerkstatt.de\/relaunch\/wp-content\/uploads\/2023\/03\/dbw_icons_link-350x350.png 350w, https:\/\/www.drehbuchwerkstatt.de\/relaunch\/wp-content\/uploads\/2023\/03\/dbw_icons_link-348x348.png 348w, https:\/\/www.drehbuchwerkstatt.de\/relaunch\/wp-content\/uploads\/2023\/03\/dbw_icons_link.png 500w\" sizes=\"(max-width: 20px) 100vw, 20px\" \/><a href=\"https:\/\/www.ardmediathek.de\/serie\/Y3JpZDovL21kci5kZS9zZW5kZXJlaWhlbi9zdGFmZmVsc2VyaWUtc2FtLWVpbi1zYWNoc2U\" target=\"_blank\" rel=\"noopener\">ARD Mediathek<\/a>[\/vc_column_text][\/vc_column][vc_column width=&#8220;1\/2&#8243;][vc_single_image media=&#8220;85667&#8243; media_lightbox=&#8220;yes&#8220; media_width_percent=&#8220;100&#8243; uncode_shortcode_id=&#8220;160935&#8243;][\/vc_column][\/vc_row][vc_row][vc_column width=&#8220;1\/2&#8243;][vc_single_image media=&#8220;85675&#8243; media_lightbox=&#8220;yes&#8220; media_width_percent=&#8220;100&#8243; uncode_shortcode_id=&#8220;203598&#8243;][\/vc_column][vc_column width=&#8220;1\/2&#8243;][vc_column_text uncode_shortcode_id=&#8220;545264&#8243;][vc_custom_heading heading_semantic=&#8220;h5&#8243; text_size=&#8220;h5&#8243; text_font=&#8220;font-672269&#8243; text_weight=&#8220;300&#8243; text_transform=&#8220;uppercase&#8220; text_color=&#8220;color-dfgh&#8220;]ZDF SERIE[\/vc_custom_heading][vc_custom_heading heading_semantic=&#8220;h1&#8243; text_size=&#8220;h1&#8243; text_font=&#8220;font-672269&#8243; text_weight=&#8220;300&#8243; text_color=&#8220;accent&#8220; separator=&#8220;yes&#8220; separator_color=&#8220;yes&#8220; separator_double=&#8220;yes&#8220;]NOTRUF HAFENKANTE[\/vc_custom_heading]<\/p>\n<p>Am 26. September war Staffelstart f\u00fcr die neuen Folgen der Serie NOTRUF HAFENKANTE.<\/p>\n<p>Mehrere Absolvent*innen der Drehbuchwerkstatt haben f\u00fcr einzelne Folgen das Drehbuch geschrieben: Andreas Dirr, Ischta Lehmann, Kerstin Pistorius, Sonja Krajewski, Natalie Zoghbi und Ulrike Molsen.[\/vc_column_text][\/vc_column][\/vc_row][vc_row][vc_column width=&#8220;1\/2&#8243;][vc_column_text uncode_shortcode_id=&#8220;115300&#8243;][vc_custom_heading heading_semantic=&#8220;h5&#8243; text_size=&#8220;h5&#8243; text_font=&#8220;font-672269&#8243; text_weight=&#8220;300&#8243; text_transform=&#8220;uppercase&#8220; text_color=&#8220;color-dfgh&#8220;]3. STAFFEL![\/vc_custom_heading][vc_custom_heading heading_semantic=&#8220;h1&#8243; text_size=&#8220;h1&#8243; text_font=&#8220;font-672269&#8243; text_weight=&#8220;300&#8243; text_color=&#8220;accent&#8220; separator=&#8220;yes&#8220; separator_color=&#8220;yes&#8220; separator_double=&#8220;yes&#8220;]NEUMATT[\/vc_custom_heading]<\/p>\n<p>Das Schweizer Familiendrama l\u00e4uft ab 13. Oktober 2024 bei SRF 1 im Hauptabendprogramm und wird in acht Folgen \u00e0 45 Minuten ausgestrahlt. Die Serien-Creatorin ist Marianne Wendt, Absolventin der 18. DBWM (2006\/2007). Die Drehb\u00fccher schrieben &#8211; neben Marianne Wendt &#8211; Christian Schiller, Adrian Spring, Ruth Rehmet, Lea Pasinetti und Luisa Ricar \u2013 ebenfalls Absolventin der Drehbuchwerkstatt M\u00fcnchen -Z\u00dcRICH 30. DBWM (2018\/2019).<\/p>\n<p>Inhalt: Familie Wyss stellt sich erneut den Herausforderungen der modernen Landwirtschaft, die ihren Betrieb bedrohen. Sarah versucht f\u00fcr den Hof eine Nische zu finden. Ihr Bruder Michi gr\u00fcndet ein Start-up. Er erf\u00e4hrt, wer sein wirklicher Vater ist \u2013 ein Grossinvestor. Er eifert ihm so lange nach, bis er dadurch fast seine Geschwister verliert. Lorenz k\u00e4mpft um seine Familie, w\u00e4hrend Katharina sich endlich mit dem Suizid ihres Mannes konfrontiert.<\/p>\n<hr \/>\n<p><img decoding=\"async\" class=\"alignleft wp-image-84377\" src=\"https:\/\/www.drehbuchwerkstatt.de\/relaunch\/wp-content\/uploads\/2023\/03\/dbw_icons_link-150x150.png\" alt=\"\" width=\"20\" height=\"20\" srcset=\"https:\/\/www.drehbuchwerkstatt.de\/relaunch\/wp-content\/uploads\/2023\/03\/dbw_icons_link-150x150.png 150w, https:\/\/www.drehbuchwerkstatt.de\/relaunch\/wp-content\/uploads\/2023\/03\/dbw_icons_link-300x300.png 300w, https:\/\/www.drehbuchwerkstatt.de\/relaunch\/wp-content\/uploads\/2023\/03\/dbw_icons_link-350x350.png 350w, https:\/\/www.drehbuchwerkstatt.de\/relaunch\/wp-content\/uploads\/2023\/03\/dbw_icons_link-348x348.png 348w, https:\/\/www.drehbuchwerkstatt.de\/relaunch\/wp-content\/uploads\/2023\/03\/dbw_icons_link.png 500w\" sizes=\"(max-width: 20px) 100vw, 20px\" \/><a href=\"https:\/\/www.netflix.com\/de\/title\/81562449\" target=\"_blank\" rel=\"noopener\">STAFFELN 1 und 2 auf Netflix<\/a>[\/vc_column_text][\/vc_column][vc_column width=&#8220;1\/2&#8243;][vc_single_image media=&#8220;85666&#8243; media_lightbox=&#8220;yes&#8220; media_width_percent=&#8220;100&#8243; uncode_shortcode_id=&#8220;143106&#8243;][\/vc_column][\/vc_row][vc_row][vc_column width=&#8220;1\/1&#8243;][vc_single_image media=&#8220;85681&#8243; media_width_percent=&#8220;100&#8243; uncode_shortcode_id=&#8220;120201&#8243;][\/vc_column][\/vc_row][vc_row][vc_column width=&#8220;1\/2&#8243;][vc_single_image media=&#8220;85677&#8243; media_lightbox=&#8220;yes&#8220; media_width_percent=&#8220;100&#8243; uncode_shortcode_id=&#8220;184459&#8243;][\/vc_column][vc_column width=&#8220;1\/2&#8243;][vc_column_text uncode_shortcode_id=&#8220;405531&#8243;][vc_custom_heading heading_semantic=&#8220;h5&#8243; text_size=&#8220;h5&#8243; text_font=&#8220;font-672269&#8243; text_weight=&#8220;300&#8243; text_transform=&#8220;uppercase&#8220; text_color=&#8220;color-dfgh&#8220;]KINO[\/vc_custom_heading][vc_custom_heading heading_semantic=&#8220;h1&#8243; text_size=&#8220;h1&#8243; text_font=&#8220;font-672269&#8243; text_weight=&#8220;300&#8243; text_color=&#8220;accent&#8220; separator=&#8220;yes&#8220; separator_color=&#8220;yes&#8220; separator_double=&#8220;yes&#8220;]DIE SCHULE DER MAGISCHEN TIERE 3[\/vc_custom_heading]<\/p>\n<p>Seit 26. September ist Teil 3 der DIE SCHULE DER MAGISCHEN TIERE im Kino zu sehen. Am Drehbuch beteiligt war auch Barbara te Kock. Sie ist Absolventin der 19 (DBWM 2007\/2008). Weitere Autor*innen waren: Thorsten N\u00e4ter, \u00b7Sven Unterwaldt (auch Regie), Viola M.J. Schmidt und Ursula Gruber nach der Bestseller Kinder- und Jugendbuchreihe von Margit Auer. Produzentinnen sind Meike und Alexandra Kordes. Alexandra Kordes ist seit vielen Jahren auch Drehbuch-Mentorin in der Drehbuchwerkstatt!<\/p>\n<hr \/>\n<p><img decoding=\"async\" class=\"alignleft wp-image-84377\" src=\"https:\/\/www.drehbuchwerkstatt.de\/relaunch\/wp-content\/uploads\/2023\/03\/dbw_icons_link-150x150.png\" alt=\"\" width=\"20\" height=\"20\" srcset=\"https:\/\/www.drehbuchwerkstatt.de\/relaunch\/wp-content\/uploads\/2023\/03\/dbw_icons_link-150x150.png 150w, https:\/\/www.drehbuchwerkstatt.de\/relaunch\/wp-content\/uploads\/2023\/03\/dbw_icons_link-300x300.png 300w, https:\/\/www.drehbuchwerkstatt.de\/relaunch\/wp-content\/uploads\/2023\/03\/dbw_icons_link-350x350.png 350w, https:\/\/www.drehbuchwerkstatt.de\/relaunch\/wp-content\/uploads\/2023\/03\/dbw_icons_link-348x348.png 348w, https:\/\/www.drehbuchwerkstatt.de\/relaunch\/wp-content\/uploads\/2023\/03\/dbw_icons_link.png 500w\" sizes=\"(max-width: 20px) 100vw, 20px\" \/><a href=\"https:\/\/www.youtube.com\/watch?v=dE7nKFlkt-4\" target=\"_blank\" rel=\"noopener\">TRAILER<\/a>[\/vc_column_text][\/vc_column][\/vc_row][vc_row][vc_column width=&#8220;1\/2&#8243;][vc_column_text uncode_shortcode_id=&#8220;899616&#8243;][vc_custom_heading heading_semantic=&#8220;h5&#8243; text_size=&#8220;h5&#8243; text_font=&#8220;font-672269&#8243; text_weight=&#8220;300&#8243; text_transform=&#8220;uppercase&#8220; text_color=&#8220;color-dfgh&#8220;]KINO[\/vc_custom_heading][vc_custom_heading heading_semantic=&#8220;h1&#8243; text_size=&#8220;h1&#8243; text_font=&#8220;font-672269&#8243; text_weight=&#8220;300&#8243; text_color=&#8220;accent&#8220; separator=&#8220;yes&#8220; separator_color=&#8220;yes&#8220; separator_double=&#8220;yes&#8220;]ROHBAU[\/vc_custom_heading]<\/p>\n<p>Arto Sebastian, Absolvent der 31. DBWM (2019\/20), ist einer der drei Produzent*innen der Wood Water Films, die den Spielfilm von HFF M\u00fcnchen Absolvent Tuna Kaptan (Regie) und Absolventin der N\u00fcrnberger Kolleg*innen des Autoren-Stipendiums, Fentje Hanke (Drehbuch) produziert hat.<\/p>\n<p>Kurzinhalt: Ein unter Druck stehender Bauleiter l\u00e4sst die Leiche eines verungl\u00fcckten Schwarzarbeiters verschwinden und muss sich in der Folge um die kleine Tochter des Toten k\u00fcmmern, die nicht m\u00fcde wird, ihren Vater zu suchen.<\/p>\n<hr \/>\n<p><img decoding=\"async\" class=\"alignleft wp-image-84377\" src=\"https:\/\/www.drehbuchwerkstatt.de\/relaunch\/wp-content\/uploads\/2023\/03\/dbw_icons_link-150x150.png\" alt=\"\" width=\"20\" height=\"20\" srcset=\"https:\/\/www.drehbuchwerkstatt.de\/relaunch\/wp-content\/uploads\/2023\/03\/dbw_icons_link-150x150.png 150w, https:\/\/www.drehbuchwerkstatt.de\/relaunch\/wp-content\/uploads\/2023\/03\/dbw_icons_link-300x300.png 300w, https:\/\/www.drehbuchwerkstatt.de\/relaunch\/wp-content\/uploads\/2023\/03\/dbw_icons_link-350x350.png 350w, https:\/\/www.drehbuchwerkstatt.de\/relaunch\/wp-content\/uploads\/2023\/03\/dbw_icons_link-348x348.png 348w, https:\/\/www.drehbuchwerkstatt.de\/relaunch\/wp-content\/uploads\/2023\/03\/dbw_icons_link.png 500w\" sizes=\"(max-width: 20px) 100vw, 20px\" \/><a href=\"https:\/\/www.hofer-filmtage.com\/de\/aktuelles\/2024\/rohbau-startet-in-den-deutschen-kinos\" target=\"_blank\" rel=\"noopener\">Filmseite<\/a><\/p>\n<p><img decoding=\"async\" class=\"alignleft wp-image-84377\" src=\"https:\/\/www.drehbuchwerkstatt.de\/relaunch\/wp-content\/uploads\/2023\/03\/dbw_icons_link-150x150.png\" alt=\"\" width=\"20\" height=\"20\" srcset=\"https:\/\/www.drehbuchwerkstatt.de\/relaunch\/wp-content\/uploads\/2023\/03\/dbw_icons_link-150x150.png 150w, https:\/\/www.drehbuchwerkstatt.de\/relaunch\/wp-content\/uploads\/2023\/03\/dbw_icons_link-300x300.png 300w, https:\/\/www.drehbuchwerkstatt.de\/relaunch\/wp-content\/uploads\/2023\/03\/dbw_icons_link-350x350.png 350w, https:\/\/www.drehbuchwerkstatt.de\/relaunch\/wp-content\/uploads\/2023\/03\/dbw_icons_link-348x348.png 348w, https:\/\/www.drehbuchwerkstatt.de\/relaunch\/wp-content\/uploads\/2023\/03\/dbw_icons_link.png 500w\" sizes=\"(max-width: 20px) 100vw, 20px\" \/><a href=\"https:\/\/www.woodwaterfilms.com\/de\/news\/\" target=\"_blank\" rel=\"noopener\">Filmnews<\/a>[\/vc_column_text][\/vc_column][vc_column width=&#8220;1\/2&#8243;][vc_single_image media=&#8220;85678&#8243; media_lightbox=&#8220;yes&#8220; media_width_percent=&#8220;100&#8243; uncode_shortcode_id=&#8220;872321&#8243;][\/vc_column][\/vc_row][vc_row][vc_column width=&#8220;1\/1&#8243;][vc_separator sep_color=&#8220;color-628826&#8243; uncode_shortcode_id=&#8220;112123&#8243; sep_color_type=&#8220;uncode-palette&#8220;][vc_column_text uncode_shortcode_id=&#8220;774652&#8243;]<strong>FOTO-CREDITS<\/strong><\/p>\n<p>Kati &#8211; eine K\u00fcr bleibt (\u00a9 ZDF)<\/p>\n<p>Ein Mann seiner Klasse (\u00a9 SWR)<\/p>\n<p>Der Upir (\u00a9 Christoph K\u00f6stlin\/SevenOne\/dpa)<\/p>\n<p>Tatort: Trotzdem (\u00a9 BR\/Hager Moss Film GmbH \/ Bernd Schuller)<\/p>\n<p>Sam &#8211; ein Sachse (\u00a9 MDR)<\/p>\n<p>Notruf Hafenkante (\u00a9 ZDF)<\/p>\n<p>Neumatt (\u00a9 SRF)<\/p>\n<p>Die Schule der magischen Tiere 3 (\u00a9 DCM)<\/p>\n<p>Rohbau (\u00a9 missingFILMs)<\/p>\n<p>Mimi Kezele (\u00a9 Drehbuchwerkstatt M\u00fcnchen)[\/vc_column_text][\/vc_column][\/vc_row]<\/p>\n<\/div>","protected":false},"excerpt":{"rendered":"<p>Nicole Armbruster, Stefan Betz, Mimi Kezele, Barbara te Kock, Peter Meister, Malina Nwabuonwor, Arto Sebastian, Marianne Wendt Andreas Dirr, Ischta Lehmann, Kerstin Pistorius, Sonja Krajewski, Natalie Zoghbi und Ulrike Molsen!<\/p>\n","protected":false},"author":1,"featured_media":85691,"comment_status":"closed","ping_status":"closed","sticky":false,"template":"","format":"standard","meta":{"footnotes":""},"categories":[1,18,24,25,76],"tags":[29,30,45,68,71,80],"class_list":["post-85655","post","type-post","status-publish","format-standard","has-post-thumbnail","hentry","category-allgemein","category-schaufenster","category-drehbuecher","category-bewerbung","category-dok-art","tag-drehbuchwerkstatt","tag-muenchen","tag-drehbuch","tag-serie","tag-fernsehen","tag-kino"],"_links":{"self":[{"href":"https:\/\/www.drehbuchwerkstatt.de\/relaunch\/wp-json\/wp\/v2\/posts\/85655","targetHints":{"allow":["GET"]}}],"collection":[{"href":"https:\/\/www.drehbuchwerkstatt.de\/relaunch\/wp-json\/wp\/v2\/posts"}],"about":[{"href":"https:\/\/www.drehbuchwerkstatt.de\/relaunch\/wp-json\/wp\/v2\/types\/post"}],"author":[{"embeddable":true,"href":"https:\/\/www.drehbuchwerkstatt.de\/relaunch\/wp-json\/wp\/v2\/users\/1"}],"replies":[{"embeddable":true,"href":"https:\/\/www.drehbuchwerkstatt.de\/relaunch\/wp-json\/wp\/v2\/comments?post=85655"}],"version-history":[{"count":21,"href":"https:\/\/www.drehbuchwerkstatt.de\/relaunch\/wp-json\/wp\/v2\/posts\/85655\/revisions"}],"predecessor-version":[{"id":85690,"href":"https:\/\/www.drehbuchwerkstatt.de\/relaunch\/wp-json\/wp\/v2\/posts\/85655\/revisions\/85690"}],"wp:featuredmedia":[{"embeddable":true,"href":"https:\/\/www.drehbuchwerkstatt.de\/relaunch\/wp-json\/wp\/v2\/media\/85691"}],"wp:attachment":[{"href":"https:\/\/www.drehbuchwerkstatt.de\/relaunch\/wp-json\/wp\/v2\/media?parent=85655"}],"wp:term":[{"taxonomy":"category","embeddable":true,"href":"https:\/\/www.drehbuchwerkstatt.de\/relaunch\/wp-json\/wp\/v2\/categories?post=85655"},{"taxonomy":"post_tag","embeddable":true,"href":"https:\/\/www.drehbuchwerkstatt.de\/relaunch\/wp-json\/wp\/v2\/tags?post=85655"}],"curies":[{"name":"wp","href":"https:\/\/api.w.org\/{rel}","templated":true}]}}