{"id":85537,"date":"2024-06-24T17:20:34","date_gmt":"2024-06-24T15:20:34","guid":{"rendered":"https:\/\/www.drehbuchwerkstatt.de\/relaunch\/?p=85537"},"modified":"2024-06-28T16:11:10","modified_gmt":"2024-06-28T14:11:10","slug":"filmfest-muenchen-2024-absolventen","status":"publish","type":"post","link":"https:\/\/www.drehbuchwerkstatt.de\/relaunch\/2024\/06\/filmfest-muenchen-2024-absolventen\/","title":{"rendered":"ABSOLVENTINNEN AUF DEM FILMFEST M\u00dcNCHEN 2024"},"content":{"rendered":"<div class=\"wpb-content-wrapper\"><p>[vc_row][vc_column width=&#8220;1\/1&#8243;][vc_single_image media=&#8220;85544&#8243; media_width_percent=&#8220;100&#8243; uncode_shortcode_id=&#8220;163269&#8243;][vc_column_text uncode_shortcode_id=&#8220;396852&#8243;][vc_custom_heading heading_semantic=&#8220;h5&#8243; text_size=&#8220;h5&#8243; text_font=&#8220;font-672269&#8243; text_weight=&#8220;300&#8243; text_transform=&#8220;uppercase&#8220; text_color=&#8220;color-dfgh&#8220;]FILMFEST M\u00dcNCHEN 2024[\/vc_custom_heading][vc_custom_heading heading_semantic=&#8220;h1&#8243; text_size=&#8220;h1&#8243; text_font=&#8220;font-672269&#8243; text_weight=&#8220;300&#8243; text_color=&#8220;accent&#8220; separator=&#8220;yes&#8220; separator_color=&#8220;yes&#8220; separator_double=&#8220;yes&#8220;]PREMIERENFIEBER![\/vc_custom_heading]<\/p>\n<p><strong>Drehbuchwerkstatt M\u00fcnchen &#8211; Absolvent*innen beim 41. Filmfest M\u00fcnchen (28. Juni bis 7. Juli 2024)<\/strong><strong>!<\/strong><\/p>\n<p>Nicole Armbruster, Christoph Busche, Mimi Kezele und David Weichelt sind mit ihren Drehb\u00fcchern bzw. Regie beim FILMFEST M\u00dcNCHEN in der Reihe &#8222;Neues Deutsches Fernsehen&#8220; zu sehen. Die Filme feiern dort ihre Weltpremiere und sind f\u00fcr den &#8222;Bernd-Burgemeister-Fernsehpreis&#8220; nominiert. Jannis Kiefers Film &#8222;Another German Tank Story&#8220; l\u00e4uft in der Sektion NEUES DEUTSCHES KINO und ist nominiert f\u00fcr den Deutschen F\u00f6rderpreis. Wir fiebern mit und dr\u00fccken die Daumen![\/vc_column_text][\/vc_column][\/vc_row][vc_row][vc_column width=&#8220;1\/2&#8243;][vc_column_text uncode_shortcode_id=&#8220;229011&#8243;][vc_custom_heading heading_semantic=&#8220;h5&#8243; text_size=&#8220;h5&#8243; text_font=&#8220;font-672269&#8243; text_weight=&#8220;300&#8243; text_transform=&#8220;uppercase&#8220; text_color=&#8220;color-dfgh&#8220;]FILMFEST M\u00dcNCHEN 2024[\/vc_custom_heading][vc_custom_heading heading_semantic=&#8220;h1&#8243; text_size=&#8220;h1&#8243; text_font=&#8220;font-672269&#8243; text_weight=&#8220;300&#8243; text_color=&#8220;accent&#8220; separator=&#8220;yes&#8220; separator_color=&#8220;yes&#8220; separator_double=&#8220;yes&#8220;]UNSERE ABSOLVENT*INNEN![\/vc_custom_heading]<\/p>\n<p>&nbsp;<\/p>\n<p><strong>Nicole Armbruster<\/strong>: \u201eEin Mann seiner Klasse\u201c (Drehbuch mit Marc Brummund, der auch Regie f\u00fchrte)<\/p>\n<p><img decoding=\"async\" class=\"alignleft wp-image-84377\" src=\"https:\/\/www.drehbuchwerkstatt.de\/relaunch\/wp-content\/uploads\/2023\/03\/dbw_icons_link-150x150.png\" alt=\"\" width=\"20\" height=\"20\" srcset=\"https:\/\/www.drehbuchwerkstatt.de\/relaunch\/wp-content\/uploads\/2023\/03\/dbw_icons_link-150x150.png 150w, https:\/\/www.drehbuchwerkstatt.de\/relaunch\/wp-content\/uploads\/2023\/03\/dbw_icons_link-300x300.png 300w, https:\/\/www.drehbuchwerkstatt.de\/relaunch\/wp-content\/uploads\/2023\/03\/dbw_icons_link-350x350.png 350w, https:\/\/www.drehbuchwerkstatt.de\/relaunch\/wp-content\/uploads\/2023\/03\/dbw_icons_link-348x348.png 348w, https:\/\/www.drehbuchwerkstatt.de\/relaunch\/wp-content\/uploads\/2023\/03\/dbw_icons_link.png 500w\" sizes=\"(max-width: 20px) 100vw, 20px\" \/><a href=\"https:\/\/www.filmfest-muenchen.de\/de\/programm\/filme\/film\/?id=7622&amp;f=118\" target=\"_blank\" rel=\"noopener\">https:\/\/www.filmfest-muenchen.de\/de\/programm\/filme\/film\/?id=7622&amp;f=118<\/a><\/p>\n<p><strong>Christoph Busche<\/strong>: \u201eT\u00f6dliche Schatten\u201c (Regie: Alexander Dierbach)<\/p>\n<p><img decoding=\"async\" class=\"alignleft wp-image-84377\" src=\"https:\/\/www.drehbuchwerkstatt.de\/relaunch\/wp-content\/uploads\/2023\/03\/dbw_icons_link-150x150.png\" alt=\"\" width=\"20\" height=\"20\" srcset=\"https:\/\/www.drehbuchwerkstatt.de\/relaunch\/wp-content\/uploads\/2023\/03\/dbw_icons_link-150x150.png 150w, https:\/\/www.drehbuchwerkstatt.de\/relaunch\/wp-content\/uploads\/2023\/03\/dbw_icons_link-300x300.png 300w, https:\/\/www.drehbuchwerkstatt.de\/relaunch\/wp-content\/uploads\/2023\/03\/dbw_icons_link-350x350.png 350w, https:\/\/www.drehbuchwerkstatt.de\/relaunch\/wp-content\/uploads\/2023\/03\/dbw_icons_link-348x348.png 348w, https:\/\/www.drehbuchwerkstatt.de\/relaunch\/wp-content\/uploads\/2023\/03\/dbw_icons_link.png 500w\" sizes=\"(max-width: 20px) 100vw, 20px\" \/><a href=\"https:\/\/www.filmfest-muenchen.de\/de\/programm\/filme\/film\/?id=7626&amp;f=118\" target=\"_blank\" rel=\"noopener\">https:\/\/www.filmfest-muenchen.de\/de\/programm\/filme\/film\/?id=7626&amp;f=118<\/a><\/p>\n<p><strong>David Weichelt<\/strong>: \u201eWer ohne Schuld ist\u201c (Drehbuch gemeinsam mit Lilly Bogenberger; Regie: Sabrina Sarabi)<\/p>\n<p><img decoding=\"async\" class=\"alignleft wp-image-84377\" src=\"https:\/\/www.drehbuchwerkstatt.de\/relaunch\/wp-content\/uploads\/2023\/03\/dbw_icons_link-150x150.png\" alt=\"\" width=\"20\" height=\"20\" srcset=\"https:\/\/www.drehbuchwerkstatt.de\/relaunch\/wp-content\/uploads\/2023\/03\/dbw_icons_link-150x150.png 150w, https:\/\/www.drehbuchwerkstatt.de\/relaunch\/wp-content\/uploads\/2023\/03\/dbw_icons_link-300x300.png 300w, https:\/\/www.drehbuchwerkstatt.de\/relaunch\/wp-content\/uploads\/2023\/03\/dbw_icons_link-350x350.png 350w, https:\/\/www.drehbuchwerkstatt.de\/relaunch\/wp-content\/uploads\/2023\/03\/dbw_icons_link-348x348.png 348w, https:\/\/www.drehbuchwerkstatt.de\/relaunch\/wp-content\/uploads\/2023\/03\/dbw_icons_link.png 500w\" sizes=\"(max-width: 20px) 100vw, 20px\" \/><a href=\"https:\/\/www.filmfest-muenchen.de\/de\/programm\/filme\/film\/?id=7627&amp;f=118\" target=\"_blank\" rel=\"noopener\">https:\/\/www.filmfest-muenchen.de\/de\/programm\/filme\/film\/?id=7627&amp;f=118<\/a><\/p>\n<p><strong>Mimi Kezele<\/strong> (Regie) \u201eKati \u2013 Eine K\u00fcr, die bleibt\u201c (Drehbuch Buch Andrea Stoll)<\/p>\n<p><img decoding=\"async\" class=\"alignleft wp-image-84377\" src=\"https:\/\/www.drehbuchwerkstatt.de\/relaunch\/wp-content\/uploads\/2023\/03\/dbw_icons_link-150x150.png\" alt=\"\" width=\"20\" height=\"20\" srcset=\"https:\/\/www.drehbuchwerkstatt.de\/relaunch\/wp-content\/uploads\/2023\/03\/dbw_icons_link-150x150.png 150w, https:\/\/www.drehbuchwerkstatt.de\/relaunch\/wp-content\/uploads\/2023\/03\/dbw_icons_link-300x300.png 300w, https:\/\/www.drehbuchwerkstatt.de\/relaunch\/wp-content\/uploads\/2023\/03\/dbw_icons_link-350x350.png 350w, https:\/\/www.drehbuchwerkstatt.de\/relaunch\/wp-content\/uploads\/2023\/03\/dbw_icons_link-348x348.png 348w, https:\/\/www.drehbuchwerkstatt.de\/relaunch\/wp-content\/uploads\/2023\/03\/dbw_icons_link.png 500w\" sizes=\"(max-width: 20px) 100vw, 20px\" \/><a href=\"https:\/\/www.filmfest-muenchen.de\/de\/programm\/filme\/film\/?id=7623&amp;f=118\" target=\"_blank\" rel=\"noopener\">https:\/\/www.filmfest-muenchen.de\/de\/programm\/filme\/film\/?id=7623&amp;f=118<\/a><\/p>\n<p><strong>Jannis Kiefer<\/strong> (Regie) \u201eANOTHER GERMAN TANK STORY\u201c<\/p>\n<p><img decoding=\"async\" class=\"alignleft wp-image-84377\" src=\"https:\/\/www.drehbuchwerkstatt.de\/relaunch\/wp-content\/uploads\/2023\/03\/dbw_icons_link-150x150.png\" alt=\"\" width=\"20\" height=\"20\" srcset=\"https:\/\/www.drehbuchwerkstatt.de\/relaunch\/wp-content\/uploads\/2023\/03\/dbw_icons_link-150x150.png 150w, https:\/\/www.drehbuchwerkstatt.de\/relaunch\/wp-content\/uploads\/2023\/03\/dbw_icons_link-300x300.png 300w, https:\/\/www.drehbuchwerkstatt.de\/relaunch\/wp-content\/uploads\/2023\/03\/dbw_icons_link-350x350.png 350w, https:\/\/www.drehbuchwerkstatt.de\/relaunch\/wp-content\/uploads\/2023\/03\/dbw_icons_link-348x348.png 348w, https:\/\/www.drehbuchwerkstatt.de\/relaunch\/wp-content\/uploads\/2023\/03\/dbw_icons_link.png 500w\" sizes=\"(max-width: 20px) 100vw, 20px\" \/><a href=\"https:\/\/www.filmfest-muenchen.de\/de\/programm\/filme\/film\/?id=7581&amp;f=118#vorstellungen\" target=\"_blank\" rel=\"noopener\">https:\/\/www.filmfest-muenchen.de\/de\/programm\/filme\/film\/?id=7581&amp;f=118#vorstellungen<\/a><\/p>\n<hr \/>\n<p>Nicole Armbruster, Mimi Kezele und Christoph Busche waren gemeinsam in der 21. Drehbuchwerkstatt M\u00fcnchen (2009\/10).<\/p>\n<p>David Weichelt ist Absolvent der 32. Drehbuchwerkstatt M\u00fcnchen (2020\/2021).<\/p>\n<p>Jannis Kiefer ist Absolvent des audience:first storytelling lab DRAMA SERIEN 2024.[\/vc_column_text][\/vc_column][vc_column width=&#8220;1\/2&#8243;][vc_single_image media=&#8220;85545&#8243; media_lightbox=&#8220;yes&#8220; media_width_percent=&#8220;100&#8243; uncode_shortcode_id=&#8220;114543&#8243;][vc_single_image media=&#8220;85547&#8243; media_lightbox=&#8220;yes&#8220; media_width_percent=&#8220;100&#8243; uncode_shortcode_id=&#8220;209275&#8243;][vc_single_image media=&#8220;85546&#8243; media_lightbox=&#8220;yes&#8220; media_width_percent=&#8220;100&#8243; uncode_shortcode_id=&#8220;212454&#8243;][\/vc_column][\/vc_row]<\/p>\n<\/div>","protected":false},"excerpt":{"rendered":"<p>Absolvent*innen der Drehbuchwerkstatt beim 41. Filmfest M\u00fcnchen vom 28. Juni bis 7. Juli 2024! Wir dr\u00fccken die Daumen!<\/p>\n","protected":false},"author":1,"featured_media":85545,"comment_status":"closed","ping_status":"closed","sticky":false,"template":"","format":"standard","meta":{"footnotes":""},"categories":[1,18,20,21,24,26,181],"tags":[29,30,45,83,104,105],"class_list":["post-85537","post","type-post","status-publish","format-standard","has-post-thumbnail","hentry","category-allgemein","category-schaufenster","category-absolventinnen","category-erfolge","category-drehbuecher","category-veranstaltungen","category-audiencefirst","tag-drehbuchwerkstatt","tag-muenchen","tag-drehbuch","tag-filmfest","tag-bayerischer-rundfunk","tag-empfang"],"_links":{"self":[{"href":"https:\/\/www.drehbuchwerkstatt.de\/relaunch\/wp-json\/wp\/v2\/posts\/85537","targetHints":{"allow":["GET"]}}],"collection":[{"href":"https:\/\/www.drehbuchwerkstatt.de\/relaunch\/wp-json\/wp\/v2\/posts"}],"about":[{"href":"https:\/\/www.drehbuchwerkstatt.de\/relaunch\/wp-json\/wp\/v2\/types\/post"}],"author":[{"embeddable":true,"href":"https:\/\/www.drehbuchwerkstatt.de\/relaunch\/wp-json\/wp\/v2\/users\/1"}],"replies":[{"embeddable":true,"href":"https:\/\/www.drehbuchwerkstatt.de\/relaunch\/wp-json\/wp\/v2\/comments?post=85537"}],"version-history":[{"count":11,"href":"https:\/\/www.drehbuchwerkstatt.de\/relaunch\/wp-json\/wp\/v2\/posts\/85537\/revisions"}],"predecessor-version":[{"id":85552,"href":"https:\/\/www.drehbuchwerkstatt.de\/relaunch\/wp-json\/wp\/v2\/posts\/85537\/revisions\/85552"}],"wp:featuredmedia":[{"embeddable":true,"href":"https:\/\/www.drehbuchwerkstatt.de\/relaunch\/wp-json\/wp\/v2\/media\/85545"}],"wp:attachment":[{"href":"https:\/\/www.drehbuchwerkstatt.de\/relaunch\/wp-json\/wp\/v2\/media?parent=85537"}],"wp:term":[{"taxonomy":"category","embeddable":true,"href":"https:\/\/www.drehbuchwerkstatt.de\/relaunch\/wp-json\/wp\/v2\/categories?post=85537"},{"taxonomy":"post_tag","embeddable":true,"href":"https:\/\/www.drehbuchwerkstatt.de\/relaunch\/wp-json\/wp\/v2\/tags?post=85537"}],"curies":[{"name":"wp","href":"https:\/\/api.w.org\/{rel}","templated":true}]}}