{"id":85466,"date":"2024-05-09T05:43:01","date_gmt":"2024-05-09T03:43:01","guid":{"rendered":"https:\/\/www.drehbuchwerkstatt.de\/relaunch\/?p=85466"},"modified":"2024-05-09T07:30:16","modified_gmt":"2024-05-09T05:30:16","slug":"dok-art-meets-dok-fest-panel-stoff-entwicklung-frei-gedacht-am-4-5-2024-nachbericht","status":"publish","type":"post","link":"https:\/\/www.drehbuchwerkstatt.de\/relaunch\/2024\/05\/dok-art-meets-dok-fest-panel-stoff-entwicklung-frei-gedacht-am-4-5-2024-nachbericht\/","title":{"rendered":"dok.art meets DOK.fest: Ein starkes Panel!"},"content":{"rendered":"<div class=\"wpb-content-wrapper\"><p>[vc_row][vc_column width=&#8220;1\/1&#8243;][vc_single_image media=&#8220;85175&#8243; media_width_percent=&#8220;100&#8243; uncode_shortcode_id=&#8220;120680&#8243;][vc_column_text uncode_shortcode_id=&#8220;159009&#8243;][vc_custom_heading heading_semantic=&#8220;h5&#8243; text_size=&#8220;h5&#8243; text_font=&#8220;font-672269&#8243; text_weight=&#8220;300&#8243; text_transform=&#8220;uppercase&#8220; text_color=&#8220;color-dfgh&#8220;]dok.art auf dem DOK.fest![\/vc_custom_heading][vc_custom_heading heading_semantic=&#8220;h1&#8243; text_size=&#8220;h1&#8243; text_font=&#8220;font-672269&#8243; text_weight=&#8220;300&#8243; text_color=&#8220;accent&#8220; separator=&#8220;yes&#8220; separator_color=&#8220;yes&#8220; separator_double=&#8220;yes&#8220;]&#8220;Stoffentwicklung frei gedacht&#8220;[\/vc_custom_heading]<\/p>\n<p><strong><a href=\"http:\/\/dok.art\/\" target=\"_blank\" rel=\"noopener\">dok.art<\/a> meets DOK.fest &#8211; ein starkes Panel unter dem Motto &#8222;Stoffentwicklung frei gedacht&#8220; mit Thomas Riedelsheimer am 4. Mai 2024!<span class=\"gmail_default\"> Hier einige Eindr\u00fccke von diesem Samstag. Und nicht vergessen: Ausschreibung f\u00fcr n\u00e4chste Runde dok.art l\u00e4uft (Einsendeschluss: 31. Mai 2024)<\/span>!<\/strong>[\/vc_column_text][\/vc_column][\/vc_row][vc_row][vc_column width=&#8220;1\/2&#8243;][vc_column_text uncode_shortcode_id=&#8220;766991&#8243;]<strong>\u201eStoffentwicklung frei gedacht\u201c hei\u00dft: Wo will ich hinschauen und warum? Sich das Denken nicht einengen lassen von Fragen zu Verwertungspotenzial, Sendeplatznormierung oder Storytelling-Vorstellungen. Um junge Dokumentarfilmautor:innen bei der Stoffentwicklung ihres Deb\u00fctfilms nach der Ausbildung zu unterst\u00fctzen, rief Thomas Riedelsheimer das Programm \u201edok.art in der Drehbuchwerkstatt M\u00fcnchen\u201c ins Leben. Aber warum braucht es \u00fcberhaupt Stoffentwicklung? Wo setzt dok.art an? Und was kann eine frei gedachte Stoffentwicklung bewirken?<\/strong><\/p>\n<p>In einem von Thomas Riedelsheimer moderierten Panel, gaben uns drei Dokumentarfilmautor:innen Einblicke in ihre (Stoffentwicklungs-)Reise. Alle haben das dok.art Programm durchlaufen und dabei diverse H\u00fcrden gemeistert, umgedacht, umgeschrieben, Frustrationen durchlebt und vor allem aber auch Erfolge gefeiert. Wir wollen wissen: Wo stehen sie heute? Wie war der Weg dorthin? Und was hat das alles mit Stoffentwicklung zu tun?<\/p>\n<p>Vielen Dank an alle Teilnehmenden, die am vergangenen Samstag bei unserer Veranstaltung in der HFF M\u00fcnchen dabei waren!<\/p>\n<p>Eva Neidlinger, aktuell dok.art-Teilnehmehmerin, und Laura Brandt-Reichwald, dok.art-Teilnehmerin (2020\/2021), teilten mit uns ihre Erfahrungen bei der Stoffentwicklung f\u00fcr ihre Dokumentarfilme und wie wichtig ihre Teilnahme beim dok.art Programm in diesem Prozess ist bzw. war.<\/p>\n<p>Insbesondere auch der Austausch mit den anderen Teilnehmenden im jeweiligen Kurs und der Austausch mit den Mentor*innen, wie Nora Mosch\u00fcring und Thomas Riedelsheimer (Projektleiter und Initiator von dok.art), war von gro\u00dfer Bedeutung f\u00fcr sie. Vielen Dank auch an das DOK.forum und DOK.fest-Team f\u00fcr Ihre Unterst\u00fctzung![\/vc_column_text][vc_single_image media=&#8220;85469&#8243; caption=&#8220;yes&#8220; media_lightbox=&#8220;yes&#8220; media_width_percent=&#8220;100&#8243; uncode_shortcode_id=&#8220;961219&#8243;][vc_column_text uncode_shortcode_id=&#8220;439882&#8243;][vc_custom_heading heading_semantic=&#8220;h5&#8243; text_size=&#8220;h5&#8243; text_font=&#8220;font-672269&#8243; text_weight=&#8220;300&#8243; text_transform=&#8220;uppercase&#8220; text_color=&#8220;color-dfgh&#8220;][\/vc_custom_heading][vc_custom_heading heading_semantic=&#8220;h1&#8243; text_size=&#8220;h1&#8243; text_font=&#8220;font-672269&#8243; text_weight=&#8220;300&#8243; text_color=&#8220;accent&#8220; separator=&#8220;yes&#8220; separator_color=&#8220;yes&#8220; separator_double=&#8220;yes&#8220;]LINKS[\/vc_custom_heading]<\/p>\n<p><img decoding=\"async\" class=\"alignleft wp-image-84377\" src=\"https:\/\/www.drehbuchwerkstatt.de\/relaunch\/wp-content\/uploads\/2023\/03\/dbw_icons_link-150x150.png\" alt=\"\" width=\"20\" height=\"20\" srcset=\"https:\/\/www.drehbuchwerkstatt.de\/relaunch\/wp-content\/uploads\/2023\/03\/dbw_icons_link-150x150.png 150w, https:\/\/www.drehbuchwerkstatt.de\/relaunch\/wp-content\/uploads\/2023\/03\/dbw_icons_link-300x300.png 300w, https:\/\/www.drehbuchwerkstatt.de\/relaunch\/wp-content\/uploads\/2023\/03\/dbw_icons_link-350x350.png 350w, https:\/\/www.drehbuchwerkstatt.de\/relaunch\/wp-content\/uploads\/2023\/03\/dbw_icons_link-348x348.png 348w, https:\/\/www.drehbuchwerkstatt.de\/relaunch\/wp-content\/uploads\/2023\/03\/dbw_icons_link.png 500w\" sizes=\"(max-width: 20px) 100vw, 20px\" \/>Alle Infos zum dok.art Programm in der Drehbuchwerkstatt gibt es unter <a href=\"https:\/\/www.drehbuchwerkstatt.de\/relaunch\/\" target=\"_blank\" rel=\"noopener\">www.drehbuchwerkstatt.de<\/a>.<\/p>\n<p><img decoding=\"async\" class=\"alignleft wp-image-84377\" src=\"https:\/\/www.drehbuchwerkstatt.de\/relaunch\/wp-content\/uploads\/2023\/03\/dbw_icons_link-150x150.png\" alt=\"\" width=\"20\" height=\"20\" srcset=\"https:\/\/www.drehbuchwerkstatt.de\/relaunch\/wp-content\/uploads\/2023\/03\/dbw_icons_link-150x150.png 150w, https:\/\/www.drehbuchwerkstatt.de\/relaunch\/wp-content\/uploads\/2023\/03\/dbw_icons_link-300x300.png 300w, https:\/\/www.drehbuchwerkstatt.de\/relaunch\/wp-content\/uploads\/2023\/03\/dbw_icons_link-350x350.png 350w, https:\/\/www.drehbuchwerkstatt.de\/relaunch\/wp-content\/uploads\/2023\/03\/dbw_icons_link-348x348.png 348w, https:\/\/www.drehbuchwerkstatt.de\/relaunch\/wp-content\/uploads\/2023\/03\/dbw_icons_link.png 500w\" sizes=\"(max-width: 20px) 100vw, 20px\" \/>Dort sind auch die Bewerbungsunterlagen f\u00fcr die <a href=\"https:\/\/www.drehbuchwerkstatt.de\/relaunch\/drehbuchwerkstatt-muenchen-dokart-bewerbung\/\" target=\"_blank\" rel=\"noopener\">n\u00e4chste Runde dok.art<\/a> zu finden.[\/vc_column_text][\/vc_column][vc_column width=&#8220;1\/2&#8243;][vc_single_image media=&#8220;85471&#8243; caption=&#8220;yes&#8220; media_lightbox=&#8220;yes&#8220; media_width_percent=&#8220;100&#8243; uncode_shortcode_id=&#8220;431920&#8243;][vc_single_image media=&#8220;85472&#8243; caption=&#8220;yes&#8220; media_lightbox=&#8220;yes&#8220; media_width_percent=&#8220;100&#8243; uncode_shortcode_id=&#8220;118143&#8243;][vc_single_image media=&#8220;85467&#8243; caption=&#8220;yes&#8220; media_lightbox=&#8220;yes&#8220; media_width_percent=&#8220;100&#8243; uncode_shortcode_id=&#8220;143768&#8243;][vc_single_image media=&#8220;85470&#8243; caption=&#8220;yes&#8220; media_lightbox=&#8220;yes&#8220; media_width_percent=&#8220;100&#8243; uncode_shortcode_id=&#8220;183684&#8243;][\/vc_column][\/vc_row][vc_row][vc_column width=&#8220;1\/1&#8243;][vc_single_image media=&#8220;1626&#8243; media_width_percent=&#8220;100&#8243;][\/vc_column][\/vc_row][vc_row][vc_column width=&#8220;1\/2&#8243;][vc_single_image media=&#8220;85189&#8243; media_lightbox=&#8220;yes&#8220; media_width_percent=&#8220;100&#8243; uncode_shortcode_id=&#8220;988737&#8243;][\/vc_column][vc_column width=&#8220;1\/2&#8243;][vc_column_text uncode_shortcode_id=&#8220;787864&#8243;]<a href=\"https:\/\/www.drehbuchwerkstatt.de\/relaunch\/drehbuchwerkstatt-muenchen-ueber-uns-kino-fernsehen-serie-audiencefirst-dok-art\/#dokart\">dok.art<\/a> ist seit Herbst 2020 bei der Drehbuchwerkstatt M\u00fcnchen als ein weiteres wichtiges Programm, das sich der Weiterbildung\/Fortbildung von talentiertem Filmnachwuchs widmet. Seit \u00fcber 35 Jahren bildet die Drehbuchwerkstatt M\u00fcnchen Film-Autor:innen fort, deren eingereichte Film-Geschichte \u00fcberzeugt und nicht die Anzahl ihrer verfilmten Drehb\u00fccher vorab. Die Drehbuchwerkstatt sucht Schreib- und Filmtalente! Unabh\u00e4ngig von ihrer vorherigen beruflichen Laufbahn. Alle Programme der Drehbuchwerkstatt M\u00fcnchen sind kostenfrei und erm\u00f6glichen Zugang und Teilhabe f\u00fcr alle.[\/vc_column_text][\/vc_column][\/vc_row]<\/p>\n<\/div>","protected":false},"excerpt":{"rendered":"<p>dok.art meets DOK.fest: Ein starkes Panel am Samstag, 4. Mai 2024, auf dem wir Erfahrungen ausgetauscht und wertvolle Anregungen mitgenommen haben!<\/p>\n","protected":false},"author":1,"featured_media":85470,"comment_status":"closed","ping_status":"closed","sticky":false,"template":"","format":"standard","meta":{"footnotes":""},"categories":[1,18,24,25,76],"tags":[29,30,45,48,100,104,195,196,197,200,201,202],"class_list":["post-85466","post","type-post","status-publish","format-standard","has-post-thumbnail","hentry","category-allgemein","category-schaufenster","category-drehbuecher","category-bewerbung","category-dok-art","tag-drehbuchwerkstatt","tag-muenchen","tag-drehbuch","tag-drama","tag-riedelsheimer","tag-bayerischer-rundfunk","tag-dok","tag-art","tag-fest","tag-neidlinger","tag-brandt-reichwald","tag-moschuering"],"_links":{"self":[{"href":"https:\/\/www.drehbuchwerkstatt.de\/relaunch\/wp-json\/wp\/v2\/posts\/85466","targetHints":{"allow":["GET"]}}],"collection":[{"href":"https:\/\/www.drehbuchwerkstatt.de\/relaunch\/wp-json\/wp\/v2\/posts"}],"about":[{"href":"https:\/\/www.drehbuchwerkstatt.de\/relaunch\/wp-json\/wp\/v2\/types\/post"}],"author":[{"embeddable":true,"href":"https:\/\/www.drehbuchwerkstatt.de\/relaunch\/wp-json\/wp\/v2\/users\/1"}],"replies":[{"embeddable":true,"href":"https:\/\/www.drehbuchwerkstatt.de\/relaunch\/wp-json\/wp\/v2\/comments?post=85466"}],"version-history":[{"count":12,"href":"https:\/\/www.drehbuchwerkstatt.de\/relaunch\/wp-json\/wp\/v2\/posts\/85466\/revisions"}],"predecessor-version":[{"id":85484,"href":"https:\/\/www.drehbuchwerkstatt.de\/relaunch\/wp-json\/wp\/v2\/posts\/85466\/revisions\/85484"}],"wp:featuredmedia":[{"embeddable":true,"href":"https:\/\/www.drehbuchwerkstatt.de\/relaunch\/wp-json\/wp\/v2\/media\/85470"}],"wp:attachment":[{"href":"https:\/\/www.drehbuchwerkstatt.de\/relaunch\/wp-json\/wp\/v2\/media?parent=85466"}],"wp:term":[{"taxonomy":"category","embeddable":true,"href":"https:\/\/www.drehbuchwerkstatt.de\/relaunch\/wp-json\/wp\/v2\/categories?post=85466"},{"taxonomy":"post_tag","embeddable":true,"href":"https:\/\/www.drehbuchwerkstatt.de\/relaunch\/wp-json\/wp\/v2\/tags?post=85466"}],"curies":[{"name":"wp","href":"https:\/\/api.w.org\/{rel}","templated":true}]}}