{"id":85169,"date":"2024-04-29T16:18:21","date_gmt":"2024-04-29T14:18:21","guid":{"rendered":"https:\/\/www.drehbuchwerkstatt.de\/relaunch\/?p=85169"},"modified":"2024-06-25T11:23:54","modified_gmt":"2024-06-25T09:23:54","slug":"dokart_dokfest2024","status":"publish","type":"post","link":"https:\/\/www.drehbuchwerkstatt.de\/relaunch\/2024\/04\/dokart_dokfest2024\/","title":{"rendered":"dok.art beim DOK.fest: Panel \u201eStoff-Entwicklung frei gedacht\u201c am 4.5.2024!"},"content":{"rendered":"<div class=\"wpb-content-wrapper\"><p>[vc_row][vc_column width=&#8220;1\/1&#8243;][vc_single_image media=&#8220;85175&#8243; media_width_percent=&#8220;100&#8243; uncode_shortcode_id=&#8220;120680&#8243;][vc_column_text uncode_shortcode_id=&#8220;896391&#8243;][vc_custom_heading heading_semantic=&#8220;h5&#8243; text_size=&#8220;h5&#8243; text_font=&#8220;font-672269&#8243; text_weight=&#8220;300&#8243; text_transform=&#8220;uppercase&#8220; text_color=&#8220;color-dfgh&#8220;]dok.art auf dem DOK.fest![\/vc_custom_heading][vc_custom_heading heading_semantic=&#8220;h1&#8243; text_size=&#8220;h1&#8243; text_font=&#8220;font-672269&#8243; text_weight=&#8220;300&#8243; text_color=&#8220;accent&#8220; separator=&#8220;yes&#8220; separator_color=&#8220;yes&#8220; separator_double=&#8220;yes&#8220;]&#8220;Stoffentwicklung frei gedacht&#8220;[\/vc_custom_heading]<\/p>\n<p><strong>Im Rahmen des DOK.forum beim DOK.fest M\u00fcnchen ist \u201edok.art in der Drehbuchwerkstatt M\u00fcnchen\u201c, mit einem Panel zum Thema \u201eStoffentwicklung frei gedacht\u201c vertreten \u2013 moderiert von Thomas Riedelsheimer &#8211; am Samstag, den 4. Mai 2024, um 11:00 Uhr, im Kino 2 der HFF M\u00fcnchen!<\/strong>[\/vc_column_text][\/vc_column][\/vc_row][vc_row][vc_column width=&#8220;1\/2&#8243;][vc_column_text uncode_shortcode_id=&#8220;101183&#8243;]<strong>\u201eStoffentwicklung frei gedacht\u201c hei\u00dft: Wo will ich hinschauen und warum? Sich das Denken nicht einengen lassen von Fragen zu Verwertungspotenzial, Sendeplatznormierung oder Storytelling-Vorstellungen. Um junge Dokumentarfilmautor:innen bei der Stoffentwicklung ihres Deb\u00fctfilms nach der Ausbildung zu unterst\u00fctzen, rief Thomas Riedelsheimer das Programm \u201edok.art in der Drehbuchwerkstatt M\u00fcnchen\u201c ins Leben. Aber warum braucht es \u00fcberhaupt Stoffentwicklung? Wo setzt dok.art an? Und was kann eine frei gedachte Stoffentwicklung bewirken?<\/strong><\/p>\n<p>In einem von Thomas Riedelsheimer moderierten Panel, geben uns drei Dokumentarfilmautor:innen Einblicke in ihre (Stoffentwicklungs-)Reise. Alle haben das dok.art Programm durchlaufen und dabei diverse H\u00fcrden gemeistert, umgedacht, umgeschrieben, Frustrationen durchlebt und vor allem aber auch Erfolge gefeiert. Wir wollen wissen: Wo stehen sie heute? Wie war der Weg dorthin? Und was hat das alles mit Stoffentwicklung zu tun?<\/p>\n<p><strong>Wir freuen uns, Sie am Samstag, 04. Mai 2024, um 11:00 Uhr, im Kino 2 der HFF M\u00fcnchen, begr\u00fc\u00dfen zu d\u00fcrfen!<\/strong><\/p>\n<p>Moderation: Thomas Riedelsheimer (Projektleiter dok.art), Julia Zantl (Drehbuchwerkstatt M\u00fcnchen)<br \/>\nG\u00e4ste: Laura Brandt-Reichwald (Regisseurin), Eva Neidlinger (Regisseurin)[\/vc_column_text][vc_column_text uncode_shortcode_id=&#8220;882315&#8243;][vc_custom_heading heading_semantic=&#8220;h5&#8243; text_size=&#8220;h5&#8243; text_font=&#8220;font-672269&#8243; text_weight=&#8220;300&#8243; text_transform=&#8220;uppercase&#8220; text_color=&#8220;color-dfgh&#8220;][\/vc_custom_heading][vc_custom_heading heading_semantic=&#8220;h1&#8243; text_size=&#8220;h1&#8243; text_font=&#8220;font-672269&#8243; text_weight=&#8220;300&#8243; text_color=&#8220;accent&#8220; separator=&#8220;yes&#8220; separator_color=&#8220;yes&#8220; separator_double=&#8220;yes&#8220;]LINKS[\/vc_custom_heading]<\/p>\n<p><img decoding=\"async\" class=\"alignleft wp-image-84377\" src=\"https:\/\/www.drehbuchwerkstatt.de\/relaunch\/wp-content\/uploads\/2023\/03\/dbw_icons_link-150x150.png\" alt=\"\" width=\"20\" height=\"20\" srcset=\"https:\/\/www.drehbuchwerkstatt.de\/relaunch\/wp-content\/uploads\/2023\/03\/dbw_icons_link-150x150.png 150w, https:\/\/www.drehbuchwerkstatt.de\/relaunch\/wp-content\/uploads\/2023\/03\/dbw_icons_link-300x300.png 300w, https:\/\/www.drehbuchwerkstatt.de\/relaunch\/wp-content\/uploads\/2023\/03\/dbw_icons_link-350x350.png 350w, https:\/\/www.drehbuchwerkstatt.de\/relaunch\/wp-content\/uploads\/2023\/03\/dbw_icons_link-348x348.png 348w, https:\/\/www.drehbuchwerkstatt.de\/relaunch\/wp-content\/uploads\/2023\/03\/dbw_icons_link.png 500w\" sizes=\"(max-width: 20px) 100vw, 20px\" \/><a href=\"https:\/\/www.dokfest-muenchen.de\/events\/view\/5889\" target=\"_blank\" rel=\"noopener\">ZUM EVENT!<\/a>[\/vc_column_text][\/vc_column][vc_column width=&#8220;1\/2&#8243;][vc_single_image media=&#8220;85187&#8243; media_lightbox=&#8220;yes&#8220; media_width_percent=&#8220;100&#8243; uncode_shortcode_id=&#8220;161714&#8243;][vc_single_image media=&#8220;85177&#8243; media_lightbox=&#8220;yes&#8220; media_width_percent=&#8220;100&#8243; uncode_shortcode_id=&#8220;528835&#8243;][\/vc_column][\/vc_row][vc_row][vc_column width=&#8220;1\/2&#8243;][vc_single_image media=&#8220;1630&#8243; media_lightbox=&#8220;yes&#8220; media_width_percent=&#8220;100&#8243; uncode_shortcode_id=&#8220;563037&#8243;][\/vc_column][vc_column width=&#8220;1\/2&#8243;][vc_column_text uncode_shortcode_id=&#8220;787864&#8243;]<a href=\"https:\/\/www.drehbuchwerkstatt.de\/relaunch\/drehbuchwerkstatt-muenchen-ueber-uns-kino-fernsehen-serie-audiencefirst-dok-art\/#dokart\">dok.art<\/a> ist seit Herbst 2020 bei der Drehbuchwerkstatt M\u00fcnchen als ein weiteres wichtiges Programm, das sich der Weiterbildung\/Fortbildung von talentiertem Filmnachwuchs widmet. Seit \u00fcber 35 Jahren bildet die Drehbuchwerkstatt M\u00fcnchen Film-Autor:innen fort, deren eingereichte Film-Geschichte \u00fcberzeugt und nicht die Anzahl ihrer verfilmten Drehb\u00fccher vorab. Die Drehbuchwerkstatt sucht Schreib- und Filmtalente! Unabh\u00e4ngig von ihrer vorherigen beruflichen Laufbahn. Alle Programme der Drehbuchwerkstatt M\u00fcnchen sind kostenfrei und erm\u00f6glichen Zugang und Teilhabe f\u00fcr alle.[\/vc_column_text][\/vc_column][\/vc_row][vc_row][vc_column width=&#8220;1\/2&#8243;][vc_column_text uncode_shortcode_id=&#8220;173722&#8243;][vc_custom_heading heading_semantic=&#8220;h5&#8243; text_size=&#8220;h5&#8243; text_font=&#8220;font-672269&#8243; text_weight=&#8220;300&#8243; text_transform=&#8220;uppercase&#8220; text_color=&#8220;color-dfgh&#8220;]Dokumentarfilm[\/vc_custom_heading][vc_custom_heading heading_semantic=&#8220;h1&#8243; text_size=&#8220;h1&#8243; text_font=&#8220;font-672269&#8243; text_weight=&#8220;300&#8243; text_color=&#8220;accent&#8220; separator=&#8220;yes&#8220; separator_color=&#8220;yes&#8220; separator_double=&#8220;yes&#8220;]WELTPREMIERE![\/vc_custom_heading]<\/p>\n<p>Bereits am <b>Donnerstag, 02.05.24 | 20:30 Uhr | <\/b>HFF Kino 1 k\u00f6nnen Sie die Weltpremiere des Dokumentarfilms MA\u00d1ANA SOL von dok.art Teilnehmer <a href=\"https:\/\/www.instagram.com\/dennis_pavlovic\/\">Denis Pavlovic<\/a> sehen. Hier geht es zum Trailer und Tickets zu den Vorf\u00fchrungen: <a href=\"https:\/\/www.dokfest-muenchen.de\/films\/manana-sol\" target=\"_blank\" rel=\"noopener\">https:\/\/www.dokfest-muenchen.de\/films\/manana-sol<\/a>[\/vc_column_text][\/vc_column][vc_column width=&#8220;1\/2&#8243;][vc_single_image media=&#8220;85194&#8243; media_lightbox=&#8220;yes&#8220; media_width_percent=&#8220;100&#8243; uncode_shortcode_id=&#8220;139195&#8243;][\/vc_column][\/vc_row]<\/p>\n<\/div>","protected":false},"excerpt":{"rendered":"<p>dok.art beim DOK.fest: Panel \u201eStoff-Entwicklung frei gedacht\u201c<\/p>\n","protected":false},"author":1,"featured_media":85189,"comment_status":"closed","ping_status":"closed","sticky":false,"template":"","format":"standard","meta":{"footnotes":""},"categories":[1,19,24,25,76],"tags":[29,30,45,48,103,104,195,196,197,198],"class_list":["post-85169","post","type-post","status-publish","format-standard","has-post-thumbnail","hentry","category-allgemein","category-schaufenster-mini","category-drehbuecher","category-bewerbung","category-dok-art","tag-drehbuchwerkstatt","tag-muenchen","tag-drehbuch","tag-drama","tag-first","tag-bayerischer-rundfunk","tag-dok","tag-art","tag-fest","tag-manana-sol"],"_links":{"self":[{"href":"https:\/\/www.drehbuchwerkstatt.de\/relaunch\/wp-json\/wp\/v2\/posts\/85169","targetHints":{"allow":["GET"]}}],"collection":[{"href":"https:\/\/www.drehbuchwerkstatt.de\/relaunch\/wp-json\/wp\/v2\/posts"}],"about":[{"href":"https:\/\/www.drehbuchwerkstatt.de\/relaunch\/wp-json\/wp\/v2\/types\/post"}],"author":[{"embeddable":true,"href":"https:\/\/www.drehbuchwerkstatt.de\/relaunch\/wp-json\/wp\/v2\/users\/1"}],"replies":[{"embeddable":true,"href":"https:\/\/www.drehbuchwerkstatt.de\/relaunch\/wp-json\/wp\/v2\/comments?post=85169"}],"version-history":[{"count":18,"href":"https:\/\/www.drehbuchwerkstatt.de\/relaunch\/wp-json\/wp\/v2\/posts\/85169\/revisions"}],"predecessor-version":[{"id":85195,"href":"https:\/\/www.drehbuchwerkstatt.de\/relaunch\/wp-json\/wp\/v2\/posts\/85169\/revisions\/85195"}],"wp:featuredmedia":[{"embeddable":true,"href":"https:\/\/www.drehbuchwerkstatt.de\/relaunch\/wp-json\/wp\/v2\/media\/85189"}],"wp:attachment":[{"href":"https:\/\/www.drehbuchwerkstatt.de\/relaunch\/wp-json\/wp\/v2\/media?parent=85169"}],"wp:term":[{"taxonomy":"category","embeddable":true,"href":"https:\/\/www.drehbuchwerkstatt.de\/relaunch\/wp-json\/wp\/v2\/categories?post=85169"},{"taxonomy":"post_tag","embeddable":true,"href":"https:\/\/www.drehbuchwerkstatt.de\/relaunch\/wp-json\/wp\/v2\/tags?post=85169"}],"curies":[{"name":"wp","href":"https:\/\/api.w.org\/{rel}","templated":true}]}}