{"id":85150,"date":"2024-04-24T16:30:57","date_gmt":"2024-04-24T14:30:57","guid":{"rendered":"https:\/\/www.drehbuchwerkstatt.de\/relaunch\/?p=85150"},"modified":"2024-04-30T11:14:22","modified_gmt":"2024-04-30T09:14:22","slug":"audiencefirst-storytelling-lab-call-for-entries_2024","status":"publish","type":"post","link":"https:\/\/www.drehbuchwerkstatt.de\/relaunch\/2024\/04\/audiencefirst-storytelling-lab-call-for-entries_2024\/","title":{"rendered":"Audience:first storytelling lab: AUDIO FICTION 2024 &#8211; CALL FOR ENTRIES!"},"content":{"rendered":"<div class=\"wpb-content-wrapper\"><p>[vc_row][vc_column width=&#8220;1\/1&#8243;][vc_single_image media=&#8220;85151&#8243; media_width_percent=&#8220;100&#8243; uncode_shortcode_id=&#8220;147127&#8243;][vc_column_text uncode_shortcode_id=&#8220;832411&#8243;][vc_custom_heading heading_semantic=&#8220;h5&#8243; text_size=&#8220;h5&#8243; text_font=&#8220;font-672269&#8243; text_weight=&#8220;300&#8243; text_transform=&#8220;uppercase&#8220; text_color=&#8220;color-dfgh&#8220;]audience:first storytelling lab[\/vc_custom_heading][vc_custom_heading heading_semantic=&#8220;h1&#8243; text_size=&#8220;h1&#8243; text_font=&#8220;font-672269&#8243; text_weight=&#8220;300&#8243; text_color=&#8220;accent&#8220; separator=&#8220;yes&#8220; separator_color=&#8220;yes&#8220; separator_double=&#8220;yes&#8220;]Jetzt bewerben: Ideen f\u00fcr fiktionale Audioformate gesucht![\/vc_custom_heading]<\/p>\n<p><strong>Der Podcastmarkt boomt. Audioformate sind beliebt und erfolgreich wie nie. Mit dem neu geschaffenen Lab zu Audiofiktion-Formaten sollen Handschriften und Erz\u00e4hlformen f\u00fcr das Kino im Kopf gef\u00f6rdert werden. Die Frage nach dem Zielpublikum steht dabei ganz vorn!<\/strong>[\/vc_column_text][\/vc_column][\/vc_row][vc_row][vc_column width=&#8220;1\/2&#8243;][vc_column_text uncode_shortcode_id=&#8220;124773&#8243;]<strong>Kreative aller Sparten k\u00f6nnen sich bis zum 16. Juni 2024 bewerben. Gesucht werden fiktionale Audioserien, die die Themen\/Lebensrealit\u00e4t von Menschen im Alter von 19-27 Jahren in einem der folgenden Genres aufgreifen: Coming of Age, Mystery Science-Fiction, Near Future oder Feel-Good.<\/strong><\/p>\n<p>Alle Teilnehmenden erlernen unter Anleitung von namhaften Expertinnen und Experten das Handwerk der zielgruppenorientierten Formatentwicklung und produzieren unter erfahrener H\u00f6rspiel-Regie einen ersten Prototyp des Projektes.[\/vc_column_text][\/vc_column][vc_column width=&#8220;1\/2&#8243;][vc_single_image media=&#8220;85153&#8243; media_lightbox=&#8220;yes&#8220; media_width_percent=&#8220;100&#8243; uncode_shortcode_id=&#8220;511781&#8243;][\/vc_column][\/vc_row][vc_row][vc_column width=&#8220;1\/2&#8243;][vc_single_image media=&#8220;85152&#8243; media_lightbox=&#8220;yes&#8220; media_width_percent=&#8220;100&#8243; uncode_shortcode_id=&#8220;875198&#8243;][\/vc_column][vc_column width=&#8220;1\/2&#8243;][vc_column_text uncode_shortcode_id=&#8220;173288&#8243;]<\/p>\n<blockquote><p>Mia Insomnia, Telephobia, in 5 Tagen Mord \u2013 der BR ist im H\u00f6rspiel und seriellem Audio schon bisher innovativ und stark, nun bauen wir diese Kompetenz noch weiter aus: Mit einem Ideenlab f\u00fcr junge Audio-Fiction im neuesten H\u00f6rspiel- Studio der ARD in M\u00fcnchen-Freimann. Modernste immersive Surround-Sound-Technologie ist das Tonformat der Stunde. Der Bayerische Rundfunk hat in Audio von h\u00f6chster Qualit\u00e4t investiert und stellt sie jungen Kreativen f\u00fcr ihre Serien-Ideen zur Verf\u00fcgung. Ich freue mich \u00fcber zahlreiche Bewerbungen.<\/p><\/blockquote>\n<p>Bj\u00f6rn Wilhelm, Programmdirektor Kultur[\/vc_column_text][\/vc_column][\/vc_row][vc_row][vc_column width=&#8220;1\/2&#8243;][vc_column_text uncode_shortcode_id=&#8220;133006&#8243;]<\/p>\n<h3>Termine<\/h3>\n<ul>\n<li>Bewerbungsphase mit eigenem Projekt ab sofort bis 16. Juni 2024<\/li>\n<li>Anmeldung und weitere Informationen auf: <a href=\"https:\/\/www.br.de\/audiencefirst\/index.html\" target=\"_blank\" rel=\"noopener\">www.audiencefirst.de<\/a><\/li>\n<li>Bekanntgabe der ausgew\u00e4hlten Teilnehmenden: 18. Juli 2024<\/li>\n<li>audience:first lab vom 14. bis 18. Oktober 2024, jeweils ganztags in M\u00fcnchen (9 bis 17 Uhr plus Abendprogramm)<\/li>\n<\/ul>\n<p>Das Lab findet vom 14. bis 18. Oktober 2024 ganztags in M\u00fcnchen statt. Es startet mit dem OPEN MONDAY: am ersten Tag der Labwoche gibt es drei online zug\u00e4nglichen Fachvortr\u00e4ge, die sich auch externe G\u00e4ste per Zoom anh\u00f6ren k\u00f6nnen.<\/p>\n<p>Am Dienstag, den 15. Oktober, gibt es zudem eine Premiere. Die BR-Serie \u201eMein Leben als Spam\u201c von Hans B\u00f6hringer wird bei einer Pre-Listening Session pr\u00e4sentiert. Der Autor entwickelte den Prototypen f\u00fcr seine Serie im audience:first storytelling lab AUDIO FICTION 2023.<\/p>\n<p>Die Serie mit Hauptdarstellerin Banafshe Hourmazdi wird im November in der ARD Audiothek ver\u00f6ffentlicht.[\/vc_column_text][\/vc_column][vc_column width=&#8220;1\/2&#8243;][vc_single_image media=&#8220;85159&#8243; media_lightbox=&#8220;yes&#8220; media_width_percent=&#8220;100&#8243; uncode_shortcode_id=&#8220;131886&#8243;][vc_single_image media=&#8220;85153&#8243; media_lightbox=&#8220;yes&#8220; media_width_percent=&#8220;100&#8243; uncode_shortcode_id=&#8220;511781&#8243;][\/vc_column][\/vc_row]<\/p>\n<\/div>","protected":false},"excerpt":{"rendered":"<p>Audience:first storytelling lab: AUDIO FICTION 2024 &#8211; CALL FOR ENTRIES! Bewerbt Euch jetzt bis zum 16. Juni 2024!<\/p>\n","protected":false},"author":1,"featured_media":85153,"comment_status":"closed","ping_status":"closed","sticky":false,"template":"","format":"standard","meta":{"footnotes":""},"categories":[1,18,24,25,181],"tags":[29,30,45,48,68,96,101,102,103,104,180],"class_list":["post-85150","post","type-post","status-publish","format-standard","has-post-thumbnail","hentry","category-allgemein","category-schaufenster","category-drehbuecher","category-bewerbung","category-audiencefirst","tag-drehbuchwerkstatt","tag-muenchen","tag-drehbuch","tag-drama","tag-serie","tag-debut","tag-serien","tag-audience","tag-first","tag-bayerischer-rundfunk","tag-audio-fiction"],"_links":{"self":[{"href":"https:\/\/www.drehbuchwerkstatt.de\/relaunch\/wp-json\/wp\/v2\/posts\/85150","targetHints":{"allow":["GET"]}}],"collection":[{"href":"https:\/\/www.drehbuchwerkstatt.de\/relaunch\/wp-json\/wp\/v2\/posts"}],"about":[{"href":"https:\/\/www.drehbuchwerkstatt.de\/relaunch\/wp-json\/wp\/v2\/types\/post"}],"author":[{"embeddable":true,"href":"https:\/\/www.drehbuchwerkstatt.de\/relaunch\/wp-json\/wp\/v2\/users\/1"}],"replies":[{"embeddable":true,"href":"https:\/\/www.drehbuchwerkstatt.de\/relaunch\/wp-json\/wp\/v2\/comments?post=85150"}],"version-history":[{"count":11,"href":"https:\/\/www.drehbuchwerkstatt.de\/relaunch\/wp-json\/wp\/v2\/posts\/85150\/revisions"}],"predecessor-version":[{"id":85196,"href":"https:\/\/www.drehbuchwerkstatt.de\/relaunch\/wp-json\/wp\/v2\/posts\/85150\/revisions\/85196"}],"wp:featuredmedia":[{"embeddable":true,"href":"https:\/\/www.drehbuchwerkstatt.de\/relaunch\/wp-json\/wp\/v2\/media\/85153"}],"wp:attachment":[{"href":"https:\/\/www.drehbuchwerkstatt.de\/relaunch\/wp-json\/wp\/v2\/media?parent=85150"}],"wp:term":[{"taxonomy":"category","embeddable":true,"href":"https:\/\/www.drehbuchwerkstatt.de\/relaunch\/wp-json\/wp\/v2\/categories?post=85150"},{"taxonomy":"post_tag","embeddable":true,"href":"https:\/\/www.drehbuchwerkstatt.de\/relaunch\/wp-json\/wp\/v2\/tags?post=85150"}],"curies":[{"name":"wp","href":"https:\/\/api.w.org\/{rel}","templated":true}]}}