{"id":85112,"date":"2024-03-06T22:24:37","date_gmt":"2024-03-06T21:24:37","guid":{"rendered":"https:\/\/www.drehbuchwerkstatt.de\/relaunch\/?p=85112"},"modified":"2024-03-07T15:39:05","modified_gmt":"2024-03-07T14:39:05","slug":"audiencefirst-storytelling-lab-openmonday2024","status":"publish","type":"post","link":"https:\/\/www.drehbuchwerkstatt.de\/relaunch\/2024\/03\/audiencefirst-storytelling-lab-openmonday2024\/","title":{"rendered":"Audience:first storytelling lab: OPEN MONDAY am 18.3.2024!"},"content":{"rendered":"<div class=\"wpb-content-wrapper\"><p>[vc_row][vc_column width=&#8220;1\/1&#8243;][vc_single_image media=&#8220;85122&#8243; media_width_percent=&#8220;100&#8243; uncode_shortcode_id=&#8220;958449&#8243;][vc_column_text uncode_shortcode_id=&#8220;103829&#8243;][vc_custom_heading heading_semantic=&#8220;h5&#8243; text_size=&#8220;h5&#8243; text_font=&#8220;font-672269&#8243; text_weight=&#8220;300&#8243; text_transform=&#8220;uppercase&#8220; text_color=&#8220;color-dfgh&#8220;]audience:first storytelling lab[\/vc_custom_heading][vc_custom_heading heading_semantic=&#8220;h1&#8243; text_size=&#8220;h1&#8243; text_font=&#8220;font-672269&#8243; text_weight=&#8220;300&#8243; text_color=&#8220;accent&#8220; separator=&#8220;yes&#8220; separator_color=&#8220;yes&#8220; separator_double=&#8220;yes&#8220;]OPEN MONDAY AM 18. M\u00c4RZ 2024![\/vc_custom_heading]<\/p>\n<p><strong>Unsere Talentschmiede f\u00fcr zielgruppenorientiertes, serielles Erz\u00e4hlen, das audience:first storytelling lab DRAMA SERIES, findet wieder statt &#8211; vom 18. &#8211; 22. M\u00e4rz 2024. Au\u00dferdem freuen wir uns sehr, dass Korbinian Dufter von der NEUENSUPER GmbH die Masterclass f\u00fcr unsere Talente halten wird!<\/strong>[\/vc_column_text][\/vc_column][\/vc_row][vc_row][vc_column width=&#8220;1\/2&#8243;][vc_column_text uncode_shortcode_id=&#8220;446606&#8243;]<\/p>\n<h2>JUNGE STIMMEN, JUNGE FORMATE!<\/h2>\n<p><strong>Zum OPEN MONDAY, dem ersten Tag unseres einw\u00f6chigen Labs, machen wir drei Impulsvortr\u00e4ge \u00f6ffentlich zug\u00e4nglich und laden Sie herzlich ein:<\/strong><\/p>\n<ul>\n<li style=\"list-style-type: none;\">\n<ul>\n<li><strong>Junge Stimmen, junge Formate<\/strong>\u00a0mit\u00a0<strong>Christine Hartmann<\/strong>, Produzentin bei STUDIO ZENTRAL<\/li>\n<li><strong>Fiction zwischen Streaming und linearem Programmbedarf<\/strong>\u00a0bei RTL mit\u00a0<strong>Thomas<\/strong> <strong>Disch<\/strong>, RTL-Redakteur Fiction<\/li>\n<li><strong>Case Study zu FRIEDEFELD<\/strong>\u00a0mit\u00a0<strong>Patricius Ma<\/strong><strong>y<\/strong><strong>er\u00a0<\/strong>(BR) und den Autoren\u00a0<strong>T. Orion Brehmer\u00a0<\/strong>und<strong>\u00a0<\/strong><strong>Alfonso Maestro<\/strong><\/li>\n<\/ul>\n<\/li>\n<\/ul>\n<ul>\n<li style=\"list-style-type: none;\"><\/li>\n<\/ul>\n<hr \/>\n<p><img decoding=\"async\" class=\"alignleft wp-image-84377\" src=\"https:\/\/www.drehbuchwerkstatt.de\/relaunch\/wp-content\/uploads\/2023\/03\/dbw_icons_link-150x150.png\" alt=\"\" width=\"12\" height=\"12\" srcset=\"https:\/\/www.drehbuchwerkstatt.de\/relaunch\/wp-content\/uploads\/2023\/03\/dbw_icons_link-150x150.png 150w, https:\/\/www.drehbuchwerkstatt.de\/relaunch\/wp-content\/uploads\/2023\/03\/dbw_icons_link-300x300.png 300w, https:\/\/www.drehbuchwerkstatt.de\/relaunch\/wp-content\/uploads\/2023\/03\/dbw_icons_link-350x350.png 350w, https:\/\/www.drehbuchwerkstatt.de\/relaunch\/wp-content\/uploads\/2023\/03\/dbw_icons_link-348x348.png 348w, https:\/\/www.drehbuchwerkstatt.de\/relaunch\/wp-content\/uploads\/2023\/03\/dbw_icons_link.png 500w\" sizes=\"(max-width: 12px) 100vw, 12px\" \/><a href=\"https:\/\/www.eventbrite.com\/cc\/open-monday-audiencefirst-lab-drama-series-2024-3141159\" target=\"_blank\" rel=\"noopener\">Kostenlose Tickets zum OPEN MONDAY erhalten Sie hier!<\/a><\/p>\n<p>Die Anzahl der Tickets ist limitiert.[\/vc_column_text][\/vc_column][vc_column width=&#8220;1\/2&#8243;][vc_single_image media=&#8220;85118&#8243; media_lightbox=&#8220;yes&#8220; media_width_percent=&#8220;100&#8243; uncode_shortcode_id=&#8220;126844&#8243;][\/vc_column][\/vc_row][vc_row][vc_column width=&#8220;1\/2&#8243;][vc_single_image media=&#8220;2024&#8243; media_lightbox=&#8220;yes&#8220; media_width_percent=&#8220;100&#8243; uncode_shortcode_id=&#8220;121179&#8243;][vc_single_image media=&#8220;2020&#8243; media_lightbox=&#8220;yes&#8220; media_width_percent=&#8220;100&#8243; uncode_shortcode_id=&#8220;103941&#8243;][\/vc_column][vc_column width=&#8220;1\/2&#8243;][vc_column_text uncode_shortcode_id=&#8220;176840&#8243;]<\/p>\n<h2><strong>OPEN MONDAY, 18. M\u00e4rz 2024:<\/strong><\/h2>\n<p><strong>10:00-10:45 Uhr: Junge Stimmen, junge Formate\u00a0<\/strong>mit<strong>\u00a0<\/strong><strong>Christine Hartmann,\u00a0<\/strong>Produzentin bei STUDIO ZENTRAL<\/p>\n<p><strong>Christine Hartmann<\/strong> gibt Einblick in die Arbeit von Studio Zentral.\u00a0Am Beispiel verschiedener Produktionen wie &#8222;ECHT&#8220; (KiKA\/ZDFTivi), &#8222;Feelings&#8220; (funk\/ZDF), &#8222;Von einer, die auszog, das F\u00fcrchten zu lehren&#8220; (RTL) oder &#8222;Schwarze Fr\u00fcchte&#8220; (ARD) stellt sie vor, wie die Berliner Produktionsfirma mit Kreativen Formate f\u00fcr junge Zielgruppen entwickelt und produziert.<\/p>\n<p><strong>10:45-11:30 Uhr: Fiction zwischen Streaming und linearem Programmbedarf bei RTL\u00a0<\/strong>mit <strong>Thomas Disch<\/strong>, RTL-Redakteur Fiction<\/p>\n<p><strong>Thomas Disch<\/strong>, Redakteur f\u00fcr deutsche Fiction, beschreibt den aktuellen Programmbedarf von RTL Deutschland als streamender Broadcaster. Welche Geschichten bewegen ein Publikum auf welcher Plattform und wie gelingt es, Synergien zwischen Streaming und linearer Programmierung zu schaffen?<\/p>\n<p><strong>11:45-12:30 Uhr: Case Study zu FRIEDEFELD <\/strong>mit<strong>\u00a0<\/strong><strong>Patricius Mayer\u00a0<\/strong>(BR) und<strong>\u00a0<\/strong>den Autoren<strong>\u00a0<\/strong><strong>T. Orion Brehmer\u00a0<\/strong>und<strong>\u00a0<\/strong><strong>Alfonso Maestro<\/strong><\/p>\n<p>Die\u00a0<strong>Creators Alfonso Maestro und T. Orion Brehmer <\/strong>erz\u00e4hlen gemeinsam mit BR-Redakteur und FRIEDEFELD-Champion-from-day-one\u00a0<strong>Patricius Mayer<\/strong>\u00a0vom Entstehungsprozess\u00a0<strong>Deutschlands erster Animated Sitcom<\/strong>, die am 22. M\u00e4rz in der ARD-Mediathek Premiere feiern wird.[\/vc_column_text][\/vc_column][\/vc_row][vc_row][vc_column width=&#8220;1\/2&#8243;][vc_column_text uncode_shortcode_id=&#8220;258861&#8243;]Das audience:first storytelling lab ist eine Initiative des Bayerischen Rundfunks und der Drehbuchwerkstatt M\u00fcnchen, in Kooperation mit dem Seriencamp, der HFF M\u00fcnchen, der ARD Mediathek und der ARD Audiothek.<\/p>\n<p><img decoding=\"async\" class=\"alignleft wp-image-84377\" src=\"https:\/\/www.drehbuchwerkstatt.de\/relaunch\/wp-content\/uploads\/2023\/03\/dbw_icons_link-150x150.png\" alt=\"\" width=\"20\" height=\"20\" srcset=\"https:\/\/www.drehbuchwerkstatt.de\/relaunch\/wp-content\/uploads\/2023\/03\/dbw_icons_link-150x150.png 150w, https:\/\/www.drehbuchwerkstatt.de\/relaunch\/wp-content\/uploads\/2023\/03\/dbw_icons_link-300x300.png 300w, https:\/\/www.drehbuchwerkstatt.de\/relaunch\/wp-content\/uploads\/2023\/03\/dbw_icons_link-350x350.png 350w, https:\/\/www.drehbuchwerkstatt.de\/relaunch\/wp-content\/uploads\/2023\/03\/dbw_icons_link-348x348.png 348w, https:\/\/www.drehbuchwerkstatt.de\/relaunch\/wp-content\/uploads\/2023\/03\/dbw_icons_link.png 500w\" sizes=\"(max-width: 20px) 100vw, 20px\" \/>mehr \u00fcber <a href=\"https:\/\/www.drehbuchwerkstatt.de\/relaunch\/drehbuchwerkstatt-muenchen-ueber-uns-kino-fernsehen-serie-audiencefirst-dok-art\/#audiencefirst\">audience:first storytelling lab<\/a>! | <a href=\"https:\/\/www.br.de\/audiencefirst\/index.html\" target=\"_blank\" rel=\"noopener\">offizielle audience first Seite BR<\/a><\/p>\n<p>Wir freuen uns auf Sie!<\/p>\n<p>Ihre <b>audience:first<\/b> Projektleitung,<br \/>\nMatthias Leitner, Bayerischer Rundfunk<br \/>\nJulia Zantl, Drehbuchwerkstatt M\u00fcnchen[\/vc_column_text][\/vc_column][vc_column width=&#8220;1\/2&#8243;][vc_single_image media=&#8220;2018&#8243; media_lightbox=&#8220;yes&#8220; media_width_percent=&#8220;100&#8243; uncode_shortcode_id=&#8220;154642&#8243;][\/vc_column][\/vc_row]<\/p>\n<\/div>","protected":false},"excerpt":{"rendered":"<p>Audience:first storytelling lab: OPEN MONDAY am 18.3.2024: Zum OPEN MONDAY, dem ersten Tag unseres einw\u00f6chigen Labs, machen wir drei Impulsvortr\u00e4ge \u00f6ffentlich zug\u00e4nglich!<\/p>\n","protected":false},"author":1,"featured_media":85118,"comment_status":"closed","ping_status":"closed","sticky":false,"template":"","format":"standard","meta":{"footnotes":""},"categories":[1,18,24,25,181],"tags":[29,30,45,48,68,96,101,102,103,104,180,194],"class_list":["post-85112","post","type-post","status-publish","format-standard","has-post-thumbnail","hentry","category-allgemein","category-schaufenster","category-drehbuecher","category-bewerbung","category-audiencefirst","tag-drehbuchwerkstatt","tag-muenchen","tag-drehbuch","tag-drama","tag-serie","tag-debut","tag-serien","tag-audience","tag-first","tag-bayerischer-rundfunk","tag-audio-fiction","tag-open-monday"],"_links":{"self":[{"href":"https:\/\/www.drehbuchwerkstatt.de\/relaunch\/wp-json\/wp\/v2\/posts\/85112","targetHints":{"allow":["GET"]}}],"collection":[{"href":"https:\/\/www.drehbuchwerkstatt.de\/relaunch\/wp-json\/wp\/v2\/posts"}],"about":[{"href":"https:\/\/www.drehbuchwerkstatt.de\/relaunch\/wp-json\/wp\/v2\/types\/post"}],"author":[{"embeddable":true,"href":"https:\/\/www.drehbuchwerkstatt.de\/relaunch\/wp-json\/wp\/v2\/users\/1"}],"replies":[{"embeddable":true,"href":"https:\/\/www.drehbuchwerkstatt.de\/relaunch\/wp-json\/wp\/v2\/comments?post=85112"}],"version-history":[{"count":12,"href":"https:\/\/www.drehbuchwerkstatt.de\/relaunch\/wp-json\/wp\/v2\/posts\/85112\/revisions"}],"predecessor-version":[{"id":85127,"href":"https:\/\/www.drehbuchwerkstatt.de\/relaunch\/wp-json\/wp\/v2\/posts\/85112\/revisions\/85127"}],"wp:featuredmedia":[{"embeddable":true,"href":"https:\/\/www.drehbuchwerkstatt.de\/relaunch\/wp-json\/wp\/v2\/media\/85118"}],"wp:attachment":[{"href":"https:\/\/www.drehbuchwerkstatt.de\/relaunch\/wp-json\/wp\/v2\/media?parent=85112"}],"wp:term":[{"taxonomy":"category","embeddable":true,"href":"https:\/\/www.drehbuchwerkstatt.de\/relaunch\/wp-json\/wp\/v2\/categories?post=85112"},{"taxonomy":"post_tag","embeddable":true,"href":"https:\/\/www.drehbuchwerkstatt.de\/relaunch\/wp-json\/wp\/v2\/tags?post=85112"}],"curies":[{"name":"wp","href":"https:\/\/api.w.org\/{rel}","templated":true}]}}