{"id":85090,"date":"2024-01-13T12:55:47","date_gmt":"2024-01-13T11:55:47","guid":{"rendered":"https:\/\/www.drehbuchwerkstatt.de\/relaunch\/?p=85090"},"modified":"2024-03-08T07:16:53","modified_gmt":"2024-03-08T06:16:53","slug":"tag-der-offenen-tuer-2024-die-drehbuchwerkstatt-stellt-sich-vor","status":"publish","type":"post","link":"https:\/\/www.drehbuchwerkstatt.de\/relaunch\/2024\/01\/tag-der-offenen-tuer-2024-die-drehbuchwerkstatt-stellt-sich-vor\/","title":{"rendered":"Tag der offenen T\u00fcr am 20.1.2024: Die Drehbuchwerkstatt stellt sich vor!"},"content":{"rendered":"<div class=\"wpb-content-wrapper\"><p>[vc_row][vc_column width=&#8220;1\/1&#8243;][vc_single_image media=&#8220;806&#8243; media_width_percent=&#8220;100&#8243; uncode_shortcode_id=&#8220;195687&#8243;][vc_column_text uncode_shortcode_id=&#8220;973598&#8243;][vc_custom_heading heading_semantic=&#8220;h5&#8243; text_size=&#8220;h5&#8243; text_font=&#8220;font-672269&#8243; text_weight=&#8220;300&#8243; text_transform=&#8220;uppercase&#8220; text_color=&#8220;color-dfgh&#8220;]VORSTELLUNG DREHBUCHWERKSTATT[\/vc_custom_heading][vc_custom_heading heading_semantic=&#8220;h1&#8243; text_size=&#8220;h1&#8243; text_font=&#8220;font-672269&#8243; text_weight=&#8220;300&#8243; text_color=&#8220;accent&#8220; separator=&#8220;yes&#8220; separator_color=&#8220;yes&#8220; separator_double=&#8220;yes&#8220;]Tag der offenen T\u00fcr 2024![\/vc_custom_heading]<br \/>\n<strong>Am Samstag, 20. Januar 2024, stellen wir von 11 bis 12 Uhr die Drehbuchwerkstatt vor &#8211; vor Ort und virtuell via Zoom! Professorin Michaela Kezele und Professor Hubert von Spreti, Leitung der Drehbuchwerkstatt M\u00fcnchen, beantworten Deine Fragen. KLICK DICH REIN oder KOMM VORBEI! Wir freuen uns auf Dich!<\/strong>[\/vc_column_text][\/vc_column][\/vc_row][vc_row][vc_column width=&#8220;1\/2&#8243;][vc_column_text uncode_shortcode_id=&#8220;132658&#8243;]<\/p>\n<h1>Fragen, Antworten, offene T\u00fcren!<\/h1>\n<p>Die Drehbuchwerkstatt stellt sich am Tag der offenen T\u00fcr vor! Bei der Vorstellung werden Deine Fragen rund um die Bewerbung zur 36. Drehbuchwerkstatt M\u00fcnchen (2024\/2025) beantwortet: Entwicklung eines eigenen Stoffes hin zum Langfilm-Drehbuch oder Teilnahme am Writers\u2019 Room mit einer*einem Headautor*in, Ablauf des Fortbildungsjahres und vieles mehr. Die Leitung der Drehbuchwerkstatt M\u00fcnchen, Professorin Michaela Kezele und Professor Hubert von Spreti, sind vor Ort in der HFF M\u00fcnchen und beantworten Deine Fragen. Kl\u00e4re die letzten Unklarheiten zu den <a href=\"https:\/\/www.drehbuchwerkstatt.de\/relaunch\/2023\/09\/bewerbungen-fuer-2023_2024-gestartet\/\">Bewerbungsaufgaben<\/a> und schicke sie dann rechtzeitig bis zu, 31. Januar 2024 ab.<\/p>\n<p>Die Drehbuchwerkstatt bildet seit \u00fcber 30 Jahren Drehbuchautor*innen aus. Zu ihren Absolvent*innen geh\u00f6ren Marianne Wendt, Michaela Kezele, Regine Bielefeldt, Robert Seethaler, Lukas Nathrath, Christoph Busche, Susanne Schneider und Jana Burbach.[\/vc_column_text][vc_column_text uncode_shortcode_id=&#8220;763549&#8243;]<\/p>\n<h3>LINKS<\/h3>\n<p>Hier findest Du weitere Infos und den Link zur Online-Teilnahme zu unserer Veranstaltung:<\/p>\n<p><img decoding=\"async\" class=\"alignleft wp-image-84377\" src=\"https:\/\/www.drehbuchwerkstatt.de\/relaunch\/wp-content\/uploads\/2023\/03\/dbw_icons_link-150x150.png\" alt=\"\" width=\"19\" height=\"19\" srcset=\"https:\/\/www.drehbuchwerkstatt.de\/relaunch\/wp-content\/uploads\/2023\/03\/dbw_icons_link-150x150.png 150w, https:\/\/www.drehbuchwerkstatt.de\/relaunch\/wp-content\/uploads\/2023\/03\/dbw_icons_link-300x300.png 300w, https:\/\/www.drehbuchwerkstatt.de\/relaunch\/wp-content\/uploads\/2023\/03\/dbw_icons_link-350x350.png 350w, https:\/\/www.drehbuchwerkstatt.de\/relaunch\/wp-content\/uploads\/2023\/03\/dbw_icons_link-348x348.png 348w, https:\/\/www.drehbuchwerkstatt.de\/relaunch\/wp-content\/uploads\/2023\/03\/dbw_icons_link.png 500w\" sizes=\"(max-width: 19px) 100vw, 19px\" \/><a href=\"https:\/\/www.hff-muenchen.de\/de_DE\/presse-landingpage#tag-der-offenen-tuer-24\" target=\"_blank\" rel=\"noopener\">Tag der offenen T\u00fcr an der HFF!<\/a><\/p>\n<p><img decoding=\"async\" class=\"alignleft wp-image-84377\" src=\"https:\/\/www.drehbuchwerkstatt.de\/relaunch\/wp-content\/uploads\/2023\/03\/dbw_icons_link-150x150.png\" alt=\"\" width=\"19\" height=\"19\" srcset=\"https:\/\/www.drehbuchwerkstatt.de\/relaunch\/wp-content\/uploads\/2023\/03\/dbw_icons_link-150x150.png 150w, https:\/\/www.drehbuchwerkstatt.de\/relaunch\/wp-content\/uploads\/2023\/03\/dbw_icons_link-300x300.png 300w, https:\/\/www.drehbuchwerkstatt.de\/relaunch\/wp-content\/uploads\/2023\/03\/dbw_icons_link-350x350.png 350w, https:\/\/www.drehbuchwerkstatt.de\/relaunch\/wp-content\/uploads\/2023\/03\/dbw_icons_link-348x348.png 348w, https:\/\/www.drehbuchwerkstatt.de\/relaunch\/wp-content\/uploads\/2023\/03\/dbw_icons_link.png 500w\" sizes=\"(max-width: 19px) 100vw, 19px\" \/><a href=\"https:\/\/hff-muc-de.zoom.us\/j\/93598478790?pwd=K0czcXBZRGRPeG82WFNYdE1FVTVWZz09\" target=\"_blank\" rel=\"noopener\">Zoom-Link<\/a>[\/vc_column_text][\/vc_column][vc_column width=&#8220;1\/2&#8243;][vc_single_image media=&#8220;85091&#8243; media_lightbox=&#8220;yes&#8220; media_width_percent=&#8220;100&#8243; uncode_shortcode_id=&#8220;579844&#8243;][vc_single_image media=&#8220;85092&#8243; media_lightbox=&#8220;yes&#8220; media_width_percent=&#8220;100&#8243; uncode_shortcode_id=&#8220;160711&#8243;][\/vc_column][\/vc_row]<\/p>\n<\/div>","protected":false},"excerpt":{"rendered":"<p>Tag der offenen T\u00fcr am 20.1.2024: Die Drehbuchwerkstatt stellt sich von 11 bis 12 Uhr vor &#8211; vor Ort und per Zoom! Professorin Michaela Kezele und Professor Hubert von Spreti, Leitung der Drehbuchwerkstatt M\u00fcnchen, beantworten Deine Fragen!<\/p>\n","protected":false},"author":1,"featured_media":85091,"comment_status":"closed","ping_status":"closed","sticky":false,"template":"","format":"standard","meta":{"footnotes":""},"categories":[1,25,26],"tags":[29,45,66,67,70,71,182],"class_list":["post-85090","post","type-post","status-publish","format-standard","has-post-thumbnail","hentry","category-allgemein","category-bewerbung","category-veranstaltungen","tag-drehbuchwerkstatt","tag-drehbuch","tag-bewerbung","tag-hff","tag-film","tag-fernsehen","tag-tag-der-offenen-tuer"],"_links":{"self":[{"href":"https:\/\/www.drehbuchwerkstatt.de\/relaunch\/wp-json\/wp\/v2\/posts\/85090","targetHints":{"allow":["GET"]}}],"collection":[{"href":"https:\/\/www.drehbuchwerkstatt.de\/relaunch\/wp-json\/wp\/v2\/posts"}],"about":[{"href":"https:\/\/www.drehbuchwerkstatt.de\/relaunch\/wp-json\/wp\/v2\/types\/post"}],"author":[{"embeddable":true,"href":"https:\/\/www.drehbuchwerkstatt.de\/relaunch\/wp-json\/wp\/v2\/users\/1"}],"replies":[{"embeddable":true,"href":"https:\/\/www.drehbuchwerkstatt.de\/relaunch\/wp-json\/wp\/v2\/comments?post=85090"}],"version-history":[{"count":6,"href":"https:\/\/www.drehbuchwerkstatt.de\/relaunch\/wp-json\/wp\/v2\/posts\/85090\/revisions"}],"predecessor-version":[{"id":85098,"href":"https:\/\/www.drehbuchwerkstatt.de\/relaunch\/wp-json\/wp\/v2\/posts\/85090\/revisions\/85098"}],"wp:featuredmedia":[{"embeddable":true,"href":"https:\/\/www.drehbuchwerkstatt.de\/relaunch\/wp-json\/wp\/v2\/media\/85091"}],"wp:attachment":[{"href":"https:\/\/www.drehbuchwerkstatt.de\/relaunch\/wp-json\/wp\/v2\/media?parent=85090"}],"wp:term":[{"taxonomy":"category","embeddable":true,"href":"https:\/\/www.drehbuchwerkstatt.de\/relaunch\/wp-json\/wp\/v2\/categories?post=85090"},{"taxonomy":"post_tag","embeddable":true,"href":"https:\/\/www.drehbuchwerkstatt.de\/relaunch\/wp-json\/wp\/v2\/tags?post=85090"}],"curies":[{"name":"wp","href":"https:\/\/api.w.org\/{rel}","templated":true}]}}