{"id":85074,"date":"2023-12-19T11:52:11","date_gmt":"2023-12-19T10:52:11","guid":{"rendered":"https:\/\/www.drehbuchwerkstatt.de\/relaunch\/?p=85074"},"modified":"2024-03-08T07:17:42","modified_gmt":"2024-03-08T06:17:42","slug":"audiencefirst-storytelling-lab-bewirb-dich-jetzt-fuer-die-drama-series-2024","status":"publish","type":"post","link":"https:\/\/www.drehbuchwerkstatt.de\/relaunch\/2023\/12\/audiencefirst-storytelling-lab-bewirb-dich-jetzt-fuer-die-drama-series-2024\/","title":{"rendered":"Audience:first storytelling lab: BEWIRB DICH JETZT F\u00dcR DIE DRAMA SERIES 2024!"},"content":{"rendered":"<div class=\"wpb-content-wrapper\"><p>[vc_row][vc_column width=&#8220;1\/1&#8243;][vc_single_image media=&#8220;85084&#8243; media_width_percent=&#8220;100&#8243; uncode_shortcode_id=&#8220;830951&#8243;][vc_column_text uncode_shortcode_id=&#8220;198357&#8243;][vc_custom_heading heading_semantic=&#8220;h5&#8243; text_size=&#8220;h5&#8243; text_font=&#8220;font-672269&#8243; text_weight=&#8220;300&#8243; text_transform=&#8220;uppercase&#8220; text_color=&#8220;color-dfgh&#8220;]audience:first storytelling lab[\/vc_custom_heading][vc_custom_heading heading_semantic=&#8220;h1&#8243; text_size=&#8220;h1&#8243; text_font=&#8220;font-672269&#8243; text_weight=&#8220;300&#8243; text_color=&#8220;accent&#8220; separator=&#8220;yes&#8220; separator_color=&#8220;yes&#8220; separator_double=&#8220;yes&#8220;]DRAMA SERIES 2024: BEWIRB DICH JETZT![\/vc_custom_heading]<\/p>\n<p><b>Jetzt bewerben: Talente mit innovativen, digitalen Serienideen gesucht!<br \/>\n<\/b><\/p>\n<p><b>Das audience:first storytelling lab DRAMA SERIES \u00f6ffnet im M\u00e4rz 2024 abermals seine Pforten f\u00fcr talentierte Serienautor*innen und Regisseur*innen.<\/b><\/p>\n<p><b>Jetzt bis zum 22.Januar 2024 eigene Stoffe einreichen!<br \/>\n<\/b><\/p>\n<p><img decoding=\"async\" class=\"wp-image-84377 alignleft\" src=\"https:\/\/www.drehbuchwerkstatt.de\/relaunch\/wp-content\/uploads\/2023\/03\/dbw_icons_link-150x150.png\" alt=\"\" width=\"21\" height=\"21\" srcset=\"https:\/\/www.drehbuchwerkstatt.de\/relaunch\/wp-content\/uploads\/2023\/03\/dbw_icons_link-150x150.png 150w, https:\/\/www.drehbuchwerkstatt.de\/relaunch\/wp-content\/uploads\/2023\/03\/dbw_icons_link-300x300.png 300w, https:\/\/www.drehbuchwerkstatt.de\/relaunch\/wp-content\/uploads\/2023\/03\/dbw_icons_link-350x350.png 350w, https:\/\/www.drehbuchwerkstatt.de\/relaunch\/wp-content\/uploads\/2023\/03\/dbw_icons_link-348x348.png 348w, https:\/\/www.drehbuchwerkstatt.de\/relaunch\/wp-content\/uploads\/2023\/03\/dbw_icons_link.png 500w\" sizes=\"(max-width: 21px) 100vw, 21px\" \/> <a href=\"https:\/\/www.br.de\/audiencefirst\/drama-series-lab-100.html\" target=\"_blank\" rel=\"noopener\">Die Bewerbungsunterlagen findet ihr hier!<\/a>[\/vc_column_text][\/vc_column][\/vc_row][vc_row][vc_column width=&#8220;1\/2&#8243;][vc_column_text uncode_shortcode_id=&#8220;201865&#8243;]In unserer Zeit, in der Serien einen integralen Bestandteil unserer Kultur darstellen, ist es entscheidend, sich auf einem dynamischen und von Wettbewerb gepr\u00e4gten Markt durchzusetzen. Hierbei sind nicht nur herausragende Qualit\u00e4t und Innovationskraft gefragt, sondern ebenso eine tiefgreifende Kenntnis und strategische Ausrichtung auf die jeweiligen Zielgruppen. Das audience: first storytelling lab setzt genau an diesem Punkt an und bietet eine Plattform, um Serieninhalte zu kreieren, die auf die Bed\u00fcrfnisse bislang vernachl\u00e4ssigter Bev\u00f6lkerungsgruppen abgestimmt sind. Unser Ziel ist es, gemeinsam mit einer pr\u00e4zise definierten Zielgruppe au\u00dfergew\u00f6hnliche fiktionale Inhalte zu entwickeln.<\/p>\n<p>Interessierte aus den Bereichen Drehbuch, Regie, Produktion und digitalem Storytelling sind eingeladen, ihre innovativen Konzepte bis zum 22. Januar 2024 einzureichen. Wir suchen nach frischen Ideen f\u00fcr genre-begeisterte Fans in zwei Hauptkategorien:<\/p>\n<ul>\n<li>Ein originelles und gesellschaftlich relevantes Dark Comedy-Format.<\/li>\n<li>Ein fesselnder Mystery-Thriller (bitte beachten: kein Krimi-Genre).<\/li>\n<\/ul>\n<p>[\/vc_column_text][\/vc_column][vc_column width=&#8220;1\/2&#8243;][vc_single_image media=&#8220;85079&#8243; media_lightbox=&#8220;yes&#8220; media_width_percent=&#8220;100&#8243; uncode_shortcode_id=&#8220;114003&#8243;][vc_single_image media=&#8220;85075&#8243; media_lightbox=&#8220;yes&#8220; media_width_percent=&#8220;100&#8243; uncode_shortcode_id=&#8220;138645&#8243;][\/vc_column][\/vc_row][vc_row][vc_column width=&#8220;1\/2&#8243;][vc_single_image media=&#8220;85082&#8243; media_lightbox=&#8220;yes&#8220; media_width_percent=&#8220;100&#8243; uncode_shortcode_id=&#8220;198982&#8243;][vc_single_image media=&#8220;85080&#8243; media_lightbox=&#8220;yes&#8220; media_width_percent=&#8220;100&#8243; uncode_shortcode_id=&#8220;101967&#8243;][\/vc_column][vc_column width=&#8220;1\/2&#8243;][vc_column_text uncode_shortcode_id=&#8220;563905&#8243;]Es sind insgesamt sechs Pl\u00e4tze f\u00fcr &#8222;Creators&#8220; vorgesehen, die im Lab leitend t\u00e4tig sein werden, indem sie ein neues Projekt unter Beachtung exakter Zielgruppenvorgaben entwickeln. Weiterhin gibt es sechs Pl\u00e4tze f\u00fcr &#8222;Contributors&#8220;, die unterst\u00fctzende Funktionen \u00fcbernehmen werden. Zus\u00e4tzlich reservieren wir zwei bis vier Pl\u00e4tze speziell f\u00fcr hoffnungsvolle Nachwuchstalente. Die Teilnehmer:innen d\u00fcrfen sich auf den Wissensaustausch mit renommierten Expert*innen freuen, einen tiefen Einblick in die Kunst der zielgruppenorientierten Formatentwicklung erhalten und n\u00fctzliche berufliche Netzwerke kn\u00fcpfen.<\/p>\n<p>Das Lab findet vom 18. bis 22. M\u00e4rz 2024 (Montag bis Freitag) ganzt\u00e4gig in M\u00fcnchen statt \u2013 sollte es notwendig sein, bieten wir alternativ eine digitale Durchf\u00fchrung an. Den kr\u00f6nenden Abschluss bildet ein Pitching-Event im Juni 2024 vor einem Kreis auserw\u00e4hlter Branchenvertreter*innen.<\/p>\n<p>Das audience:first storytelling lab dient nicht nur der Projektentwicklung, sondern auch der Wissensvermittlung. Mit der Wahl M\u00fcnchens als Veranstaltungsort beabsichtigen wir, den Medienstandort Bayern zu st\u00e4rken und eine branchen\u00fcbergreifende Vernetzung zwischen Medienschaffenden und aufstrebenden Talenten aus der Region zu f\u00f6rdern. Eine Masterclass, gehalten von einem namhaften europ\u00e4ischen Branchenexperten, wird den Teilnehmenden dar\u00fcber hinaus eine internationale Perspektive er\u00f6ffnen. Diese Initiative ist ein Gemeinschaftsprojekt des Bayerischen Rundfunks und der Drehbuchwerkstatt M\u00fcnchen, realisiert in Zusammenarbeit mit der Hochschule f\u00fcr Fernsehen und Film M\u00fcnchen, der ARD Mediathek und der ARD Audiothek und dem Seriencamp Festival.[\/vc_column_text][\/vc_column][\/vc_row][vc_row][vc_column width=&#8220;1\/2&#8243;][vc_column_text uncode_shortcode_id=&#8220;116829&#8243;]<\/p>\n<h2>Termine<\/h2>\n<p>\u2022 Die Bewerbungsphase l\u00e4uft ab sofort bis zum 22. Januar 2024.<br \/>\n\u2022 Die Bekanntgabe der ausgew\u00e4hlten Teilnehmenden erfolgt am Donnerstag, den 1.Februar 2024.<br \/>\n\u2022 Das audience:first storytelling Lab findet vom 18. bis 22. M\u00e4rz 2024 t\u00e4glich in M\u00fcnchen oder in digitaler Form statt (von 9 bis 17 Uhr, zuz\u00fcglich eines Abendprogramms).<br \/>\n\u2022 Der Abschlusspitch im Juni 2024 bildet den H\u00f6hepunkt, bei dem die Ergebnisse vor ausgew\u00e4hlten Branchenvertreter*innen und potenziellen Finanzierungspartner*innen pr\u00e4sentiert werden.<\/p>\n<p>Registrierung und detaillierte Informationen finden Sie auf unserer Website: <a href=\"https:\/\/www.br.de\/audiencefirst\/index.html\" target=\"_blank\" rel=\"noopener\">www.audiencefirst.de<\/a>[\/vc_column_text][vc_single_image media=&#8220;84265&#8243; media_lightbox=&#8220;yes&#8220; media_width_percent=&#8220;100&#8243;][\/vc_column][vc_column width=&#8220;1\/2&#8243;][vc_single_image media=&#8220;84631&#8243; media_lightbox=&#8220;yes&#8220; media_width_percent=&#8220;100&#8243; uncode_shortcode_id=&#8220;140519&#8243;][\/vc_column][\/vc_row]<\/p>\n<\/div>","protected":false},"excerpt":{"rendered":"<p>Audience:first storytelling lab &#8211; DRAMA SERIES 2024: BEWIRB DICH JETZT bis zum 22. Januar 2024: Wir suchen kreative K\u00f6pfe f\u00fcr digitale Serienformate!<\/p>\n","protected":false},"author":1,"featured_media":85075,"comment_status":"closed","ping_status":"closed","sticky":false,"template":"","format":"standard","meta":{"footnotes":""},"categories":[1,24,25,181],"tags":[29,30,45,48,68,96,101,102,103,104,180],"class_list":["post-85074","post","type-post","status-publish","format-standard","has-post-thumbnail","hentry","category-allgemein","category-drehbuecher","category-bewerbung","category-audiencefirst","tag-drehbuchwerkstatt","tag-muenchen","tag-drehbuch","tag-drama","tag-serie","tag-debut","tag-serien","tag-audience","tag-first","tag-bayerischer-rundfunk","tag-audio-fiction"],"_links":{"self":[{"href":"https:\/\/www.drehbuchwerkstatt.de\/relaunch\/wp-json\/wp\/v2\/posts\/85074","targetHints":{"allow":["GET"]}}],"collection":[{"href":"https:\/\/www.drehbuchwerkstatt.de\/relaunch\/wp-json\/wp\/v2\/posts"}],"about":[{"href":"https:\/\/www.drehbuchwerkstatt.de\/relaunch\/wp-json\/wp\/v2\/types\/post"}],"author":[{"embeddable":true,"href":"https:\/\/www.drehbuchwerkstatt.de\/relaunch\/wp-json\/wp\/v2\/users\/1"}],"replies":[{"embeddable":true,"href":"https:\/\/www.drehbuchwerkstatt.de\/relaunch\/wp-json\/wp\/v2\/comments?post=85074"}],"version-history":[{"count":8,"href":"https:\/\/www.drehbuchwerkstatt.de\/relaunch\/wp-json\/wp\/v2\/posts\/85074\/revisions"}],"predecessor-version":[{"id":85101,"href":"https:\/\/www.drehbuchwerkstatt.de\/relaunch\/wp-json\/wp\/v2\/posts\/85074\/revisions\/85101"}],"wp:featuredmedia":[{"embeddable":true,"href":"https:\/\/www.drehbuchwerkstatt.de\/relaunch\/wp-json\/wp\/v2\/media\/85075"}],"wp:attachment":[{"href":"https:\/\/www.drehbuchwerkstatt.de\/relaunch\/wp-json\/wp\/v2\/media?parent=85074"}],"wp:term":[{"taxonomy":"category","embeddable":true,"href":"https:\/\/www.drehbuchwerkstatt.de\/relaunch\/wp-json\/wp\/v2\/categories?post=85074"},{"taxonomy":"post_tag","embeddable":true,"href":"https:\/\/www.drehbuchwerkstatt.de\/relaunch\/wp-json\/wp\/v2\/tags?post=85074"}],"curies":[{"name":"wp","href":"https:\/\/api.w.org\/{rel}","templated":true}]}}