{"id":85034,"date":"2023-11-14T16:00:42","date_gmt":"2023-11-14T15:00:42","guid":{"rendered":"https:\/\/www.drehbuchwerkstatt.de\/relaunch\/?p=85034"},"modified":"2023-12-19T12:11:24","modified_gmt":"2023-12-19T11:11:24","slug":"audiencefirst-storytelling-lab-pitch2023","status":"publish","type":"post","link":"https:\/\/www.drehbuchwerkstatt.de\/relaunch\/2023\/11\/audiencefirst-storytelling-lab-pitch2023\/","title":{"rendered":"Audience:first storytelling lab: PITCH am 28.11.2023!"},"content":{"rendered":"<div class=\"wpb-content-wrapper\"><p>[vc_row][vc_column width=&#8220;1\/1&#8243;][vc_single_image media=&#8220;85040&#8243; media_width_percent=&#8220;100&#8243; uncode_shortcode_id=&#8220;205773&#8243;][vc_column_text uncode_shortcode_id=&#8220;169465&#8243;][vc_custom_heading heading_semantic=&#8220;h5&#8243; text_size=&#8220;h5&#8243; text_font=&#8220;font-672269&#8243; text_weight=&#8220;300&#8243; text_transform=&#8220;uppercase&#8220; text_color=&#8220;color-dfgh&#8220;]audience:first storytelling lab 2023[\/vc_custom_heading][vc_custom_heading heading_semantic=&#8220;h1&#8243; text_size=&#8220;h1&#8243; text_font=&#8220;font-672269&#8243; text_weight=&#8220;300&#8243; text_color=&#8220;accent&#8220; separator=&#8220;yes&#8220; separator_color=&#8220;yes&#8220; separator_double=&#8220;yes&#8220;]DRAMA SERIES 2023 &#8211; DER PITCH![\/vc_custom_heading][\/vc_column_text][\/vc_column][\/vc_row][vc_row][vc_column width=&#8220;1\/2&#8243;][vc_column_text uncode_shortcode_id=&#8220;211569&#8243;]<strong>Am Dienstag, den 28.11.2023, fand der PITCH des aktuellen audience:first storytelling lab statt. Wir fanden es super und w\u00fcnschen den Autor*innen viel Erfolg f\u00fcr Ihre Serien-Stoffe!<\/strong><\/p>\n<p>Hier geht\u2019s lang zum ONLINE BOOKLET des PITCHES:<\/p>\n<p><img decoding=\"async\" class=\"alignleft wp-image-84377\" src=\"https:\/\/www.drehbuchwerkstatt.de\/relaunch\/wp-content\/uploads\/2023\/03\/dbw_icons_link-150x150.png\" alt=\"\" width=\"20\" height=\"20\" srcset=\"https:\/\/www.drehbuchwerkstatt.de\/relaunch\/wp-content\/uploads\/2023\/03\/dbw_icons_link-150x150.png 150w, https:\/\/www.drehbuchwerkstatt.de\/relaunch\/wp-content\/uploads\/2023\/03\/dbw_icons_link-300x300.png 300w, https:\/\/www.drehbuchwerkstatt.de\/relaunch\/wp-content\/uploads\/2023\/03\/dbw_icons_link-350x350.png 350w, https:\/\/www.drehbuchwerkstatt.de\/relaunch\/wp-content\/uploads\/2023\/03\/dbw_icons_link-348x348.png 348w, https:\/\/www.drehbuchwerkstatt.de\/relaunch\/wp-content\/uploads\/2023\/03\/dbw_icons_link.png 500w\" sizes=\"(max-width: 20px) 100vw, 20px\" \/><a href=\"https:\/\/www.drehbuchwerkstatt.de\/relaunch\/audiencefirst-storytelling-lab-11-2023\/\" target=\"_blank\" rel=\"noopener\">ZUM ONLINE-BOOKLET!<\/a><\/p>\n<h2>Sechs Autor*innen haben ihre Serienstoffe vorgestellt!<\/h2>\n<p>W\u00e4hrend des Labs haben die Autor*innen ihre Ideen an den Zielgruppen der \u201cAdaptiv-Pragmatischen\u201d und dem \u201chedonistischen Milieu\u201d getestet, Zuschauerinterviews gef\u00fchrt, Impulsvortr\u00e4ge geh\u00f6rt und von f\u00fcnf ausgew\u00e4hlten Contributor*innen Input und konstruktive Kritik erfahren. Ein besonderer Dank gilt Benjamin Harris von Netflix, der die Masterclass gehalten hat und unseren Talenten u.a. intensiv Feedback zu ihren Stoffen gegeben hat.<\/p>\n<p>Der Pitch fand ONLINE PER ZOOM statt. Anschlie\u00dfend konnten Interessierte in \u201ebreak-out-rooms\u201cpers\u00f6nlich mit den Autor*innen sprechen. Au\u00dferdem sind Serienbibeln zu jeder Serie erh\u00e4ltlich.<\/p>\n<h2><strong>NEXT LAB:<\/strong><\/h2>\n<p>Das n\u00e4chste audience:first storytelling lab DRAMA SERIES findet vom 18.-22. M\u00e4rz 2024 statt. Die Ausschreibung startet am 19.12.2023.<\/p>\n<p>Das audience:first storytelling lab ist eine Initiative des Bayerischen Rundfunks und der Drehbuchwerkstatt M\u00fcnchen, in Kooperation mit der HFF M\u00fcnchen, dem Seriencamp, der ARD Mediathek und der ARD Audiothek.[\/vc_column_text][\/vc_column][vc_column width=&#8220;1\/2&#8243;][vc_single_image media=&#8220;84217&#8243; media_lightbox=&#8220;yes&#8220; media_width_percent=&#8220;100&#8243; uncode_shortcode_id=&#8220;577215&#8243;][vc_single_image media=&#8220;85036&#8243; media_lightbox=&#8220;yes&#8220; media_width_percent=&#8220;100&#8243; uncode_shortcode_id=&#8220;131544&#8243;][vc_single_image media=&#8220;85038&#8243; media_lightbox=&#8220;yes&#8220; media_width_percent=&#8220;100&#8243; uncode_shortcode_id=&#8220;135073&#8243;][\/vc_column][\/vc_row]<\/p>\n<\/div>","protected":false},"excerpt":{"rendered":"<p>Am Dienstag, den 28.11.2023, fand der PITCH des aktuellen audience:first storytelling lab statt. Anschlie\u00dfend konnten Interessierte in \u201ebreak-out-rooms\u201cpers\u00f6nlich mit den Autor*innen sprechen.<\/p>\n","protected":false},"author":1,"featured_media":85037,"comment_status":"closed","ping_status":"closed","sticky":false,"template":"","format":"standard","meta":{"footnotes":""},"categories":[1,19,24,25,181],"tags":[29,30,45,96,101,102,103,104,193],"class_list":["post-85034","post","type-post","status-publish","format-standard","has-post-thumbnail","hentry","category-allgemein","category-schaufenster-mini","category-drehbuecher","category-bewerbung","category-audiencefirst","tag-drehbuchwerkstatt","tag-muenchen","tag-drehbuch","tag-debut","tag-serien","tag-audience","tag-first","tag-bayerischer-rundfunk","tag-drama-series"],"_links":{"self":[{"href":"https:\/\/www.drehbuchwerkstatt.de\/relaunch\/wp-json\/wp\/v2\/posts\/85034","targetHints":{"allow":["GET"]}}],"collection":[{"href":"https:\/\/www.drehbuchwerkstatt.de\/relaunch\/wp-json\/wp\/v2\/posts"}],"about":[{"href":"https:\/\/www.drehbuchwerkstatt.de\/relaunch\/wp-json\/wp\/v2\/types\/post"}],"author":[{"embeddable":true,"href":"https:\/\/www.drehbuchwerkstatt.de\/relaunch\/wp-json\/wp\/v2\/users\/1"}],"replies":[{"embeddable":true,"href":"https:\/\/www.drehbuchwerkstatt.de\/relaunch\/wp-json\/wp\/v2\/comments?post=85034"}],"version-history":[{"count":8,"href":"https:\/\/www.drehbuchwerkstatt.de\/relaunch\/wp-json\/wp\/v2\/posts\/85034\/revisions"}],"predecessor-version":[{"id":85071,"href":"https:\/\/www.drehbuchwerkstatt.de\/relaunch\/wp-json\/wp\/v2\/posts\/85034\/revisions\/85071"}],"wp:featuredmedia":[{"embeddable":true,"href":"https:\/\/www.drehbuchwerkstatt.de\/relaunch\/wp-json\/wp\/v2\/media\/85037"}],"wp:attachment":[{"href":"https:\/\/www.drehbuchwerkstatt.de\/relaunch\/wp-json\/wp\/v2\/media?parent=85034"}],"wp:term":[{"taxonomy":"category","embeddable":true,"href":"https:\/\/www.drehbuchwerkstatt.de\/relaunch\/wp-json\/wp\/v2\/categories?post=85034"},{"taxonomy":"post_tag","embeddable":true,"href":"https:\/\/www.drehbuchwerkstatt.de\/relaunch\/wp-json\/wp\/v2\/tags?post=85034"}],"curies":[{"name":"wp","href":"https:\/\/api.w.org\/{rel}","templated":true}]}}