{"id":84417,"date":"2023-04-28T15:04:14","date_gmt":"2023-04-28T13:04:14","guid":{"rendered":"https:\/\/www.drehbuchwerkstatt.de\/relaunch\/?p=84417"},"modified":"2023-05-08T18:11:44","modified_gmt":"2023-05-08T16:11:44","slug":"audiencefirst-storytelling-lab-audio-fiction-eine-woche-eine-challenge","status":"publish","type":"post","link":"https:\/\/www.drehbuchwerkstatt.de\/relaunch\/2023\/04\/audiencefirst-storytelling-lab-audio-fiction-eine-woche-eine-challenge\/","title":{"rendered":"Audience:first storytelling lab &#8211; AUDIO FICTION: EINE WOCHE &#8211; EINE CHALLENGE!"},"content":{"rendered":"<div class=\"wpb-content-wrapper\"><p>[vc_row][vc_column width=&#8220;1\/1&#8243;][vc_single_image media=&#8220;84272&#8243; media_width_percent=&#8220;100&#8243;][vc_column_text uncode_shortcode_id=&#8220;171601&#8243;][vc_custom_heading heading_semantic=&#8220;h5&#8243; text_size=&#8220;h5&#8243; text_font=&#8220;font-672269&#8243; text_weight=&#8220;300&#8243; text_transform=&#8220;uppercase&#8220; text_color=&#8220;color-dfgh&#8220;]audience:first storytelling lab 2023[\/vc_custom_heading][vc_custom_heading heading_semantic=&#8220;h1&#8243; text_size=&#8220;h1&#8243; text_font=&#8220;font-672269&#8243; text_weight=&#8220;300&#8243; text_color=&#8220;accent&#8220; separator=&#8220;yes&#8220; separator_color=&#8220;yes&#8220; separator_double=&#8220;yes&#8220;]EINE WOCHE &#8211; EINE CHALLENGE![\/vc_custom_heading]<\/p>\n<p><strong>Blick auf eine intensive Labwoche &amp; Pitching am 13.6.2023<\/strong><b>!<\/b>[\/vc_column_text][\/vc_column][\/vc_row][vc_row][vc_column width=&#8220;1\/2&#8243;][vc_column_text uncode_shortcode_id=&#8220;207533&#8243;]<strong>Im aktuellen audience:first storytelling lab AUDIO FICTION 2023 haben wir uns eine Challenge gesetzt! Ziel war es, f\u00fcr jeden der vier Serienstoffe einen Trailer und eine Szene zu produzieren. Die Ergebnisse k\u00f6nnen sich \u201eh\u00f6ren\u201c lassen: am 13. Juni 2023. Denn dann pitchen unsere Talente ihre Stoffe mit Audiobeispielen ONLINE per Zoom. Einladungslink siehe unten!<\/strong><\/p>\n<h2>Wir schauen auf eine intensive Labwoche zur\u00fcck!<\/h2>\n<p>Zu Beginn der Woche haben die Autor*innen Impulsvortr\u00e4ge u.a. von Dorothea Martin (Senior Executive Producer Original Content EU Audible) und Thomas M\u00fcller (Channelmanager ARD Audiothek) zu Zielgruppen &amp; Content Strategie geh\u00f6rt. Um dann bis Mittwoch intensiv an ihren eigenen Stoffen, Szenen und Trailern zu arbeiten. Dabei begleitet und kreativ unterst\u00fctzt haben sie Gregor Schmalzried (Autor und Produzent von Mia Insomnia) und Anne Kessel (Autorin von Anne Bonny). Bereits am Donnerstag ging es zur Produktion der Trailer und Szenen in die BR Studios. Vielen Dank daf\u00fcr an die gro\u00dfartigen Regisseur*innen Ron Schickler und Pauline Seiberlich. Sie haben sich auf das Experiment eingelassen, in knapper Zeit sehr aussagekr\u00e4ftige Prototypen zu realisieren.<\/p>\n<p>Vielen Dank auch an die Schauspieler*innen Sandra Bosch, Robert Lansing und Sophie Meinecke, die f\u00fcr unsere Autor*innen die Szenen durchgespielt, ihnen wertvolles Feedback und den H\u00f6rbeispielen letztlich auch ihre Stimmen gegeben haben.[\/vc_column_text][vc_separator sep_color=&#8220;accent&#8220; uncode_shortcode_id=&#8220;920599&#8243; sep_color_type=&#8220;uncode-palette&#8220;][vc_column_text uncode_shortcode_id=&#8220;209132&#8243;]EINLADUNGSLINK:<\/p>\n<p><img decoding=\"async\" class=\"alignleft wp-image-84377\" src=\"https:\/\/www.drehbuchwerkstatt.de\/relaunch\/wp-content\/uploads\/2023\/03\/dbw_icons_link-150x150.png\" alt=\"\" width=\"20\" height=\"20\" srcset=\"https:\/\/www.drehbuchwerkstatt.de\/relaunch\/wp-content\/uploads\/2023\/03\/dbw_icons_link-150x150.png 150w, https:\/\/www.drehbuchwerkstatt.de\/relaunch\/wp-content\/uploads\/2023\/03\/dbw_icons_link-300x300.png 300w, https:\/\/www.drehbuchwerkstatt.de\/relaunch\/wp-content\/uploads\/2023\/03\/dbw_icons_link-350x350.png 350w, https:\/\/www.drehbuchwerkstatt.de\/relaunch\/wp-content\/uploads\/2023\/03\/dbw_icons_link-348x348.png 348w, https:\/\/www.drehbuchwerkstatt.de\/relaunch\/wp-content\/uploads\/2023\/03\/dbw_icons_link.png 500w\" sizes=\"(max-width: 20px) 100vw, 20px\" \/><a href=\"https:\/\/www.eventbrite.com\/e\/pitch-audiencefirst-storytelling-lab-audio-fiction-2023-tickets-632657424387\" target=\"_blank\" rel=\"noopener\">https:\/\/www.eventbrite.com\/e\/pitch-audiencefirst-storytelling-lab-audio-fiction-2023-tickets-632657424387<\/a>[\/vc_column_text][\/vc_column][vc_column width=&#8220;1\/2&#8243;][vc_single_image media=&#8220;84418&#8243; media_lightbox=&#8220;yes&#8220; media_width_percent=&#8220;100&#8243; uncode_shortcode_id=&#8220;129405&#8243;][vc_single_image media=&#8220;84262&#8243; media_lightbox=&#8220;yes&#8220; media_width_percent=&#8220;100&#8243; uncode_shortcode_id=&#8220;504719&#8243;][\/vc_column][\/vc_row]<\/p>\n<\/div>","protected":false},"excerpt":{"rendered":"<p>Audience:first storytelling lab &#8211; eine Woche, eine Challenge &#8211; Blick auf eine intensive Labwoche und Pitching am 13.6.2023!<\/p>\n","protected":false},"author":1,"featured_media":84418,"comment_status":"closed","ping_status":"closed","sticky":false,"template":"","format":"standard","meta":{"footnotes":""},"categories":[1,19,24,25,181],"tags":[29,30,45,96,101,102,103,104,180],"class_list":["post-84417","post","type-post","status-publish","format-standard","has-post-thumbnail","hentry","category-allgemein","category-schaufenster-mini","category-drehbuecher","category-bewerbung","category-audiencefirst","tag-drehbuchwerkstatt","tag-muenchen","tag-drehbuch","tag-debut","tag-serien","tag-audience","tag-first","tag-bayerischer-rundfunk","tag-audio-fiction"],"_links":{"self":[{"href":"https:\/\/www.drehbuchwerkstatt.de\/relaunch\/wp-json\/wp\/v2\/posts\/84417","targetHints":{"allow":["GET"]}}],"collection":[{"href":"https:\/\/www.drehbuchwerkstatt.de\/relaunch\/wp-json\/wp\/v2\/posts"}],"about":[{"href":"https:\/\/www.drehbuchwerkstatt.de\/relaunch\/wp-json\/wp\/v2\/types\/post"}],"author":[{"embeddable":true,"href":"https:\/\/www.drehbuchwerkstatt.de\/relaunch\/wp-json\/wp\/v2\/users\/1"}],"replies":[{"embeddable":true,"href":"https:\/\/www.drehbuchwerkstatt.de\/relaunch\/wp-json\/wp\/v2\/comments?post=84417"}],"version-history":[{"count":7,"href":"https:\/\/www.drehbuchwerkstatt.de\/relaunch\/wp-json\/wp\/v2\/posts\/84417\/revisions"}],"predecessor-version":[{"id":84517,"href":"https:\/\/www.drehbuchwerkstatt.de\/relaunch\/wp-json\/wp\/v2\/posts\/84417\/revisions\/84517"}],"wp:featuredmedia":[{"embeddable":true,"href":"https:\/\/www.drehbuchwerkstatt.de\/relaunch\/wp-json\/wp\/v2\/media\/84418"}],"wp:attachment":[{"href":"https:\/\/www.drehbuchwerkstatt.de\/relaunch\/wp-json\/wp\/v2\/media?parent=84417"}],"wp:term":[{"taxonomy":"category","embeddable":true,"href":"https:\/\/www.drehbuchwerkstatt.de\/relaunch\/wp-json\/wp\/v2\/categories?post=84417"},{"taxonomy":"post_tag","embeddable":true,"href":"https:\/\/www.drehbuchwerkstatt.de\/relaunch\/wp-json\/wp\/v2\/tags?post=84417"}],"curies":[{"name":"wp","href":"https:\/\/api.w.org\/{rel}","templated":true}]}}