{"id":84242,"date":"2023-06-14T23:18:33","date_gmt":"2023-06-14T21:18:33","guid":{"rendered":"https:\/\/www.drehbuchwerkstatt.de\/relaunch\/?p=84242"},"modified":"2023-06-16T11:26:15","modified_gmt":"2023-06-16T09:26:15","slug":"audiencefirst-audiofiction","status":"publish","type":"post","link":"https:\/\/www.drehbuchwerkstatt.de\/relaunch\/2023\/06\/audiencefirst-audiofiction\/","title":{"rendered":"Audience:first storytelling lab: BEWIRB DICH JETZT F\u00dcR DIE DRAMA SERIES!"},"content":{"rendered":"<div class=\"wpb-content-wrapper\"><p>[vc_row][vc_column width=&#8220;1\/1&#8243;][vc_single_image media=&#8220;84574&#8243; media_width_percent=&#8220;100&#8243; uncode_shortcode_id=&#8220;185056&#8243;][vc_column_text uncode_shortcode_id=&#8220;185588&#8243;][vc_custom_heading heading_semantic=&#8220;h5&#8243; text_size=&#8220;h5&#8243; text_font=&#8220;font-672269&#8243; text_weight=&#8220;300&#8243; text_transform=&#8220;uppercase&#8220; text_color=&#8220;color-dfgh&#8220;]audience:first storytelling lab[\/vc_custom_heading][vc_custom_heading heading_semantic=&#8220;h1&#8243; text_size=&#8220;h1&#8243; text_font=&#8220;font-672269&#8243; text_weight=&#8220;300&#8243; text_color=&#8220;accent&#8220; separator=&#8220;yes&#8220; separator_color=&#8220;yes&#8220; separator_double=&#8220;yes&#8220;]DRAMA SERIES: BEWIRB DICH JETZT![\/vc_custom_heading]<\/p>\n<p><strong>BEWIRB DICH JETZT bis zum <\/strong><strong>10. Juli<\/strong><strong> 2023: Wir suchen <\/strong><strong>k<\/strong><strong>reative K\u00f6pfe f\u00fcr digitale Serienformate<\/strong><b>!<\/b>[\/vc_column_text][\/vc_column][\/vc_row][vc_row][vc_column width=&#8220;1\/2&#8243;][vc_column_text uncode_shortcode_id=&#8220;127005&#8243;]Jede neue Serienidee muss sich auf einem hei\u00df umk\u00e4mpften Nachfragemarkt behaupten. F\u00fcr den Erfolg guter Ideen sind Thema und Machart zwar nach wie vor notwendige Voraussetzungen, aber Qualit\u00e4t allein reicht schon lange nicht mehr aus. Wer heute Menschen erreichen will, muss sich auf genau definierte Zielgruppen und deren Bed\u00fcrfnisse fokussieren \u2013 eine knifflige Herausforderung. Bei diesem Weiterbildungsangebot f\u00fcr nutzerorientierte Stoffentwicklung soll die Frage nach dem Zielpublikum ganz vorne stehen.<\/p>\n<p>Die Teilnehmerinnen und Teilnehmer stellen die Frage, welche Bev\u00f6lkerungsgruppen medial nicht hinreichend sichtbar und versorgt sind, und entwickeln auf sie zugeschnittene fiktionale Medienangebote.<\/p>\n<p>F\u00fcr das aktuelle Lab suchen wir fiktionale Serienideen aller Genre-Zuschnitte f\u00fcr das junge Spektrum der Mediennutzungstypen &#8222;<strong>Modern Etabliert<\/strong>&#8220; und &#8222;<strong>Eskapisten<\/strong>&#8220; nach den\u00a0<u><a href=\"https:\/\/ard-zdf-mnt.de\/\" target=\"_blank\" rel=\"noopener\">ARD ZDF Mediennutzungstypen<\/a><\/u>.[\/vc_column_text][\/vc_column][vc_column width=&#8220;1\/2&#8243;][vc_single_image media=&#8220;84576&#8243; media_lightbox=&#8220;yes&#8220; media_width_percent=&#8220;100&#8243; uncode_shortcode_id=&#8220;991504&#8243;][\/vc_column][\/vc_row][vc_row][vc_column width=&#8220;1\/2&#8243;][vc_single_image media=&#8220;84572&#8243; media_lightbox=&#8220;yes&#8220; media_width_percent=&#8220;100&#8243; uncode_shortcode_id=&#8220;102636&#8243;][vc_single_image media=&#8220;84577&#8243; media_lightbox=&#8220;yes&#8220; media_width_percent=&#8220;100&#8243; uncode_shortcode_id=&#8220;123274&#8243;][\/vc_column][vc_column width=&#8220;1\/2&#8243;][vc_column_text uncode_shortcode_id=&#8220;178892&#8243;]Kreative aus den Bereichen Drehbuch, Produktion oder Social Media k\u00f6nnen sich bis zum 10. Juli 2023 bewerben unter:<\/p>\n<p><img decoding=\"async\" class=\"alignleft wp-image-84377\" src=\"https:\/\/www.drehbuchwerkstatt.de\/relaunch\/wp-content\/uploads\/2023\/03\/dbw_icons_link-150x150.png\" alt=\"\" width=\"20\" height=\"20\" srcset=\"https:\/\/www.drehbuchwerkstatt.de\/relaunch\/wp-content\/uploads\/2023\/03\/dbw_icons_link-150x150.png 150w, https:\/\/www.drehbuchwerkstatt.de\/relaunch\/wp-content\/uploads\/2023\/03\/dbw_icons_link-300x300.png 300w, https:\/\/www.drehbuchwerkstatt.de\/relaunch\/wp-content\/uploads\/2023\/03\/dbw_icons_link-350x350.png 350w, https:\/\/www.drehbuchwerkstatt.de\/relaunch\/wp-content\/uploads\/2023\/03\/dbw_icons_link-348x348.png 348w, https:\/\/www.drehbuchwerkstatt.de\/relaunch\/wp-content\/uploads\/2023\/03\/dbw_icons_link.png 500w\" sizes=\"(max-width: 20px) 100vw, 20px\" \/><a href=\"https:\/\/www.br.de\/audiencefirst\/drama-series-lab-100.html\" target=\"_blank\" rel=\"noopener\">ZUR BEWERBUNG!<\/a><\/p>\n<hr \/>\n<p>F\u00fcr das Lab im Oktober gibt es sechs Pl\u00e4tze f\u00fcr &#8222;Creators&#8220;, die federf\u00fchrend auf Basis klarer Zielgruppenvorgaben ein neues Projekt entwickeln k\u00f6nnen, und sechs weitere Pl\u00e4tze f\u00fcr &#8222;Contributors&#8220;, die dabei eine unterst\u00fctzende Rolle spielen. Zwei bis vier weitere Pl\u00e4tze sind f\u00fcr Nachwuchstalente reserviert. Alle erlernen unter Anleitung von namhaften Expertinnen und Experten das Handwerk der zielgruppenorientierten Formatentwicklung und bekommen die M\u00f6glichkeit, sich intensiv beruflich zu vernetzen. Vielen Dank an dem Punkt an Lasse Scharpen, der die Masterclass unseres letzten DRAMA SERIES LAB 2022 gehalten hat.<\/p>\n<p>&nbsp;<\/p>\n<p>Das audience:first lab findet statt vom\u00a0<strong>16. bis 20. Oktober 2023<\/strong>, jeweils ganztags in M\u00fcnchen oder digital (9 bis 17 Uhr plus Abendprogramm)<\/p>\n<p>Einsendeschluss:\u00a0<strong>10. Juli<\/strong><strong> 2023<\/strong><\/p>\n<p>Bekanntgabe der Teilnehmer*innen: <strong>24. Juli 2023<\/strong><\/p>\n<p>Abschlusspitch: <strong>Dezember 2023<\/strong>, abschlie\u00dfende Pr\u00e4sentation der Ergebnisse vor ausgew\u00e4hlten Branchenvertreter*innen und m\u00f6glichen Finanzierungspartner*innen[\/vc_column_text][\/vc_column][\/vc_row][vc_row][vc_column width=&#8220;1\/2&#8243;][vc_column_text uncode_shortcode_id=&#8220;196364&#8243;]Das\u00a0audience:first storytelling lab\u00a0ist eine Initiative des Bayerischen Rundfunks und der Drehbuchwerkstatt M\u00fcnchen, in Kooperation mit der HFF M\u00fcnchen, dem Seriencamp sowie der ARD Mediathek und der ARD Audiothek.<\/p>\n<p><img decoding=\"async\" class=\"alignleft wp-image-84377\" src=\"https:\/\/www.drehbuchwerkstatt.de\/relaunch\/wp-content\/uploads\/2023\/03\/dbw_icons_link-150x150.png\" alt=\"\" width=\"20\" height=\"20\" srcset=\"https:\/\/www.drehbuchwerkstatt.de\/relaunch\/wp-content\/uploads\/2023\/03\/dbw_icons_link-150x150.png 150w, https:\/\/www.drehbuchwerkstatt.de\/relaunch\/wp-content\/uploads\/2023\/03\/dbw_icons_link-300x300.png 300w, https:\/\/www.drehbuchwerkstatt.de\/relaunch\/wp-content\/uploads\/2023\/03\/dbw_icons_link-350x350.png 350w, https:\/\/www.drehbuchwerkstatt.de\/relaunch\/wp-content\/uploads\/2023\/03\/dbw_icons_link-348x348.png 348w, https:\/\/www.drehbuchwerkstatt.de\/relaunch\/wp-content\/uploads\/2023\/03\/dbw_icons_link.png 500w\" sizes=\"(max-width: 20px) 100vw, 20px\" \/>mehr \u00fcber <a href=\"https:\/\/www.drehbuchwerkstatt.de\/relaunch\/drehbuchwerkstatt-muenchen-ueber-uns-kino-fernsehen-serie-audiencefirst-dok-art\/#audiencefirst\">audience:first storytelling lab<\/a>![\/vc_column_text][vc_single_image media=&#8220;84265&#8243; media_lightbox=&#8220;yes&#8220; media_width_percent=&#8220;100&#8243;][\/vc_column][vc_column width=&#8220;1\/2&#8243;][vc_single_image media=&#8220;84578&#8243; media_lightbox=&#8220;yes&#8220; media_width_percent=&#8220;100&#8243; uncode_shortcode_id=&#8220;880418&#8243;][\/vc_column][\/vc_row]<\/p>\n<\/div>","protected":false},"excerpt":{"rendered":"<p>Audience:first storytelling lab &#8211; DRAMA SERIES: BEWIRB DICH JETZT bis zum 10. Juli 2023: Wir suchen kreative K\u00f6pfe f\u00fcr digitale Serienformate!<\/p>\n","protected":false},"author":1,"featured_media":84572,"comment_status":"closed","ping_status":"closed","sticky":false,"template":"","format":"standard","meta":{"footnotes":""},"categories":[1,18,24,25,181],"tags":[29,30,45,48,68,96,101,102,103,104,180],"class_list":["post-84242","post","type-post","status-publish","format-standard","has-post-thumbnail","hentry","category-allgemein","category-schaufenster","category-drehbuecher","category-bewerbung","category-audiencefirst","tag-drehbuchwerkstatt","tag-muenchen","tag-drehbuch","tag-drama","tag-serie","tag-debut","tag-serien","tag-audience","tag-first","tag-bayerischer-rundfunk","tag-audio-fiction"],"_links":{"self":[{"href":"https:\/\/www.drehbuchwerkstatt.de\/relaunch\/wp-json\/wp\/v2\/posts\/84242","targetHints":{"allow":["GET"]}}],"collection":[{"href":"https:\/\/www.drehbuchwerkstatt.de\/relaunch\/wp-json\/wp\/v2\/posts"}],"about":[{"href":"https:\/\/www.drehbuchwerkstatt.de\/relaunch\/wp-json\/wp\/v2\/types\/post"}],"author":[{"embeddable":true,"href":"https:\/\/www.drehbuchwerkstatt.de\/relaunch\/wp-json\/wp\/v2\/users\/1"}],"replies":[{"embeddable":true,"href":"https:\/\/www.drehbuchwerkstatt.de\/relaunch\/wp-json\/wp\/v2\/comments?post=84242"}],"version-history":[{"count":32,"href":"https:\/\/www.drehbuchwerkstatt.de\/relaunch\/wp-json\/wp\/v2\/posts\/84242\/revisions"}],"predecessor-version":[{"id":84586,"href":"https:\/\/www.drehbuchwerkstatt.de\/relaunch\/wp-json\/wp\/v2\/posts\/84242\/revisions\/84586"}],"wp:featuredmedia":[{"embeddable":true,"href":"https:\/\/www.drehbuchwerkstatt.de\/relaunch\/wp-json\/wp\/v2\/media\/84572"}],"wp:attachment":[{"href":"https:\/\/www.drehbuchwerkstatt.de\/relaunch\/wp-json\/wp\/v2\/media?parent=84242"}],"wp:term":[{"taxonomy":"category","embeddable":true,"href":"https:\/\/www.drehbuchwerkstatt.de\/relaunch\/wp-json\/wp\/v2\/categories?post=84242"},{"taxonomy":"post_tag","embeddable":true,"href":"https:\/\/www.drehbuchwerkstatt.de\/relaunch\/wp-json\/wp\/v2\/tags?post=84242"}],"curies":[{"name":"wp","href":"https:\/\/api.w.org\/{rel}","templated":true}]}}