{"id":2037,"date":"2022-07-15T22:55:57","date_gmt":"2022-07-15T20:55:57","guid":{"rendered":"https:\/\/www.drehbuchwerkstatt.de\/relaunch\/?p=2037"},"modified":"2022-09-28T15:58:50","modified_gmt":"2022-09-28T13:58:50","slug":"filmfest-empfang2022","status":"publish","type":"post","link":"https:\/\/www.drehbuchwerkstatt.de\/relaunch\/2022\/07\/filmfest-empfang2022\/","title":{"rendered":"FILMFEST M\u00dcNCHEN 2022: TANKRED DORST PREIS &#038; SCRIPT TALENT AWARD"},"content":{"rendered":"<div class=\"wpb-content-wrapper\"><p>[vc_row][vc_column width=&#8220;1\/1&#8243;][vc_single_image media=&#8220;2039&#8243; media_width_percent=&#8220;100&#8243;][vc_column_text][vc_custom_heading heading_semantic=&#8220;h5&#8243; text_size=&#8220;h5&#8243; text_font=&#8220;font-672269&#8243; text_weight=&#8220;300&#8243; text_transform=&#8220;uppercase&#8220; text_color=&#8220;color-dfgh&#8220;]FILMFEST M\u00dcNCHEN 2022[\/vc_custom_heading][vc_custom_heading heading_semantic=&#8220;h1&#8243; text_size=&#8220;h1&#8243; text_font=&#8220;font-672269&#8243; text_weight=&#8220;300&#8243; text_color=&#8220;accent&#8220; separator=&#8220;yes&#8220; separator_color=&#8220;yes&#8220; separator_double=&#8220;yes&#8220;]AUSGEZEICHNET![\/vc_custom_heading]<\/p>\n<p><strong>Gro\u00dfer Empfang am 28. Juni 2022 im Rahmen des Filmfests M\u00fcnchen: Die Drehbuchwerkstatt stellt die Stoffe aus dem 33. Jahrgang vor und verleiht unter anderem den Tankred Dorst Preis 2022! (Fotos von Simone H\u00f6rmann)<\/strong>[\/vc_column_text][\/vc_column][\/vc_row][vc_row][vc_column width=&#8220;1\/2&#8243;][vc_column_text]<\/p>\n<h1>TANKRED DORST PREIS 2022<\/h1>\n<p><strong>Nominiert waren:<\/strong><br \/>\nSonja Krajewski f\u00fcr ihr Buch &#8222;Mein Leben mit Maya&#8220;<br \/>\nNatalie Zoghbi f\u00fcr &#8222;She got to go&#8220; und<br \/>\nLisa Hofer f\u00fcr ihr Buch &#8222;Die Nachbarn&#8220;<br \/>\nWriters\u00b4Room: Stoff ERLE<br \/>\nHeadautor: Philipp Schneider,&nbsp;Autor*innen: Archana Arumainayagam, Martin Kindervater, Ines Lutz<\/p>\n<p><strong>Die Jury:<\/strong><br \/>\nSusanne Freyer (Gesch\u00e4ftsf\u00fchrerin Akzente Film &amp; Fernsehproduktion GmbH)<br \/>\nCaroline Ellert (Drehbuchautorin) und<br \/>\nMax Fey (Regisseur, Editor, Autor)<\/p>\n<p>Die Gewinnerin des Tankred Dorst Preises hei\u00dft: <strong>Natalie Zoghbi f\u00fcr das Buch &#8222;She got to go&#8220;<\/strong>! Die Drehbuchwerkstatt gratuliert herzlich![\/vc_column_text][vc_single_image media=&#8220;2044&#8243; media_lightbox=&#8220;yes&#8220; media_width_percent=&#8220;100&#8243;][\/vc_column][vc_column width=&#8220;1\/2&#8243;][vc_single_image media=&#8220;2045&#8243; media_lightbox=&#8220;yes&#8220; media_width_percent=&#8220;100&#8243;][vc_single_image media=&#8220;2043&#8243; media_lightbox=&#8220;yes&#8220; media_width_percent=&#8220;100&#8243;][\/vc_column][\/vc_row][vc_row][vc_column width=&#8220;1\/1&#8243;][vc_single_image media=&#8220;510&#8243; media_width_percent=&#8220;100&#8243;][\/vc_column][\/vc_row][vc_row][vc_column width=&#8220;1\/2&#8243;][vc_single_image media=&#8220;2042&#8243; media_lightbox=&#8220;yes&#8220; media_width_percent=&#8220;100&#8243;][vc_single_image media=&#8220;2056&#8243; media_lightbox=&#8220;yes&#8220; media_width_percent=&#8220;100&#8243;][vc_single_image media=&#8220;2040&#8243; media_lightbox=&#8220;yes&#8220; media_width_percent=&#8220;100&#8243;][\/vc_column][vc_column width=&#8220;1\/2&#8243;][vc_column_text]<\/p>\n<h1>SCRIPT TALENT AWARD 2022!<\/h1>\n<p><strong>Auch der Script Talent Award 2022 wurde verliehen &#8211; gestiftet von der FOCAL Stiftung und der Stadt Graz. Der Preis ist mit 2000 Euro dotiert und geht an eine von sechs AutorInnen aus Deutschland, der Schweiz und \u00d6sterreich, die die Drehbuchwerkstatt absolviert haben.<\/strong><\/p>\n<p>So ging der 9. Script Talent Award an:<\/p>\n<p><strong>WENN DIE TOTEN SINGEN von CLARISSA SOPHIA BRANDEIS<\/strong><\/p>\n<p>Und das sagt die Jury: Das Drehbuch \u201eWenn die Toten singen\u201c pr\u00e4sentiert einen au\u00dfergew\u00f6hnlichen Genre-Mix aus Coming-of-Age und Thriller. Dabei zeigt die Autorin Clarissa Sophia Brandeis ihr feines Gesp\u00fcr f\u00fcr die Themen einer jungen Generation und entwirft einen intelligenten Handlungsbogen, der uns bis zuletzt zu \u00fcberraschen vermag.<\/p>\n<p>Ihr gelingen \u00fcberraschende Schattierungen in der Tonalit\u00e4t, die das Buch in der Schwebe halten und auf ein d\u00fcsteres aber auch hoffnungsvolles Ende hin kulminieren lassen.<\/p>\n<p>Das handwerklich \u00e4u\u00dferst versiert geschriebene Buch besticht durch die sichere F\u00fchrung der jugendlichen Figuren. In der perspektivischen Verdichtung auf den Protagonisten f\u00e4llt es leicht, sich in die Welt fallen zu lassen, welche die Autorin kreiiert hat.<\/p>\n<p>Die Zuschauer:innen werden ebenso an das Lebensgef\u00fchl an den R\u00e4ndern einer Gro\u00dfstadt herangef\u00fchrt, als auch an die innere Empfindlichkeit eines Menschen, der durch das Herz eines anderen Ver\u00e4nderungen sp\u00fcrt, die ihm erst Angst machen, dann aber zwingen, sich mit der eigenen Identit\u00e4t auseinanderzusetzen.<\/p>\n<p>Die Dialoge sind glaubw\u00fcrdig und mit einem oftmals lakonischen Humor pr\u00e4zise gesetzt. Hier zeigt sich die seismographische Beobachtungsgabe der Autorin. Ein herausragendes Drehbuch mit einer eigenen und pers\u00f6nlichen Handschrift, das uns auf alle weiteren Arbeiten der Autorin neugierig macht.[\/vc_column_text][\/vc_column][\/vc_row][vc_row][vc_column width=&#8220;1\/1&#8243;][vc_single_image media=&#8220;510&#8243; media_width_percent=&#8220;100&#8243;][\/vc_column][\/vc_row][vc_row][vc_column width=&#8220;1\/1&#8243;][vc_single_image media=&#8220;2060&#8243; media_width_percent=&#8220;100&#8243;][vc_single_image media=&#8220;2061&#8243; media_width_percent=&#8220;100&#8243;][vc_single_image media=&#8220;2059&#8243; media_width_percent=&#8220;100&#8243;][vc_single_image media=&#8220;2069&#8243; media_width_percent=&#8220;100&#8243;][vc_single_image media=&#8220;2068&#8243; media_width_percent=&#8220;100&#8243;][\/vc_column][\/vc_row]<\/p>\n<\/div>","protected":false},"excerpt":{"rendered":"<p>Ausgezeichnet! Preisverleihung f\u00fcr den Tankred Dorst Preis und den Script Talent Award beim Filmfest M\u00fcnchen 2022!<\/p>\n","protected":false},"author":1,"featured_media":2040,"comment_status":"closed","ping_status":"closed","sticky":false,"template":"","format":"standard","meta":{"footnotes":""},"categories":[1,18,19,21,24,26,27],"tags":[29,30,35,45,83,92,104,105,106],"class_list":["post-2037","post","type-post","status-publish","format-standard","has-post-thumbnail","hentry","category-allgemein","category-schaufenster","category-schaufenster-mini","category-erfolge","category-drehbuecher","category-veranstaltungen","category-tankreddorstpreis","tag-drehbuchwerkstatt","tag-muenchen","tag-tankred-dorst","tag-drehbuch","tag-filmfest","tag-preisverleihung","tag-bayerischer-rundfunk","tag-empfang","tag-script-talent"],"_links":{"self":[{"href":"https:\/\/www.drehbuchwerkstatt.de\/relaunch\/wp-json\/wp\/v2\/posts\/2037","targetHints":{"allow":["GET"]}}],"collection":[{"href":"https:\/\/www.drehbuchwerkstatt.de\/relaunch\/wp-json\/wp\/v2\/posts"}],"about":[{"href":"https:\/\/www.drehbuchwerkstatt.de\/relaunch\/wp-json\/wp\/v2\/types\/post"}],"author":[{"embeddable":true,"href":"https:\/\/www.drehbuchwerkstatt.de\/relaunch\/wp-json\/wp\/v2\/users\/1"}],"replies":[{"embeddable":true,"href":"https:\/\/www.drehbuchwerkstatt.de\/relaunch\/wp-json\/wp\/v2\/comments?post=2037"}],"version-history":[{"count":23,"href":"https:\/\/www.drehbuchwerkstatt.de\/relaunch\/wp-json\/wp\/v2\/posts\/2037\/revisions"}],"predecessor-version":[{"id":2076,"href":"https:\/\/www.drehbuchwerkstatt.de\/relaunch\/wp-json\/wp\/v2\/posts\/2037\/revisions\/2076"}],"wp:featuredmedia":[{"embeddable":true,"href":"https:\/\/www.drehbuchwerkstatt.de\/relaunch\/wp-json\/wp\/v2\/media\/2040"}],"wp:attachment":[{"href":"https:\/\/www.drehbuchwerkstatt.de\/relaunch\/wp-json\/wp\/v2\/media?parent=2037"}],"wp:term":[{"taxonomy":"category","embeddable":true,"href":"https:\/\/www.drehbuchwerkstatt.de\/relaunch\/wp-json\/wp\/v2\/categories?post=2037"},{"taxonomy":"post_tag","embeddable":true,"href":"https:\/\/www.drehbuchwerkstatt.de\/relaunch\/wp-json\/wp\/v2\/tags?post=2037"}],"curies":[{"name":"wp","href":"https:\/\/api.w.org\/{rel}","templated":true}]}}