{"id":2016,"date":"2022-05-18T10:00:15","date_gmt":"2022-05-18T08:00:15","guid":{"rendered":"https:\/\/www.drehbuchwerkstatt.de\/relaunch\/?p=2016"},"modified":"2022-06-18T11:25:38","modified_gmt":"2022-06-18T09:25:38","slug":"audience-first","status":"publish","type":"post","link":"https:\/\/www.drehbuchwerkstatt.de\/relaunch\/2022\/05\/audience-first\/","title":{"rendered":"Audience:first &#8211; BR und Drehbuchwerkstatt suchen kreative K\u00f6pfe f\u00fcr digitale Serienformate!"},"content":{"rendered":"<div class=\"wpb-content-wrapper\"><p>[vc_row][vc_column width=&#8220;1\/1&#8243;][vc_single_image media=&#8220;2023&#8243; media_width_percent=&#8220;100&#8243;][vc_column_text][vc_custom_heading heading_semantic=&#8220;h5&#8243; text_size=&#8220;h5&#8243; text_font=&#8220;font-672269&#8243; text_weight=&#8220;300&#8243; text_transform=&#8220;uppercase&#8220; text_color=&#8220;color-dfgh&#8220;]audience:first[\/vc_custom_heading][vc_custom_heading heading_semantic=&#8220;h1&#8243; text_size=&#8220;h1&#8243; text_font=&#8220;font-672269&#8243; text_weight=&#8220;300&#8243; text_color=&#8220;accent&#8220; separator=&#8220;yes&#8220; separator_color=&#8220;yes&#8220; separator_double=&#8220;yes&#8220;]KREATIVE K\u00d6PFE GESUCHT![\/vc_custom_heading]<\/p>\n<p>&nbsp;<\/p>\n<p><b>Das audience:first lab, eine vom Bayerischen Rundfunk mit der Drehbuchwerkstatt M\u00fcnchen initiierte Talentschmiede, sucht Autorinnen und Autoren f\u00fcr zielgruppenorientierte Serienformate. Einreichfrist f\u00fcr Serienideen ist der 22. Juni 2022 (soeben verl\u00e4ngert).\u00a0Das Lab selbst findet Ende Juli in M\u00fcnchen mit Expertinnen und Experten aus der Branche statt!<\/b>[\/vc_column_text][\/vc_column][\/vc_row][vc_row][vc_column width=&#8220;1\/2&#8243;][vc_column_text]<\/p>\n<div class=\"uncoltable\">\n<div class=\"uncell no-block-padding\">\n<div class=\"uncont\">\n<div class=\"uncode_text_column\">\n<h1>audience:first!<\/h1>\n<p style=\"font-weight: 400;\"><strong>Jetzt bewerben: Kreative K\u00f6pfe f\u00fcr digitale Serienformate gesucht<\/strong><strong>!<\/strong><\/p>\n<div>\n<p class=\"copytext\">Serien sind beliebt wie nie. Jedes neue Angebot muss sich auf einem hei\u00df umk\u00e4mpften Nachfragemarkt behaupten. F\u00fcr den Erfolg guter Ideen sind Thema und Machart zwar nach wie vor notwendige Voraussetzungen, aber Qualit\u00e4t allein reicht schon lange nicht mehr aus. Wer heute Menschen erreichen will, muss sich auf genau definierte Zielgruppen und deren Bed\u00fcrfnisse fokussieren \u2013 eine knifflige Herausforderung. Der Bayerische Rundfunk hat deshalb die innovative Talentschmiede audience:first initiiert. Bei diesem Weiterbildungsangebot f\u00fcr nutzerorientierte Stoffentwicklung soll die Frage nach dem Zielpublikum ganz vorne stehen. Die Teilnehmenden schauen, welche Bev\u00f6lkerungsgruppen medial nicht hinreichend sichtbar und versorgt sind, und entwickeln auf sie zugeschnittene dokumentarische wie fiktionale Medienangebote in den Bereichen Wissen, Unterhaltung und Kultur.<\/p>\n<p>Kreative aus den Bereichen Drehbuch, Produktion oder Social Media k\u00f6nnen sich bis zum <b>22. Juni 2022 <\/b>bewerben. Gesucht werden Vorschl\u00e4ge f\u00fcr eine junge Mediathek-affine Zielgruppe in folgenden zwei Kategorien: 1. Ein Unterhaltungsformat (Factual Entertainment) 2. Ein fiktionales Comedy-Format als Near Future Comedy.<\/p>\n<p class=\"copytext\">Es gibt sechs Pl\u00e4tze f\u00fcr \u201eCreators\u201c, die federf\u00fchrend im Lab auf Basis klarer Zielgruppenvorgaben ein neues Projekt entwickeln k\u00f6nnen, und sechs weitere Pl\u00e4tze f\u00fcr \u201eContributors\u201c, die dabei eine unterst\u00fctzende Rolle spielen. Zwei bis vier weitere Pl\u00e4tze sind f\u00fcr Nachwuchstalente reserviert. Alle Teilnehmenden erlernen unter Anleitung von namhaften Expertinnen und Experten das Handwerk der zielgruppenorientierten Formatentwicklung und bekommen die M\u00f6glichkeit, sich intensiv beruflich zu vernetzen. Das Lab findet vom 25. Juli bis zum 29. Juli 2022 ganztags in M\u00fcnchen \u2013 oder, im Falle von Einschr\u00e4nkungen aufgrund von COVID-19-Ma\u00dfnahmen, in digitaler Form \u2013 statt. Das Lab schlie\u00dft am 28. Oktober 2022 mit einem Pitching vor ausgew\u00e4hlten Branchenvertretern.<\/p>\n<p class=\"copytext\">Neben der Entwicklung von Projekten dient das\u00a0audience:first lab\u00a0der Wissensvermittlung. Durch die Wahl der Stadt M\u00fcnchen als Veranstaltungsort sollen der Medienstandort Bayern und die branchen\u00fcbergreifende Vernetzung von Medienschaffenden und Nachwuchstalenten aus der Region gezielt gef\u00f6rdert werden. Eine Masterclass mit einem renommierten europ\u00e4ischen Experten \u00f6ffnet den Teilnehmenden zugleich eine internationale Perspektive.<\/p>\n<p class=\"copytext\">Das audience:first lab\u00a0ist eine Initiative von vier f\u00fchrenden bayerischen Medieninstitutionen \u2013 dem Bayerischen Rundfunk, der Drehbuchwerkstatt M\u00fcnchen, dem Seriencamp und der HFF M\u00fcnchen.<\/p>\n<\/div>\n<\/div>\n<\/div>\n<\/div>\n<\/div>\n<p>[\/vc_column_text][vc_button button_color=&#8220;accent&#8220; outline=&#8220;yes&#8220; border_width=&#8220;0&#8243; link=&#8220;url:https%3A%2F%2Fwww.br.de%2Faudiencefirst%2Fmitmachen%2Findex.html|title:Drehbuchwerkstatt%20M%C3%BCnchen%20%7C%20audience%3Afirst|target:_blank&#8220;]ZUR BEWERBUNGSSEITE VON AUDIENCE:FIRST[\/vc_button][vc_button button_color=&#8220;accent&#8220; outline=&#8220;yes&#8220; border_width=&#8220;0&#8243; link=&#8220;url:mailto%3Awebfirst_lab%40web.de|title:Drehbuchwerkstatt%20M%C3%BCnchen%20%7C%20audience%3Afirst%20%7C%20mail|target:_blank&#8220;]MAIL F\u00dcR R\u00dcCKFRAGEN: webfirst_lab@web.de[\/vc_button][\/vc_column][vc_column width=&#8220;1\/2&#8243;][vc_single_image media=&#8220;2018&#8243; media_lightbox=&#8220;yes&#8220; media_width_percent=&#8220;100&#8243;][vc_single_image media=&#8220;2024&#8243; media_lightbox=&#8220;yes&#8220; media_width_percent=&#8220;100&#8243;][vc_single_image media=&#8220;2020&#8243; media_lightbox=&#8220;yes&#8220; media_width_percent=&#8220;100&#8243;][\/vc_column][\/vc_row]<\/p>\n<\/div>","protected":false},"excerpt":{"rendered":"<p>audience:first &#8211; BR und Drehbuchwerkstatt suchen kreative K\u00f6pfe f\u00fcr digitale Serienformate!<\/p>\n","protected":false},"author":1,"featured_media":2024,"comment_status":"closed","ping_status":"closed","sticky":false,"template":"","format":"standard","meta":{"footnotes":""},"categories":[1,18,24,25],"tags":[29,30,45,96,101,102,103,104],"class_list":["post-2016","post","type-post","status-publish","format-standard","has-post-thumbnail","hentry","category-allgemein","category-schaufenster","category-drehbuecher","category-bewerbung","tag-drehbuchwerkstatt","tag-muenchen","tag-drehbuch","tag-debut","tag-serien","tag-audience","tag-first","tag-bayerischer-rundfunk"],"_links":{"self":[{"href":"https:\/\/www.drehbuchwerkstatt.de\/relaunch\/wp-json\/wp\/v2\/posts\/2016","targetHints":{"allow":["GET"]}}],"collection":[{"href":"https:\/\/www.drehbuchwerkstatt.de\/relaunch\/wp-json\/wp\/v2\/posts"}],"about":[{"href":"https:\/\/www.drehbuchwerkstatt.de\/relaunch\/wp-json\/wp\/v2\/types\/post"}],"author":[{"embeddable":true,"href":"https:\/\/www.drehbuchwerkstatt.de\/relaunch\/wp-json\/wp\/v2\/users\/1"}],"replies":[{"embeddable":true,"href":"https:\/\/www.drehbuchwerkstatt.de\/relaunch\/wp-json\/wp\/v2\/comments?post=2016"}],"version-history":[{"count":5,"href":"https:\/\/www.drehbuchwerkstatt.de\/relaunch\/wp-json\/wp\/v2\/posts\/2016\/revisions"}],"predecessor-version":[{"id":2029,"href":"https:\/\/www.drehbuchwerkstatt.de\/relaunch\/wp-json\/wp\/v2\/posts\/2016\/revisions\/2029"}],"wp:featuredmedia":[{"embeddable":true,"href":"https:\/\/www.drehbuchwerkstatt.de\/relaunch\/wp-json\/wp\/v2\/media\/2024"}],"wp:attachment":[{"href":"https:\/\/www.drehbuchwerkstatt.de\/relaunch\/wp-json\/wp\/v2\/media?parent=2016"}],"wp:term":[{"taxonomy":"category","embeddable":true,"href":"https:\/\/www.drehbuchwerkstatt.de\/relaunch\/wp-json\/wp\/v2\/categories?post=2016"},{"taxonomy":"post_tag","embeddable":true,"href":"https:\/\/www.drehbuchwerkstatt.de\/relaunch\/wp-json\/wp\/v2\/tags?post=2016"}],"curies":[{"name":"wp","href":"https:\/\/api.w.org\/{rel}","templated":true}]}}