{"id":1861,"date":"2021-11-29T22:09:12","date_gmt":"2021-11-29T21:09:12","guid":{"rendered":"https:\/\/www.drehbuchwerkstatt.de\/relaunch\/?p=1861"},"modified":"2021-11-30T08:17:08","modified_gmt":"2021-11-30T07:17:08","slug":"dok-art-2021-2022-1-intensivseminar-oktober-2021","status":"publish","type":"post","link":"https:\/\/www.drehbuchwerkstatt.de\/relaunch\/2021\/11\/dok-art-2021-2022-1-intensivseminar-oktober-2021\/","title":{"rendered":"dok.art 2021\/2022: Erstes Intensivseminar Oktober 2021"},"content":{"rendered":"<div class=\"wpb-content-wrapper\"><p>[vc_row][vc_column width=&#8220;1\/1&#8243;][vc_single_image media=&#8220;1869&#8243; media_lightbox=&#8220;yes&#8220; media_width_percent=&#8220;100&#8243;][vc_column_text][vc_custom_heading heading_semantic=&#8220;h5&#8243; text_size=&#8220;h5&#8243; text_font=&#8220;font-672269&#8243; text_weight=&#8220;300&#8243; text_transform=&#8220;uppercase&#8220; text_color=&#8220;color-dfgh&#8220;]dok.art[\/vc_custom_heading][vc_custom_heading heading_semantic=&#8220;h1&#8243; text_size=&#8220;h1&#8243; text_font=&#8220;font-672269&#8243; text_weight=&#8220;300&#8243; text_color=&#8220;accent&#8220; separator=&#8220;yes&#8220; separator_color=&#8220;yes&#8220; separator_double=&#8220;yes&#8220;]1. INTENSIVWOCHE![\/vc_custom_heading]<\/p>\n<h3><b>Erstes Intensivseminar Oktober 2021<\/b><\/h3>\n<p><strong>Im Oktober kam der neue dok.art Jahrgang (2021\/22) zur ersten Intensivwoche in Grassau zusammen. Neun spannende Projekte sind dieses Mal mit dabei \u2013 darunter auch zwei Projekte, f\u00fcr die das Betreuungsangebot verl\u00e4ngert wurde. Ein Teilnehmer konnte, wegen einer Corona-Erkrankung leider nur per Zoom teilnehmen.<\/strong>[\/vc_column_text][\/vc_column][\/vc_row][vc_row][vc_column width=&#8220;1\/2&#8243;][vc_column_text]Der Rest von uns hat sich wie immer f\u00fcr 5 Tage \u201elive\u201c in die Wolfgang Sawallisch Stiftung am idyllischen Chiemsee in Klausur begeben. Als MentorInnen waren diesmal Claudia Prietzel, Jana Cisar und Thomas Riedelsheimer dabei.<\/p>\n<p>Der Workshop fand nun zum vierten Mal statt und wieder war es eine extrem intensive, dichte und pers\u00f6nliche Erfahrung f\u00fcr die TeilnehmerInnen.<\/p>\n<blockquote><p>Was hier besprochen wird, bleibt auch hier!<\/p><\/blockquote>\n<p>Bereits beim ersten Kennenlernen entstand eine vertrauensvolle und ehrliche Atmosph\u00e4re, ganz getreu dem dok.art Motto: <strong>Was hier besprochen wird, bleibt auch hier!<\/strong><\/p>\n<p>Alle Projekte, obwohl in unterschiedlichen Stadien, haben in den 5 Tagen gro\u00dfe Fortschritte gemacht \u2013 und sei es auch eine gro\u00dfe Verunsicherung hinsichtlich des vermeintlichen Schwerpunktes des Filmprojektes. Der Tagesablauf war strukturiert, aber flexibel gestaltet, um einem Maximum an Inspiration Platz zu bieten. Im Vordergrund standen die Gespr\u00e4che \u00fcber die Projekte, ob in der Gruppe oder in der Einzelbetreuung. Alle Teilnehmer haben vorangegangene Filme oder erste Rechercheergebnisse vorgestellt. Und so wurde bis tief in die Nacht geschaut und diskutiert. M\u00f6glich ist so eine intensive Zeit nur durch die wunderbare \u201eRundumversorgung\u201c in der Stiftung, bei der sich niemand um irgendetwas k\u00fcmmern muss \u2013 au\u00dfer um seine Kreativit\u00e4t.<\/p>\n<blockquote><p>Daniel hat den TeilnehmerInnen viel Mut gemacht<\/p><\/blockquote>\n<p>Auch unsere mittlerweile schon traditionelle Wanderung auf die Chiemgau-Almen hinter dem Haus, wurde f\u00fcr Gespr\u00e4che und Beratungen genutzt. F\u00fcr einen Tag hat uns der Dozent und Leiter des Dokumentarfilmfestes M\u00fcnchen, Daniel Sponsel, besucht. Daniel ist ein gl\u00fchender Verfechter des kreativen Dokumentarfilms und hat den TeilnehmerInnen viel Mut gemacht, auch wenn die aktuelle Lage des Genres nicht \u00fcberall als rosig bezeichnet werden kann. Sein gro\u00dfes Wissen um sich ver\u00e4ndernde Anforderungen und Verwertungsstrategien, sowie um neue Erz\u00e4hlformen und Dramaturgien waren sehr bereichernd und orientierten sich immer an den TeilnehmerInnen und ihren Projekten.<\/p>\n<p>Der Reigen der Projekte reicht von Cine-Clubs in Brasilien, \u00fcber das deutsche Erbe in Namibia, die Queer-Community in Polen, Scham und sexuelle Fantasie, bis hin zu deutschen Autobahnkirchen und mehr. Besonders wertvoll war auch die Vorf\u00fchrung erster Testdrehs unserer beiden \u201everl\u00e4ngerten\u201c Projekte \u00fcber die senegalesische T\u00e4nzerin GERMAINE ACOGNY und \u00fcber eine sehr pers\u00f6nliche Familiengeschichte aus der Zeit des Nationalsozialismus, die eine wunderbar k\u00fcnstlerische Umsetzung verspricht.<\/p>\n<blockquote><p>Eine wunderbare Gemeinschaft<\/p><\/blockquote>\n<p>Auch dieses Mal ist die Idee der Vernetzung und der gegenseitigen Hilfsangebote aufgegangen. Die ehemaligen und aktuellen dok.art TeilnehmerInnen bilden eine wunderbare Gemeinschaft, die sich gegenseitig unterst\u00fctzt.<\/p>\n<p>Schlie\u00dflich haben sich alle TeilnehmerInnen noch eine\/n WunschmentorIn gew\u00e4hlt, damit auch in der Zeit bis zum n\u00e4chsten Treffen eine l\u00fcckenlose Betreuung gew\u00e4hrleistet werden kann. Gerade wenn es um Einreichungen zur Stoffentwicklung geht, hat sie sich das sehr bew\u00e4hrt.<\/p>\n<p>Zusammenfassend kann man sagen.: dok.art w\u00e4chst und gedeiht und ist dabei, sich einen wichtigen und unersetzbaren Platz in der Dokumentarfilmszene zu schaffen.<\/p>\n<p><strong>November 2021 | Thomas Riedelsheimer<\/strong>[\/vc_column_text][\/vc_column][vc_column width=&#8220;1\/2&#8243;][vc_single_image media=&#8220;1865&#8243; media_lightbox=&#8220;yes&#8220; media_width_percent=&#8220;100&#8243;][vc_single_image media=&#8220;1863&#8243; media_lightbox=&#8220;yes&#8220; media_width_percent=&#8220;100&#8243;][vc_single_image media=&#8220;1866&#8243; media_lightbox=&#8220;yes&#8220; media_width_percent=&#8220;100&#8243;][vc_single_image media=&#8220;1867&#8243; media_lightbox=&#8220;yes&#8220; media_width_percent=&#8220;100&#8243;][vc_single_image media=&#8220;1864&#8243; media_lightbox=&#8220;yes&#8220; media_width_percent=&#8220;100&#8243;][\/vc_column][\/vc_row]<\/p>\n<\/div>","protected":false},"excerpt":{"rendered":"<p>Im Oktober 2021 kam der neue dok.art Jahrgang (2021\/22) zur ersten Intensivwoche in Grassau zusammen. Neun spannende Projekte sind dieses Mal mit dabei!<\/p>\n","protected":false},"author":1,"featured_media":1864,"comment_status":"open","ping_status":"open","sticky":false,"template":"","format":"standard","meta":{"footnotes":""},"categories":[1,18,76],"tags":[29,30,45,77,89,90],"class_list":["post-1861","post","type-post","status-publish","format-standard","has-post-thumbnail","hentry","category-allgemein","category-schaufenster","category-dok-art","tag-drehbuchwerkstatt","tag-muenchen","tag-drehbuch","tag-dok-art","tag-seminar","tag-grassau"],"_links":{"self":[{"href":"https:\/\/www.drehbuchwerkstatt.de\/relaunch\/wp-json\/wp\/v2\/posts\/1861","targetHints":{"allow":["GET"]}}],"collection":[{"href":"https:\/\/www.drehbuchwerkstatt.de\/relaunch\/wp-json\/wp\/v2\/posts"}],"about":[{"href":"https:\/\/www.drehbuchwerkstatt.de\/relaunch\/wp-json\/wp\/v2\/types\/post"}],"author":[{"embeddable":true,"href":"https:\/\/www.drehbuchwerkstatt.de\/relaunch\/wp-json\/wp\/v2\/users\/1"}],"replies":[{"embeddable":true,"href":"https:\/\/www.drehbuchwerkstatt.de\/relaunch\/wp-json\/wp\/v2\/comments?post=1861"}],"version-history":[{"count":7,"href":"https:\/\/www.drehbuchwerkstatt.de\/relaunch\/wp-json\/wp\/v2\/posts\/1861\/revisions"}],"predecessor-version":[{"id":1874,"href":"https:\/\/www.drehbuchwerkstatt.de\/relaunch\/wp-json\/wp\/v2\/posts\/1861\/revisions\/1874"}],"wp:featuredmedia":[{"embeddable":true,"href":"https:\/\/www.drehbuchwerkstatt.de\/relaunch\/wp-json\/wp\/v2\/media\/1864"}],"wp:attachment":[{"href":"https:\/\/www.drehbuchwerkstatt.de\/relaunch\/wp-json\/wp\/v2\/media?parent=1861"}],"wp:term":[{"taxonomy":"category","embeddable":true,"href":"https:\/\/www.drehbuchwerkstatt.de\/relaunch\/wp-json\/wp\/v2\/categories?post=1861"},{"taxonomy":"post_tag","embeddable":true,"href":"https:\/\/www.drehbuchwerkstatt.de\/relaunch\/wp-json\/wp\/v2\/tags?post=1861"}],"curies":[{"name":"wp","href":"https:\/\/api.w.org\/{rel}","templated":true}]}}