{"id":1835,"date":"2021-10-24T17:48:37","date_gmt":"2021-10-24T15:48:37","guid":{"rendered":"https:\/\/www.drehbuchwerkstatt.de\/relaunch\/?p=1835"},"modified":"2021-10-25T11:26:53","modified_gmt":"2021-10-25T09:26:53","slug":"hoferfilmtage2021","status":"publish","type":"post","link":"https:\/\/www.drehbuchwerkstatt.de\/relaunch\/2021\/10\/hoferfilmtage2021\/","title":{"rendered":"Hofer Filmtage 2021: Drehb\u00fccher aus M\u00fcnchen!"},"content":{"rendered":"<div class=\"wpb-content-wrapper\"><p>[vc_row][vc_column width=&#8220;1\/1&#8243;][vc_column_text][vc_custom_heading heading_semantic=&#8220;h5&#8243; text_size=&#8220;h5&#8243; text_font=&#8220;font-672269&#8243; text_weight=&#8220;300&#8243; text_transform=&#8220;uppercase&#8220; text_color=&#8220;color-dfgh&#8220;]ERFOLGE[\/vc_custom_heading][vc_custom_heading heading_semantic=&#8220;h1&#8243; text_size=&#8220;h1&#8243; text_font=&#8220;font-672269&#8243; text_weight=&#8220;300&#8243; text_color=&#8220;accent&#8220; separator=&#8220;yes&#8220; separator_color=&#8220;yes&#8220; separator_double=&#8220;yes&#8220;]HOFER FILMTAGE 2021: Unsere Drehb\u00fccher am Start![\/vc_custom_heading]<\/p>\n<h3>Die Hofer Filmtage mit Stoffen aus der Drehbuchwerkstatt!<\/h3>\n<p><strong>Und wieder darf sich die Drehbuchwerkstatt M\u00fcnchen freuen: Auf den Hofer Filmtagen 2021 sind einige Filme von AbsolventInnen zu sehen! Insgesamt sechs Produktionen tragen die Handschrift der Drehbuchwerkstatt!<\/strong>[\/vc_column_text][\/vc_column][\/vc_row][vc_row][vc_column width=&#8220;1\/2&#8243;][vc_column_text]Am Dienstag, 26. Oktober er\u00f6ffnen die 55. Internationalen Hofer Filmtage mit DAS SCHWARZE QUADRAT von Peter Meister. Peter Meister begann mit dem Drehbuch in seinem Drehbuchwerkstatt Jahr 2017\/2018 und wurde mit dem Tankred Dorst Preis f\u00fcr sein Buch 2018 im Rahmen der Abschlusspr\u00e4sentation der Drehbuchwerkstatt M\u00fcnchen beim Filmfest M\u00fcnchen 2018 ausgezeichnet.<\/p>\n<p>Es sind noch weitere Filme von Absolvent*innen der Drehbuchwerkstatt M\u00fcnchen in Hof zu sehen. Bei zwei weiteren begann die Entwicklung der Drehb\u00fccher auch in der Drehbuchwerkstatt: Max Fey mit ZWISCHEN UNS in seinem DW-Jahr 2015\/16 und Niccol\u00f2 Castelli 2013\/14 mit ATLAS. Alisa Kolosova ist aktuell Teilnehmerin der 33. Drehbuchwerkstatt und in Hof ist ihr Abschlussfilm an der ifs zu sehen.<\/p>\n<p>Fr\u00e9d\u00e9ric Hambalek zeigt in Hof seine erste Regiearbeit MODELL OLIMPIA. Er schrieb auch das Drehbuch und Constantin Lieb (26. DW 2014\/15) ist Co-Autor bei Kida Khodr Ramadans Film \u00c9GALIT\u00c9.[\/vc_column_text][vc_column_text]<\/p>\n<h3>DAS SCHWARZE QUADRAT &#8211; Er\u00f6ffnungsfilm<\/h3>\n<p>Drehbuch und Regie: Peter Meister &#8211; 29. DW 2017\/2018<\/p>\n<h3>ZWISCHEN UNS<\/h3>\n<p>Drehbuch: Max Fey und Michael Gutmann; Regie: Max Fey &#8211; 27. DW 2015\/2016<\/p>\n<h3>ATLAS<\/h3>\n<p>Drehbuch: Niccol\u00f2 Castelli und Stefano Pasetto; Regie: Niccol\u00f2 Castelli &#8211; 25. DW 2013\/2014<\/p>\n<h3>CHARLY<\/h3>\n<p>Drehbuch: Zoe Hagen; Regie: Alisa Kolosova (Abschlussfilm ifs K\u00f6ln) &#8211; 33. DW 2021\/2022<\/p>\n<h3>MODELL OLIMPIA<\/h3>\n<p>Drehbuch und Regie: Fr\u00e9d\u00e9ric Hambalek &#8211; 27. DW 2015\/2016<\/p>\n<h3>\u00c9GALIT\u00c9<\/h3>\n<p>Drehbuch: Constantin Lieb (26. DW 2014\/2015) und Kida Khodr Ramadan, Regie: Kida Khodr Ramadan[\/vc_column_text][vc_column_text]<\/p>\n<hr \/>\n<p>Bildnachweis: Plakat &#8222;Das schwarze Quadrat&#8220; \u00a9 Port au Prince Pictures GmbH, Plakat &#8222;Zwischen uns&#8220;\u00a0\u00a9 Pssst! Film, Plakat &#8222;Atlas&#8220;\u00a0\u00a9 Imaco Film, Plakat &#8222;Modell Olimpia&#8220;\u00a0\u00a9 Hambalek[\/vc_column_text][\/vc_column][vc_column width=&#8220;1\/2&#8243;][vc_single_image media=&#8220;1843&#8243; media_lightbox=&#8220;yes&#8220; media_width_percent=&#8220;100&#8243;][vc_single_image media=&#8220;1846&#8243; media_lightbox=&#8220;yes&#8220; media_width_percent=&#8220;100&#8243;][vc_single_image media=&#8220;1842&#8243; media_lightbox=&#8220;yes&#8220; media_width_percent=&#8220;100&#8243;][vc_single_image media=&#8220;1845&#8243; media_lightbox=&#8220;yes&#8220; media_width_percent=&#8220;100&#8243;][\/vc_column][\/vc_row]<\/p>\n<\/div>","protected":false},"excerpt":{"rendered":"<p>Hofer Filmtage 2021: Mit AbsolventInnen aus der Drehbuchwerkstatt M\u00fcnchen &#8211; auch der Er\u00f6ffnungsfilm stammt von einem Teilnehmer.<\/p>\n","protected":false},"author":1,"featured_media":1844,"comment_status":"open","ping_status":"open","sticky":false,"template":"","format":"standard","meta":{"footnotes":""},"categories":[1,18,20,21,24],"tags":[29,30,41,80,82,83,84],"class_list":["post-1835","post","type-post","status-publish","format-standard","has-post-thumbnail","hentry","category-allgemein","category-schaufenster","category-absolventinnen","category-erfolge","category-drehbuecher","tag-drehbuchwerkstatt","tag-muenchen","tag-kinostart","tag-kino","tag-hof","tag-filmfest","tag-84"],"_links":{"self":[{"href":"https:\/\/www.drehbuchwerkstatt.de\/relaunch\/wp-json\/wp\/v2\/posts\/1835","targetHints":{"allow":["GET"]}}],"collection":[{"href":"https:\/\/www.drehbuchwerkstatt.de\/relaunch\/wp-json\/wp\/v2\/posts"}],"about":[{"href":"https:\/\/www.drehbuchwerkstatt.de\/relaunch\/wp-json\/wp\/v2\/types\/post"}],"author":[{"embeddable":true,"href":"https:\/\/www.drehbuchwerkstatt.de\/relaunch\/wp-json\/wp\/v2\/users\/1"}],"replies":[{"embeddable":true,"href":"https:\/\/www.drehbuchwerkstatt.de\/relaunch\/wp-json\/wp\/v2\/comments?post=1835"}],"version-history":[{"count":9,"href":"https:\/\/www.drehbuchwerkstatt.de\/relaunch\/wp-json\/wp\/v2\/posts\/1835\/revisions"}],"predecessor-version":[{"id":1849,"href":"https:\/\/www.drehbuchwerkstatt.de\/relaunch\/wp-json\/wp\/v2\/posts\/1835\/revisions\/1849"}],"wp:featuredmedia":[{"embeddable":true,"href":"https:\/\/www.drehbuchwerkstatt.de\/relaunch\/wp-json\/wp\/v2\/media\/1844"}],"wp:attachment":[{"href":"https:\/\/www.drehbuchwerkstatt.de\/relaunch\/wp-json\/wp\/v2\/media?parent=1835"}],"wp:term":[{"taxonomy":"category","embeddable":true,"href":"https:\/\/www.drehbuchwerkstatt.de\/relaunch\/wp-json\/wp\/v2\/categories?post=1835"},{"taxonomy":"post_tag","embeddable":true,"href":"https:\/\/www.drehbuchwerkstatt.de\/relaunch\/wp-json\/wp\/v2\/tags?post=1835"}],"curies":[{"name":"wp","href":"https:\/\/api.w.org\/{rel}","templated":true}]}}