{"id":1587,"date":"2021-03-21T17:59:15","date_gmt":"2021-03-21T16:59:15","guid":{"rendered":"https:\/\/www.drehbuchwerkstatt.de\/relaunch\/?p=1587"},"modified":"2021-03-21T18:04:52","modified_gmt":"2021-03-21T17:04:52","slug":"dok-art-in-der-halbzeit","status":"publish","type":"post","link":"https:\/\/www.drehbuchwerkstatt.de\/relaunch\/2021\/03\/dok-art-in-der-halbzeit\/","title":{"rendered":"dok.art in der Halbzeit"},"content":{"rendered":"<div class=\"wpb-content-wrapper\"><p>[vc_row][vc_column width=&#8220;1\/1&#8243;][vc_column_text][vc_custom_heading heading_semantic=&#8220;h5&#8243; text_size=&#8220;h5&#8243; text_font=&#8220;font-672269&#8243; text_weight=&#8220;300&#8243; text_transform=&#8220;uppercase&#8220; text_color=&#8220;color-dfgh&#8220;]dok.art[\/vc_custom_heading][vc_custom_heading heading_semantic=&#8220;h1&#8243; text_size=&#8220;h1&#8243; text_font=&#8220;font-672269&#8243; text_weight=&#8220;300&#8243; text_color=&#8220;accent&#8220; separator=&#8220;yes&#8220; separator_color=&#8220;yes&#8220; separator_double=&#8220;yes&#8220;]EINE ZWISCHENBILANZ[\/vc_custom_heading]<\/p>\n<h3><b>Dok.art in der Halbzeit<\/b><\/h3>\n<p><b>dok.art, das neue Entwicklungsprogramm der Drehbuchwerkstatt f\u00fcr non-fiktionale Stoffe, kann eine positive Zwischenbilanz vermelden. Die 9 aufgenommenen Projekte haben einen guten Schritt nach vorne gemacht und sind teilweise bereits mit Entwicklungsf\u00f6rderungen ausgestattet. Neue Bewerbungen f\u00fcr das Programm sind ab 1. Mai m\u00f6glich.<\/b>[\/vc_column_text][\/vc_column][\/vc_row][vc_row][vc_column width=&#8220;1\/2&#8243;][vc_column_text]Wir freuen uns mit Laurentia Genske, Jule Cramer, Laura Reichwald und Greta-Marie Becker, die f\u00fcr ihre Dokumentarfilmprojekte Entwicklungsf\u00f6rderungen von der NRW Filmstiftung und der MdM bekommen haben.<\/p>\n<p>Laura hat zudem f\u00fcr ihren Vorg\u00e4ngerfilm \u201eStollen\u201c den Max-Oph\u00fcls Dokumentarfilmpreis bekommen, Jule ist als Kamerafrau mit \u201eSpur der B\u00e4ren\u201c auf der Berlinale 2021\u00a0vertreten<span lang=\"DE\">,<\/span>\u00a0Lena Ditte Nissen hat in Vorbereitung zu ihrem Projekt \u201eReflective Alliance\u201c \u00fcber die dritte Generation mit \u201eNazihintergrund\u201c eine Kunstperformance mit Diskussion in Berlin realisiert und Manuela Bastian wird neben ihrer Arbeit am Dokumentarfilmprojekt \u201eStadt der Blumen\u201c<span lang=\"DE\">,<\/span>\u00a0Ende April ihr NRW gef\u00f6rdertes Spielfilmdrehbuch \u201eShadow by Shadow\u201c fertigstellen.<\/p>\n<p>Alle eingereichten Projekte haben entscheidende Fortschritte oder Wendungen hingelegt und wir freuen uns auf die n\u00e4chsten Betreuungstermine und nat\u00fcrlich speziell auf die n\u00e4chste Intensivwoche.[\/vc_column_text][\/vc_column][vc_column width=&#8220;1\/2&#8243;][vc_single_image media=&#8220;1592&#8243; media_lightbox=&#8220;yes&#8220; media_width_percent=&#8220;100&#8243;][vc_column_text]<\/p>\n<hr \/>\n<p>Mehr \u00fcber dok.art gibt es <a href=\"https:\/\/www.drehbuchwerkstatt.de\/relaunch\/drehbuchwerkstatt-muenchen-ueber-uns\/\">hier zu lesen<\/a>![\/vc_column_text][\/vc_column][\/vc_row]<\/p>\n<\/div>","protected":false},"excerpt":{"rendered":"<p>dok.art, das neue Entwicklungsprogramm der Drehbuchwerkstatt f\u00fcr non-fiktionale Stoffe, kann eine positive Zwischenbilanz vermelden. Die 9 aufgenommenen Projekte haben einen guten Schritt nach vorne gemacht und sind teilweise bereits mit Entwicklungsf\u00f6rderungen ausgestattet. Neue Bewerbungen f\u00fcr das Programm sind ab 1. Mai m\u00f6glich.<\/p>\n","protected":false},"author":1,"featured_media":1592,"comment_status":"open","ping_status":"open","sticky":false,"template":"","format":"standard","meta":{"footnotes":""},"categories":[1,18,21,76],"tags":[29,30,70,71,77],"class_list":["post-1587","post","type-post","status-publish","format-standard","has-post-thumbnail","hentry","category-allgemein","category-schaufenster","category-erfolge","category-dok-art","tag-drehbuchwerkstatt","tag-muenchen","tag-film","tag-fernsehen","tag-dok-art"],"_links":{"self":[{"href":"https:\/\/www.drehbuchwerkstatt.de\/relaunch\/wp-json\/wp\/v2\/posts\/1587","targetHints":{"allow":["GET"]}}],"collection":[{"href":"https:\/\/www.drehbuchwerkstatt.de\/relaunch\/wp-json\/wp\/v2\/posts"}],"about":[{"href":"https:\/\/www.drehbuchwerkstatt.de\/relaunch\/wp-json\/wp\/v2\/types\/post"}],"author":[{"embeddable":true,"href":"https:\/\/www.drehbuchwerkstatt.de\/relaunch\/wp-json\/wp\/v2\/users\/1"}],"replies":[{"embeddable":true,"href":"https:\/\/www.drehbuchwerkstatt.de\/relaunch\/wp-json\/wp\/v2\/comments?post=1587"}],"version-history":[{"count":5,"href":"https:\/\/www.drehbuchwerkstatt.de\/relaunch\/wp-json\/wp\/v2\/posts\/1587\/revisions"}],"predecessor-version":[{"id":1594,"href":"https:\/\/www.drehbuchwerkstatt.de\/relaunch\/wp-json\/wp\/v2\/posts\/1587\/revisions\/1594"}],"wp:featuredmedia":[{"embeddable":true,"href":"https:\/\/www.drehbuchwerkstatt.de\/relaunch\/wp-json\/wp\/v2\/media\/1592"}],"wp:attachment":[{"href":"https:\/\/www.drehbuchwerkstatt.de\/relaunch\/wp-json\/wp\/v2\/media?parent=1587"}],"wp:term":[{"taxonomy":"category","embeddable":true,"href":"https:\/\/www.drehbuchwerkstatt.de\/relaunch\/wp-json\/wp\/v2\/categories?post=1587"},{"taxonomy":"post_tag","embeddable":true,"href":"https:\/\/www.drehbuchwerkstatt.de\/relaunch\/wp-json\/wp\/v2\/tags?post=1587"}],"curies":[{"name":"wp","href":"https:\/\/api.w.org\/{rel}","templated":true}]}}